{"id":24734,"date":"2020-12-28T22:41:04","date_gmt":"2020-12-28T18:41:04","guid":{"rendered":"https:\/\/fedai.az\/?p=24734"},"modified":"2020-12-28T22:41:06","modified_gmt":"2020-12-28T18:41:06","slug":"mudafi%c9%99-nazirliyi-yeni-s%c9%99hid-siyahisini-t%c9%99qdim-etdi","status":"publish","type":"post","link":"https:\/\/fedai.az\/?p=24734","title":{"rendered":"M\u00fcdafi\u0259 Nazirliyi yeni \u015f\u0259hid siyah\u0131s\u0131n\u0131 t\u0259qdim etdi"},"content":{"rendered":"\n<p><strong>M\u00fcdafi\u0259 Nazirliyi\u00a0 yeni\u00a0 \u015f\u0259hid\u00a0 siyah\u0131s\u0131\u00a0 t\u0259qdim\u00a0 etdi.<\/strong><\/p>\n\n\n\n<p>M\u00fcdafi\u0259 Nazirliyi \u015f\u0259hidl\u0259rl\u0259 ba\u011fl\u0131 n\u00f6vb\u0259ti m\u0259lumat\u0131 a\u00e7\u0131qlay\u0131b.<\/p>\n\n\n\n<p>Nazirlikd\u0259n\u00a0 veril\u0259n m\u0259lumata g\u00f6r\u0259, Az\u0259rbaycan Respublikas\u0131 Silahl\u0131 Q\u00fcvv\u0259l\u0259rinin V\u0259t\u0259n m\u00fcharib\u0259sind\u0259 \u015f\u0259hid olmu\u015f h\u0259rbi qulluq\u00e7ular\u0131ndan dekabr\u0131n 28-d\u0259k d\u0259fn edil\u0259n<strong> 2823<\/strong> n\u0259f\u0259rin foto \u015f\u0259kill\u0259ri, adlar\u0131, soyadlar\u0131, h\u0259rbi r\u00fctb\u0259si v\u0259 do\u011fum tarixi haqq\u0131nda m\u0259lumat t\u0259qdim olunur.<\/p>\n\n\n\n<p>Qeyd ed\u0259k ki, haz\u0131rda itkin d\u00fc\u015fm\u00fc\u015f hesab olunan 30-dan art\u0131q h\u0259rbi qulluq\u00e7unun tap\u0131lmas\u0131 v\u0259 \u015f\u0259xsiyy\u0259ti m\u00fc\u0259yy\u0259n olunmayan 50-d\u0259n art\u0131q \u015f\u0259xsin is\u0259 identifikasiyas\u0131 \u00fczr\u0259 i\u015fl\u0259r davam etdirilir.<\/p>\n\n\n\n<p><strong>Allah b\u00fct\u00fcn \u015f\u0259hidl\u0259rimiz\u0259 r\u0259hm\u0259t el\u0259sin!<\/strong><\/p>\n","protected":false},"excerpt":{"rendered":"<p>M\u00fcdafi\u0259 Nazirliyi\u00a0 yeni\u00a0 \u015f\u0259hid\u00a0 siyah\u0131s\u0131\u00a0 t\u0259qdim\u00a0 etdi. M\u00fcdafi\u0259 Nazirliyi \u015f\u0259hidl\u0259rl\u0259 ba\u011fl\u0131 n\u00f6vb\u0259ti m\u0259lumat\u0131 a\u00e7\u0131qlay\u0131b. Nazirlikd\u0259n\u00a0 veril\u0259n m\u0259lumata g\u00f6r\u0259, Az\u0259rbaycan Respublikas\u0131 Silahl\u0131 Q\u00fcvv\u0259l\u0259rinin V\u0259t\u0259n m\u00fcharib\u0259sind\u0259<\/p>\n","protected":false},"author":2,"featured_media":24735,"comment_status":"closed","ping_status":"closed","sticky":false,"template":"","format":"standard","meta":{"footnotes":""},"categories":[3],"tags":[],"class_list":["post-24734","post","type-post","status-publish","format-standard","has-post-thumbnail","hentry","category-gundm"],"aioseo_notices":[],"_links":{"self":[{"href":"https:\/\/fedai.az\/index.php?rest_route=\/wp\/v2\/posts\/24734","targetHints":{"allow":["GET"]}}],"collection":[{"href":"https:\/\/fedai.az\/index.php?rest_route=\/wp\/v2\/posts"}],"about":[{"href":"https:\/\/fedai.az\/index.php?rest_route=\/wp\/v2\/types\/post"}],"author":[{"embeddable":true,"href":"https:\/\/fedai.az\/index.php?rest_route=\/wp\/v2\/users\/2"}],"replies":[{"embeddable":true,"href":"https:\/\/fedai.az\/index.php?rest_route=%2Fwp%2Fv2%2Fcomments&post=24734"}],"version-history":[{"count":1,"href":"https:\/\/fedai.az\/index.php?rest_route=\/wp\/v2\/posts\/24734\/revisions"}],"predecessor-version":[{"id":24736,"href":"https:\/\/fedai.az\/index.php?rest_route=\/wp\/v2\/posts\/24734\/revisions\/24736"}],"wp:featuredmedia":[{"embeddable":true,"href":"https:\/\/fedai.az\/index.php?rest_route=\/wp\/v2\/media\/24735"}],"wp:attachment":[{"href":"https:\/\/fedai.az\/index.php?rest_route=%2Fwp%2Fv2%2Fmedia&parent=24734"}],"wp:term":[{"taxonomy":"category","embeddable":true,"href":"https:\/\/fedai.az\/index.php?rest_route=%2Fwp%2Fv2%2Fcategories&post=24734"},{"taxonomy":"post_tag","embeddable":true,"href":"https:\/\/fedai.az\/index.php?rest_route=%2Fwp%2Fv2%2Ftags&post=24734"}],"curies":[{"name":"wp","href":"https:\/\/api.w.org\/{rel}","templated":true}]}}