{"id":24740,"date":"2020-12-29T00:00:40","date_gmt":"2020-12-28T20:00:40","guid":{"rendered":"https:\/\/fedai.az\/?p=24740"},"modified":"2020-12-29T14:54:40","modified_gmt":"2020-12-29T10:54:40","slug":"vazgen-sarkisyanin-susa-icra-hakimiyy%c9%99tinin-qarsisindaki-heyk%c9%99li-sokuldu-foto","status":"publish","type":"post","link":"https:\/\/fedai.az\/?p=24740","title":{"rendered":"Vazgen Sarkisyan\u0131n \u015eu\u015fa \u0130cra Hakimiyy\u0259tinin qar\u015f\u0131s\u0131ndak\u0131 heyk\u0259li s\u00f6k\u00fcld\u00fc &#8212; FOTO"},"content":{"rendered":"\n<p><strong>1992-ci ild\u0259 \u015eu\u015fan\u0131n i\u015f\u011fal olunmas\u0131na r\u0259hb\u0259rlik ed\u0259n terror\u00e7ulardan biri \u2013 Erm\u0259nistan\u0131n sabiq ba\u015f naziri Vazgen Sarkisyan\u0131n \u015eu\u015fa \u015f\u0259h\u0259r \u0130cra Hakimiyy\u0259tinin binas\u0131 qar\u015f\u0131s\u0131nda qoyulan heyk\u0259li s\u00f6k\u00fcl\u00fcb.<\/strong><\/p>\n\n\n\n<p><br>Yeniavaz.com x\u0259b\u0259r verir ki, Vazgen Sarkisyan \u015eu\u015fan\u0131n i\u015f\u011fal\u0131 il\u0259 b\u0259rab\u0259r Xocal\u0131da dinc az\u0259rbaycanl\u0131lara qar\u015f\u0131 t\u00f6r\u0259dil\u0259n v\u0259\u015fhilikl\u0259rin \u0259sas i\u015ftirak\u00e7\u0131s\u0131 olub.<br>Erm\u0259nistan\u0131n ilk m\u00fcdafi\u0259 naziri olan Vazgen Sarkisyan m\u00fcharib\u0259d\u0259n sonra da &#8212; 1995-99-cu ill\u0259rd\u0259 yenid\u0259n Erm\u0259nistan\u0131n m\u00fcdafi\u0259 naziri olub. 1999-cu ild\u0259 Erm\u0259nistan\u0131n ba\u015f naziri v\u0259zif\u0259sin\u0259 t\u0259yin edilib. 1999-cu il oktyabr\u0131n 27-d\u0259 Erm\u0259nistan parlamentinin g\u00fcll\u0259baran edilm\u0259si zaman\u0131 \u00f6ld\u00fcr\u00fcl\u00fcb.<\/p>\n\n\n\n<p><br>Qeyd ed\u0259k ki, bu ilin may ay\u0131n\u0131n 9-da Erm\u0259nistan\u0131n ba\u015f naziri Nikol Pa\u015finyan \u015eu\u015faya s\u0259f\u0259ri zaman\u0131 Vazgen Sarkisyan\u0131n heyk\u0259lini d\u0259 ziyar\u0259t etmi\u015fdi.(<a href=\"https:\/\/azerforum.com\/az\/azerforum\">AzerForum<\/a>)<\/p>\n\n\n\n<figure class=\"wp-block-gallery columns-2 is-cropped wp-block-gallery-1 is-layout-flex wp-block-gallery-is-layout-flex\"><ul class=\"blocks-gallery-grid\"><li class=\"blocks-gallery-item\"><figure><img loading=\"lazy\" decoding=\"async\" width=\"700\" height=\"460\" src=\"https:\/\/fedai.az\/wp-content\/uploads\/2020\/12\/118385.jpg\" alt=\"\" data-id=\"24741\" data-link=\"https:\/\/fedai.az\/?attachment_id=24741\" class=\"wp-image-24741\" srcset=\"https:\/\/fedai.az\/wp-content\/uploads\/2020\/12\/118385.jpg 700w, https:\/\/fedai.az\/wp-content\/uploads\/2020\/12\/118385-300x197.jpg 300w, https:\/\/fedai.az\/wp-content\/uploads\/2020\/12\/118385-150x99.jpg 150w\" sizes=\"auto, (max-width: 700px) 100vw, 700px\" \/><\/figure><\/li><li class=\"blocks-gallery-item\"><figure><img loading=\"lazy\" decoding=\"async\" width=\"500\" height=\"700\" src=\"https:\/\/fedai.az\/wp-content\/uploads\/2020\/12\/118387.jpg\" alt=\"\" data-id=\"24742\" data-full-url=\"https:\/\/fedai.az\/wp-content\/uploads\/2020\/12\/118387.jpg\" data-link=\"https:\/\/fedai.az\/?attachment_id=24742\" class=\"wp-image-24742\" srcset=\"https:\/\/fedai.az\/wp-content\/uploads\/2020\/12\/118387.jpg 500w, https:\/\/fedai.az\/wp-content\/uploads\/2020\/12\/118387-214x300.jpg 214w, https:\/\/fedai.az\/wp-content\/uploads\/2020\/12\/118387-107x150.jpg 107w\" sizes=\"auto, (max-width: 500px) 100vw, 500px\" \/><\/figure><\/li><\/ul><\/figure>\n","protected":false},"excerpt":{"rendered":"<p>1992-ci ild\u0259 \u015eu\u015fan\u0131n i\u015f\u011fal olunmas\u0131na r\u0259hb\u0259rlik ed\u0259n terror\u00e7ulardan biri \u2013 Erm\u0259nistan\u0131n sabiq ba\u015f naziri Vazgen Sarkisyan\u0131n \u015eu\u015fa \u015f\u0259h\u0259r \u0130cra Hakimiyy\u0259tinin binas\u0131 qar\u015f\u0131s\u0131nda qoyulan heyk\u0259li<\/p>\n","protected":false},"author":2,"featured_media":24743,"comment_status":"closed","ping_status":"closed","sticky":false,"template":"","format":"standard","meta":{"footnotes":""},"categories":[4],"tags":[],"class_list":["post-24740","post","type-post","status-publish","format-standard","has-post-thumbnail","hentry","category-qarabag"],"aioseo_notices":[],"_links":{"self":[{"href":"https:\/\/fedai.az\/index.php?rest_route=\/wp\/v2\/posts\/24740","targetHints":{"allow":["GET"]}}],"collection":[{"href":"https:\/\/fedai.az\/index.php?rest_route=\/wp\/v2\/posts"}],"about":[{"href":"https:\/\/fedai.az\/index.php?rest_route=\/wp\/v2\/types\/post"}],"author":[{"embeddable":true,"href":"https:\/\/fedai.az\/index.php?rest_route=\/wp\/v2\/users\/2"}],"replies":[{"embeddable":true,"href":"https:\/\/fedai.az\/index.php?rest_route=%2Fwp%2Fv2%2Fcomments&post=24740"}],"version-history":[{"count":2,"href":"https:\/\/fedai.az\/index.php?rest_route=\/wp\/v2\/posts\/24740\/revisions"}],"predecessor-version":[{"id":24803,"href":"https:\/\/fedai.az\/index.php?rest_route=\/wp\/v2\/posts\/24740\/revisions\/24803"}],"wp:featuredmedia":[{"embeddable":true,"href":"https:\/\/fedai.az\/index.php?rest_route=\/wp\/v2\/media\/24743"}],"wp:attachment":[{"href":"https:\/\/fedai.az\/index.php?rest_route=%2Fwp%2Fv2%2Fmedia&parent=24740"}],"wp:term":[{"taxonomy":"category","embeddable":true,"href":"https:\/\/fedai.az\/index.php?rest_route=%2Fwp%2Fv2%2Fcategories&post=24740"},{"taxonomy":"post_tag","embeddable":true,"href":"https:\/\/fedai.az\/index.php?rest_route=%2Fwp%2Fv2%2Ftags&post=24740"}],"curies":[{"name":"wp","href":"https:\/\/api.w.org\/{rel}","templated":true}]}}