{"id":24748,"date":"2020-12-29T00:14:00","date_gmt":"2020-12-28T20:14:00","guid":{"rendered":"https:\/\/fedai.az\/?p=24748"},"modified":"2020-12-29T00:14:03","modified_gmt":"2020-12-28T20:14:03","slug":"turkiy%c9%99-il%c9%99-boyuk-britaniya-arasinda-s%c9%99rb%c9%99st-ticar%c9%99t-sazisi-imzalanacaq","status":"publish","type":"post","link":"https:\/\/fedai.az\/?p=24748","title":{"rendered":"T\u00fcrkiy\u0259 il\u0259 B\u00f6y\u00fck Britaniya aras\u0131nda s\u0259rb\u0259st ticar\u0259t sazi\u015fi imzalanacaq"},"content":{"rendered":"\n<p><strong>\u201cBloomberg\u201d\u0259 istinad\u0259n x\u0259b\u0259r verir ki, bu bar\u0259d\u0259 T\u00fcrkiy\u0259 prezidenti R\u0259c\u0259b Tayyib \u018frdo\u011fan h\u00f6kum\u0259tin iclas\u0131ndan sonra a\u00e7\u0131qlama verib.<\/strong><\/p>\n\n\n\n<p><em><strong>D\u00f6vl\u0259t ba\u015f\u00e7\u0131s\u0131 imzalanacaq sazi\u015fin G\u00f6mr\u00fck Birliyi sazi\u015find\u0259n sonra \u0259n m\u00fch\u00fcm s\u0259n\u0259d olaca\u011f\u0131n\u0131 qeyd edib:<\/strong><\/em><\/p>\n\n\n\n<p>\u201cDekabr\u0131n 25-n\u0259 olan v\u0259ziyy\u0259t\u0259 g\u00f6r\u0259, ixracat\u0131m\u0131z 2020-ci ilin yekun h\u0259d\u0259fl\u0259rimizi \u00fcst\u0259l\u0259y\u0259r\u0259k 166 milyard AB\u015e dollar\u0131na \u00e7at\u0131b. 2021-ci ild\u0259n h\u0259m T\u00fcrkiy\u0259nin, h\u0259m d\u0259 B\u00f6y\u00fck Britaniyan\u0131n qazanaca\u011f\u0131 yeni bir d\u00f6vr ba\u015flay\u0131r. Y\u00fcks\u0259k \u00dcDM-li yat\u0131r\u0131mlarla m\u00f6vcud k\u0259sirimizi \u00f6rt\u0259r\u0259k xarici maliyy\u0259y\u0259 olan ehtiyac\u0131m\u0131z\u0131 azald\u0131r\u0131q\u201d.<\/p>\n\n\n\n<p>\u00c7ind\u0259n sifari\u015f etdikl\u0259ri koronavirusa qar\u015f\u0131 peyv\u0259ndin yeni ild\u0259n \u0259vv\u0259l \u00e7atd\u0131r\u0131laca\u011f\u0131na \u00fcmidvar olduqlar\u0131n\u0131 qeyd ed\u0259n T\u00fcrkiy\u0259 lideri daha sonra \u0259lav\u0259 edib:<\/p>\n\n\n\n<p>\u201c\u0130n\u015fallah \u0259n q\u0131sa m\u00fcdd\u0259t \u0259rzind\u0259 yerli istehsal olan bird\u0259n art\u0131q d\u0259rman\u0131 mill\u0259timizin istifad\u0259sin\u0259 verm\u0259k \u0259zmind\u0259yik\u201d.<\/p>\n","protected":false},"excerpt":{"rendered":"<p>\u201cBloomberg\u201d\u0259 istinad\u0259n x\u0259b\u0259r verir ki, bu bar\u0259d\u0259 T\u00fcrkiy\u0259 prezidenti R\u0259c\u0259b Tayyib \u018frdo\u011fan h\u00f6kum\u0259tin iclas\u0131ndan sonra a\u00e7\u0131qlama verib. D\u00f6vl\u0259t ba\u015f\u00e7\u0131s\u0131 imzalanacaq sazi\u015fin G\u00f6mr\u00fck Birliyi sazi\u015find\u0259n<\/p>\n","protected":false},"author":2,"featured_media":24749,"comment_status":"closed","ping_status":"closed","sticky":false,"template":"","format":"standard","meta":{"footnotes":""},"categories":[13],"tags":[],"class_list":["post-24748","post","type-post","status-publish","format-standard","has-post-thumbnail","hentry","category-xarici"],"aioseo_notices":[],"_links":{"self":[{"href":"https:\/\/fedai.az\/index.php?rest_route=\/wp\/v2\/posts\/24748","targetHints":{"allow":["GET"]}}],"collection":[{"href":"https:\/\/fedai.az\/index.php?rest_route=\/wp\/v2\/posts"}],"about":[{"href":"https:\/\/fedai.az\/index.php?rest_route=\/wp\/v2\/types\/post"}],"author":[{"embeddable":true,"href":"https:\/\/fedai.az\/index.php?rest_route=\/wp\/v2\/users\/2"}],"replies":[{"embeddable":true,"href":"https:\/\/fedai.az\/index.php?rest_route=%2Fwp%2Fv2%2Fcomments&post=24748"}],"version-history":[{"count":1,"href":"https:\/\/fedai.az\/index.php?rest_route=\/wp\/v2\/posts\/24748\/revisions"}],"predecessor-version":[{"id":24750,"href":"https:\/\/fedai.az\/index.php?rest_route=\/wp\/v2\/posts\/24748\/revisions\/24750"}],"wp:featuredmedia":[{"embeddable":true,"href":"https:\/\/fedai.az\/index.php?rest_route=\/wp\/v2\/media\/24749"}],"wp:attachment":[{"href":"https:\/\/fedai.az\/index.php?rest_route=%2Fwp%2Fv2%2Fmedia&parent=24748"}],"wp:term":[{"taxonomy":"category","embeddable":true,"href":"https:\/\/fedai.az\/index.php?rest_route=%2Fwp%2Fv2%2Fcategories&post=24748"},{"taxonomy":"post_tag","embeddable":true,"href":"https:\/\/fedai.az\/index.php?rest_route=%2Fwp%2Fv2%2Ftags&post=24748"}],"curies":[{"name":"wp","href":"https:\/\/api.w.org\/{rel}","templated":true}]}}