{"id":24755,"date":"2020-12-29T00:49:20","date_gmt":"2020-12-28T20:49:20","guid":{"rendered":"https:\/\/fedai.az\/?p=24755"},"modified":"2020-12-29T00:49:24","modified_gmt":"2020-12-28T20:49:24","slug":"pasinyan-televiziyadan-b%c9%99yan-etdi-biz-o-torpaqlardan-cixmaliyiq-yoxsa","status":"publish","type":"post","link":"https:\/\/fedai.az\/?p=24755","title":{"rendered":"Pa\u015finyan televiziyadan b\u0259yan etdi: \u201cBiz o torpaqlardan \u00e7\u0131xmal\u0131y\u0131q, yoxsa\u2026\u201d"},"content":{"rendered":"\n<p><strong>Erm\u0259nistan silahl\u0131 q\u00fcvv\u0259l\u0259rinin b\u00f6lm\u0259l\u0259ri Az\u0259rbaycan istiqam\u0259tind\u0259 Sovet Erm\u0259nistan\u0131n\u0131n s\u0259rh\u0259dl\u0259rin\u0259 \u00e7\u0259kilib.<\/strong><\/p>\n\n\n\n<p>Bu bar\u0259d\u0259 \u00f6lk\u0259nin ba\u015f naziri Nikol Pa\u015finyan \u0130ctimai Televiziyaya verdiyi m\u00fcsahib\u0259sind\u0259 dan\u0131\u015f\u0131b.<\/p>\n\n\n\n<p>O bildirib ki, bununla Kollektiv T\u0259hl\u00fck\u0259sizlik M\u00fcqavil\u0259si T\u0259\u015fkilat\u0131n\u0131n m\u0259suliyy\u0259t zonas\u0131 il\u0259 erm\u0259ni qo\u015funlar\u0131n\u0131n n\u0259zar\u0259ti alt\u0131ndak\u0131 zona \u00fcst-\u00fcst\u0259 d\u00fc\u015f\u0259c\u0259k v\u0259 KTMT q\u00fcvv\u0259l\u0259ri art\u0131q harada reaksiya g\u00f6st\u0259r\u0259 bil\u0259c\u0259yini, haqq\u0131n\u0131n olmad\u0131\u011f\u0131 yerl\u0259ri m\u00fc\u0259yy\u0259nl\u0259\u015fdir\u0259c\u0259k.<\/p>\n\n\n\n<p>N.Pa\u015finyan c\u0259miyy\u0259td\u0259 iddia olunanlar\u0131n \u0259ksin\u0259, az\u0259rbaycanl\u0131lar\u0131n Erm\u0259nistan \u0259razisin\u0259 girm\u0259dikl\u0259rini, S\u00fcnik b\u00f6lg\u0259sinin he\u00e7 bir \u0259razisinin \u201ci\u015f\u011fal\u201d olunmad\u0131\u011f\u0131n\u0131 s\u00f6zl\u0259rin\u0259 \u0259lav\u0259 edib.<\/p>\n\n\n\n<p>O, erm\u0259ni qo\u015funlar\u0131n\u0131n Qaraba\u011f\u0131n K\u0259lb\u0259c\u0259r, Z\u0259ngilan v\u0259 Qubadl\u0131 (44 g\u00fcnl\u00fck m\u00fcharib\u0259d\u0259n sonra Az\u0259rbaycana m\u0259xsus rayonlar erm\u0259nil\u0259r t\u0259r\u0259fin\u0259n art\u0131q \u00f6zl\u0259rinin uydurma adlar\u0131 il\u0259 deyil, tarixi adlarla qeyd olunur \u2013 red.) rayonlar\u0131n\u0131n ki\u00e7ik bir hiss\u0259sini \u0259ll\u0259rind\u0259 saxlad\u0131qlar\u0131n\u0131 qeyd edib.\u00a0\u201cLakin bu \u0259razil\u0259r saxlan\u0131lma\u011fa davam ed\u0259rs\u0259, Erm\u0259nistan\u0131n qanuni olaraq xarici \u0259razini i\u015f\u011fal etdiyi ortaya \u00e7\u0131xa bil\u0259r v\u0259 m\u00fcharib\u0259 Erm\u0259nistan\u0131n \u00f6z \u0259razisind\u0259 ged\u0259 bil\u0259r\u201d,\u00a0\u2013 dey\u0259 Pa\u015finyan \u0259lav\u0259 edib.<\/p>\n\n\n\n<p>Qeyd ed\u0259k ki, Az\u0259rbaycan Respublikas\u0131n\u0131n Prezidenti, Silahl\u0131 Q\u00fcvv\u0259l\u0259rin Ali Ba\u015f Komandan\u0131 \u0130lham \u018fliyev 44 g\u00fcnl\u00fck \u201cD\u0259mir yumruq\u201d \u0259m\u0259liyyat\u0131 \u0259rzind\u0259 i\u015f\u011falda olan Az\u0259rbaycan \u0259razil\u0259rinin tamamil\u0259 erm\u0259ni separat\u00e7\u0131lar\u0131ndan t\u0259mizl\u0259ndiyini v\u0259 orada he\u00e7 bir erm\u0259ni h\u0259rbi \u00fcns\u00fcr\u00fcn olmad\u0131\u011f\u0131n\u0131 d\u0259f\u0259l\u0259rl\u0259 b\u0259yan edib. G\u00f6r\u00fcn\u00fcr, Nikol Pa\u015finyan hakimiyy\u0259td\u0259 qalmaq \u00fc\u00e7\u00fcn h\u0259l\u0259 d\u0259 ictimaiyy\u0259tini aldatmaq metodundan yap\u0131\u015f\u0131b.(oxu24.com)<\/p>\n","protected":false},"excerpt":{"rendered":"<p>Erm\u0259nistan silahl\u0131 q\u00fcvv\u0259l\u0259rinin b\u00f6lm\u0259l\u0259ri Az\u0259rbaycan istiqam\u0259tind\u0259 Sovet Erm\u0259nistan\u0131n\u0131n s\u0259rh\u0259dl\u0259rin\u0259 \u00e7\u0259kilib. Bu bar\u0259d\u0259 \u00f6lk\u0259nin ba\u015f naziri Nikol Pa\u015finyan \u0130ctimai Televiziyaya verdiyi m\u00fcsahib\u0259sind\u0259 dan\u0131\u015f\u0131b. O bildirib<\/p>\n","protected":false},"author":2,"featured_media":24756,"comment_status":"closed","ping_status":"closed","sticky":false,"template":"","format":"standard","meta":{"footnotes":""},"categories":[4],"tags":[],"class_list":["post-24755","post","type-post","status-publish","format-standard","has-post-thumbnail","hentry","category-qarabag"],"aioseo_notices":[],"_links":{"self":[{"href":"https:\/\/fedai.az\/index.php?rest_route=\/wp\/v2\/posts\/24755","targetHints":{"allow":["GET"]}}],"collection":[{"href":"https:\/\/fedai.az\/index.php?rest_route=\/wp\/v2\/posts"}],"about":[{"href":"https:\/\/fedai.az\/index.php?rest_route=\/wp\/v2\/types\/post"}],"author":[{"embeddable":true,"href":"https:\/\/fedai.az\/index.php?rest_route=\/wp\/v2\/users\/2"}],"replies":[{"embeddable":true,"href":"https:\/\/fedai.az\/index.php?rest_route=%2Fwp%2Fv2%2Fcomments&post=24755"}],"version-history":[{"count":1,"href":"https:\/\/fedai.az\/index.php?rest_route=\/wp\/v2\/posts\/24755\/revisions"}],"predecessor-version":[{"id":24757,"href":"https:\/\/fedai.az\/index.php?rest_route=\/wp\/v2\/posts\/24755\/revisions\/24757"}],"wp:featuredmedia":[{"embeddable":true,"href":"https:\/\/fedai.az\/index.php?rest_route=\/wp\/v2\/media\/24756"}],"wp:attachment":[{"href":"https:\/\/fedai.az\/index.php?rest_route=%2Fwp%2Fv2%2Fmedia&parent=24755"}],"wp:term":[{"taxonomy":"category","embeddable":true,"href":"https:\/\/fedai.az\/index.php?rest_route=%2Fwp%2Fv2%2Fcategories&post=24755"},{"taxonomy":"post_tag","embeddable":true,"href":"https:\/\/fedai.az\/index.php?rest_route=%2Fwp%2Fv2%2Ftags&post=24755"}],"curies":[{"name":"wp","href":"https:\/\/api.w.org\/{rel}","templated":true}]}}