{"id":25065,"date":"2020-12-31T17:24:54","date_gmt":"2020-12-31T13:24:54","guid":{"rendered":"https:\/\/fedai.az\/?p=25065"},"modified":"2020-12-31T17:25:22","modified_gmt":"2020-12-31T13:25:22","slug":"prezident-monitorinq-m%c9%99rk%c9%99zinin-hazir-olacagi-vaxti-aciqladi","status":"publish","type":"post","link":"https:\/\/fedai.az\/?p=25065","title":{"rendered":"Prezident Monitorinq M\u0259rk\u0259zinin haz\u0131r olaca\u011f\u0131 vaxt\u0131 A\u00c7IQLADI"},"content":{"rendered":"\n<p><strong>N\u0259hay\u0259t sonuncu m\u0259s\u0259l\u0259 T\u00fcrkiy\u0259-Rusiya Monitorinq M\u0259rk\u0259zidir. Az\u0259rbaycan bu m\u0259s\u0259l\u0259 il\u0259 ba\u011fl\u0131 da \u00f6z \u00f6hd\u0259liyini yerin\u0259 yetirir. Az\u0259rbaycan t\u0259r\u0259fi indi A\u011fdam b\u00f6lg\u0259sind\u0259 bu Monitorinq M\u0259rk\u0259zi \u00fc\u00e7\u00fcn bina in\u015fa edir. Bu Monitorinq M\u0259rk\u0259zi yax\u0131n 10 g\u00fcn\u0259 \u2013 maksimum iki h\u0259ft\u0259y\u0259 haz\u0131r olacaqd\u0131r.<\/strong><\/p>\n\n\n\n<p>Bunu Az\u0259rbaycan Respublikas\u0131n\u0131n Prezidenti \u0130lham \u018fliyev dekabr\u0131n 31-d\u0259 T\u00fcrkiy\u0259 Respublikas\u0131n\u0131n milli m\u00fcdafi\u0259 naziri Hulusi Akar\u0131n ba\u015f\u00e7\u0131l\u0131q etdiyi n\u00fcmay\u0259nd\u0259 hey\u0259tini q\u0259bul ed\u0259rk\u0259n deyib.<\/p>\n\n\n\n<p>&#171;Bildiyim\u0259 g\u00f6r\u0259, art\u0131q T\u00fcrkiy\u0259 t\u0259r\u0259fi d\u0259 f\u0259aliyy\u0259t\u0259 ba\u015flamaq \u00fc\u00e7\u00fcn tam haz\u0131rd\u0131r. Y\u0259qin ki, siz Rusiya t\u0259r\u0259fi il\u0259 d\u0259 t\u0259maslardas\u0131n\u0131z, Monitorinq M\u0259rk\u0259zi n\u0259 q\u0259d\u0259r tez f\u0259aliyy\u0259t\u0259 ba\u015flasa o q\u0259d\u0259r d\u0259 yax\u015f\u0131d\u0131r. \u00c7\u00fcnki m\u00fcharib\u0259d\u0259n t\u0259xmin\u0259n iki ay ke\u00e7m\u0259sin\u0259 baxmayaraq, h\u0259l\u0259 d\u0259 t\u0259hdidl\u0259r, t\u0259hl\u00fck\u0259l\u0259r var. N\u0259zar\u0259tsiz erm\u0259ni silahl\u0131 birl\u0259\u015fm\u0259l\u0259ri bizim \u0259razimizd\u0259 f\u0259aliyy\u0259t g\u00f6st\u0259rirl\u0259r v\u0259 onlar\u0131n bir hiss\u0259si \u00e7\u0131xmaq, t\u0259slim olmaq ist\u0259mirl\u0259r. Ona g\u00f6r\u0259, bu t\u0259hdidi aradan qald\u0131rmaq v\u0259 g\u0259l\u0259c\u0259kd\u0259 b\u00fct\u00f6vl\u00fckd\u0259 b\u00f6lg\u0259mizd\u0259 s\u00fclh\u00fcn, sabitliyin t\u0259min edilm\u0259si \u00fc\u00e7\u00fcn Monitorinq M\u0259rk\u0259zi m\u00fctl\u0259q olmal\u0131d\u0131r. \u00c7\u00fcnki \u0259fsuslar olsun ki, Erm\u0259nistanda b\u0259zi siyasi q\u00fcvv\u0259l\u0259r revan\u015fist fikirl\u0259rl\u0259 ya\u015fay\u0131rlar, a\u00e7\u0131q b\u0259yanatlar verirl\u0259r ki, g\u00fcn g\u0259l\u0259c\u0259k onlar Az\u0259rbaycana qar\u015f\u0131 m\u00fcharib\u0259 aparacaqlar, Az\u0259rbaycan torpaqlar\u0131n\u0131 i\u015f\u011fal ed\u0259c\u0259kl\u0259r. Bu, onlar \u00fc\u00e7\u00fcn \u00f6z\u00fcn\u0259q\u0259sd olacaq. T\u0259bii ki, bel\u0259 c\u0259hdl\u0259r d\u0259rhal yerind\u0259c\u0259 aradan qald\u0131r\u0131lacaq, ancaq bu t\u0259hdidl\u0259r var. Ona g\u00f6r\u0259 bu b\u00f6lg\u0259d\u0259 monitorinq, n\u0259zar\u0259t apar\u0131lmal\u0131d\u0131r v\u0259 T\u00fcrkiy\u0259-Rusiya m\u0259rk\u0259zi bu funksiyan\u0131 \u0259min\u0259m ki, \u015f\u0259r\u0259fl\u0259 yerin\u0259 yetir\u0259c\u0259kdir&#187;, &#8212; Prezident bildirib.<\/p>\n","protected":false},"excerpt":{"rendered":"<p>N\u0259hay\u0259t sonuncu m\u0259s\u0259l\u0259 T\u00fcrkiy\u0259-Rusiya Monitorinq M\u0259rk\u0259zidir. Az\u0259rbaycan bu m\u0259s\u0259l\u0259 il\u0259 ba\u011fl\u0131 da \u00f6z \u00f6hd\u0259liyini yerin\u0259 yetirir. Az\u0259rbaycan t\u0259r\u0259fi indi A\u011fdam b\u00f6lg\u0259sind\u0259 bu Monitorinq M\u0259rk\u0259zi<\/p>\n","protected":false},"author":2,"featured_media":25041,"comment_status":"closed","ping_status":"closed","sticky":false,"template":"","format":"standard","meta":{"footnotes":""},"categories":[3],"tags":[],"class_list":["post-25065","post","type-post","status-publish","format-standard","has-post-thumbnail","hentry","category-gundm"],"aioseo_notices":[],"_links":{"self":[{"href":"https:\/\/fedai.az\/index.php?rest_route=\/wp\/v2\/posts\/25065","targetHints":{"allow":["GET"]}}],"collection":[{"href":"https:\/\/fedai.az\/index.php?rest_route=\/wp\/v2\/posts"}],"about":[{"href":"https:\/\/fedai.az\/index.php?rest_route=\/wp\/v2\/types\/post"}],"author":[{"embeddable":true,"href":"https:\/\/fedai.az\/index.php?rest_route=\/wp\/v2\/users\/2"}],"replies":[{"embeddable":true,"href":"https:\/\/fedai.az\/index.php?rest_route=%2Fwp%2Fv2%2Fcomments&post=25065"}],"version-history":[{"count":2,"href":"https:\/\/fedai.az\/index.php?rest_route=\/wp\/v2\/posts\/25065\/revisions"}],"predecessor-version":[{"id":25069,"href":"https:\/\/fedai.az\/index.php?rest_route=\/wp\/v2\/posts\/25065\/revisions\/25069"}],"wp:featuredmedia":[{"embeddable":true,"href":"https:\/\/fedai.az\/index.php?rest_route=\/wp\/v2\/media\/25041"}],"wp:attachment":[{"href":"https:\/\/fedai.az\/index.php?rest_route=%2Fwp%2Fv2%2Fmedia&parent=25065"}],"wp:term":[{"taxonomy":"category","embeddable":true,"href":"https:\/\/fedai.az\/index.php?rest_route=%2Fwp%2Fv2%2Fcategories&post=25065"},{"taxonomy":"post_tag","embeddable":true,"href":"https:\/\/fedai.az\/index.php?rest_route=%2Fwp%2Fv2%2Ftags&post=25065"}],"curies":[{"name":"wp","href":"https:\/\/api.w.org\/{rel}","templated":true}]}}