{"id":25074,"date":"2021-01-01T00:43:37","date_gmt":"2020-12-31T20:43:37","guid":{"rendered":"https:\/\/fedai.az\/?p=25074"},"modified":"2021-01-01T00:43:39","modified_gmt":"2020-12-31T20:43:39","slug":"naxcivan-d%c9%99hlizi-n%c9%99-vaxt-acilacaq","status":"publish","type":"post","link":"https:\/\/fedai.az\/?p=25074","title":{"rendered":"Nax\u00e7\u0131van d\u0259hlizi n\u0259 vaxt a\u00e7\u0131lacaq?"},"content":{"rendered":"\n<p><strong>&#171;Biz haz\u0131rda Az\u0259rbaycan, Erm\u0259nistan, T\u00fcrkiy\u0259 d\u0259hlizinin formala\u015fmas\u0131na da b\u00f6y\u00fck \u00f6n\u0259m veririk, ilkin tap\u015f\u0131r\u0131qlar verildi. Biz yax\u0131n g\u00fcnl\u0259rd\u0259 Horadizd\u0259n Z\u0259ngilana q\u0259d\u0259r, Erm\u0259nistan s\u0259rh\u0259din\u0259 q\u0259d\u0259r d\u0259mir yolunun tikintisin\u0259 ba\u015flayaca\u011f\u0131q, art\u0131q texniki-iqtisadi \u0259sasland\u0131rma haz\u0131rlan\u0131r&#187;.<\/strong><\/p>\n\n\n\n<p>Oxu24.com\u00a0 x\u0259b\u0259r verir ki, bu fikirl\u0259ri Az\u0259rbaycan Respublikas\u0131n\u0131n Prezidenti \u0130lham \u018fliyev dekabr\u0131n 31-d\u0259 T\u00fcrkiy\u0259 Respublikas\u0131n\u0131n milli m\u00fcdafi\u0259 naziri Hulusi Akar\u0131n ba\u015f\u00e7\u0131l\u0131q etdiyi n\u00fcmay\u0259nd\u0259 hey\u0259tini q\u0259bul ed\u0259rk\u0259n deyib.<\/p>\n\n\n\n<p><br>&#171;Q\u0131sa m\u00fcdd\u0259t \u0259rzind\u0259 m\u00fcv\u0259qq\u0259ti olaraq Horadizd\u0259n Z\u0259ngilana q\u0259d\u0259r yol da \u00e7\u0259kildi, m\u0259n \u00f6z\u00fcm o yolla getmi\u015f\u0259m, rahat, y\u00fcks\u0259k s\u00fcr\u0259tl\u0259 getm\u0259k olar. Hesab edir\u0259m ki, d\u0259mir yolunun tikintisi maksimum 2 il \u00e7\u0259k\u0259c\u0259k.<\/p>\n\n\n\n<p>Ancaq bizim fikrimiz ondan ibar\u0259tdir ki, bu tarixi g\u00f6zl\u0259m\u0259y\u0259k, h\u0259m d\u0259mir yolu il\u0259 Horadiz\u0259 q\u0259d\u0259r, ondan sonra t\u0131rlarla da\u015f\u0131malar apar\u0131la bil\u0259r.<\/p>\n\n\n\n<p>Bu, art\u0131q bizim g\u00fcnd\u0259liyimizd\u0259 olan vacib m\u0259s\u0259l\u0259dir. Hesab edir\u0259m v\u0259 \u0259min\u0259m ki, biz art\u0131q Az\u0259rbaycandan Erm\u0259nistan v\u0259 Nax\u00e7\u0131van \u0259razisind\u0259n T\u00fcrkiy\u0259y\u0259 ilk y\u00fckl\u0259ri g\u00f6nd\u0259r\u0259 v\u0259 \u0259ks istiqam\u0259td\u0259n q\u0259bul ed\u0259 bil\u0259rik.<\/p>\n\n\n\n<p>Bel\u0259likl\u0259 noyabr\u0131n 10-da imzalanm\u0131\u015f B\u0259yanat\u0131n \u00f6n\u0259mli hiss\u0259si olan Nax\u00e7\u0131van d\u0259hlizinin a\u00e7\u0131lmas\u0131 da h\u0259yata ke\u00e7iril\u0259c\u0259kdir&#187;.<\/p>\n\n\n\n<p>M\u0259nb\u0259:&nbsp;<a rel=\"noreferrer noopener\" href=\"https:\/\/oxu24.com\/az\/cemiyyet\/45546\/naxcivan-dehlizi-bu-tarixde-acilir-son-deqiqe-aiqlamasi\/?utm_source=smartbee&amp;utm_medium=referral&amp;utm_campaign=smartbee&amp;utm_content=smartbee\" target=\"_blank\">oxu24.com<\/a><\/p>\n","protected":false},"excerpt":{"rendered":"<p>&#171;Biz haz\u0131rda Az\u0259rbaycan, Erm\u0259nistan, T\u00fcrkiy\u0259 d\u0259hlizinin formala\u015fmas\u0131na da b\u00f6y\u00fck \u00f6n\u0259m veririk, ilkin tap\u015f\u0131r\u0131qlar verildi. Biz yax\u0131n g\u00fcnl\u0259rd\u0259 Horadizd\u0259n Z\u0259ngilana q\u0259d\u0259r, Erm\u0259nistan s\u0259rh\u0259din\u0259 q\u0259d\u0259r d\u0259mir<\/p>\n","protected":false},"author":2,"featured_media":25075,"comment_status":"closed","ping_status":"closed","sticky":false,"template":"","format":"standard","meta":{"footnotes":""},"categories":[1],"tags":[],"class_list":["post-25074","post","type-post","status-publish","format-standard","has-post-thumbnail","hentry","category-siyast"],"aioseo_notices":[],"_links":{"self":[{"href":"https:\/\/fedai.az\/index.php?rest_route=\/wp\/v2\/posts\/25074","targetHints":{"allow":["GET"]}}],"collection":[{"href":"https:\/\/fedai.az\/index.php?rest_route=\/wp\/v2\/posts"}],"about":[{"href":"https:\/\/fedai.az\/index.php?rest_route=\/wp\/v2\/types\/post"}],"author":[{"embeddable":true,"href":"https:\/\/fedai.az\/index.php?rest_route=\/wp\/v2\/users\/2"}],"replies":[{"embeddable":true,"href":"https:\/\/fedai.az\/index.php?rest_route=%2Fwp%2Fv2%2Fcomments&post=25074"}],"version-history":[{"count":1,"href":"https:\/\/fedai.az\/index.php?rest_route=\/wp\/v2\/posts\/25074\/revisions"}],"predecessor-version":[{"id":25076,"href":"https:\/\/fedai.az\/index.php?rest_route=\/wp\/v2\/posts\/25074\/revisions\/25076"}],"wp:featuredmedia":[{"embeddable":true,"href":"https:\/\/fedai.az\/index.php?rest_route=\/wp\/v2\/media\/25075"}],"wp:attachment":[{"href":"https:\/\/fedai.az\/index.php?rest_route=%2Fwp%2Fv2%2Fmedia&parent=25074"}],"wp:term":[{"taxonomy":"category","embeddable":true,"href":"https:\/\/fedai.az\/index.php?rest_route=%2Fwp%2Fv2%2Fcategories&post=25074"},{"taxonomy":"post_tag","embeddable":true,"href":"https:\/\/fedai.az\/index.php?rest_route=%2Fwp%2Fv2%2Ftags&post=25074"}],"curies":[{"name":"wp","href":"https:\/\/api.w.org\/{rel}","templated":true}]}}