{"id":25077,"date":"2021-01-01T01:03:37","date_gmt":"2020-12-31T21:03:37","guid":{"rendered":"https:\/\/fedai.az\/?p=25077"},"modified":"2021-01-01T01:03:40","modified_gmt":"2020-12-31T21:03:40","slug":"hikm%c9%99t-haciyevd%c9%99n-yeni-il-t%c9%99briki","status":"publish","type":"post","link":"https:\/\/fedai.az\/?p=25077","title":{"rendered":"Hikm\u0259t Hac\u0131yevd\u0259n Yeni il t\u0259briki"},"content":{"rendered":"\n<p><strong>&#171;Qaraba\u011f Az\u0259rbaycand\u0131r&#187; &#8212; 2019-cu ild\u0259 son \u00e7\u0131x\u0131\u015f\u0131nda Prezident \u0130lham \u018fliyevin \u0259sas m\u00fcraci\u0259ti idi. Biz 2020-ci ilin sonuna v\u0259 2021-ci ilin \u0259vv\u0259lin\u0259 yax\u0131nla\u015f\u0131r\u0131q: &#171;Qaraba\u011f Az\u0259rbaycand\u0131r&#187;.<\/strong><\/p>\n\n\n\n<p><br>\u00a0&#171;Anews.az\u201d\u00a0x\u0259b\u0259r verir ki, bu fikirl\u0259ri Az\u0259rbaycan Respublikas\u0131 Prezidentinin k\u00f6m\u0259k\u00e7isi \u2013 Prezident Administrasiyas\u0131n\u0131n Xarici siyas\u0259t m\u0259s\u0259l\u0259l\u0259ri \u015f\u00f6b\u0259sinin m\u00fcdiri\u00a0Hikm\u0259t Hac\u0131yev \u00f6z\u00fcn\u00fcn tvitter s\u0259hif\u0259sind\u0259 yaz\u0131b.<\/p>\n\n\n\n<p>\u00a0&#171;M\u0259n ilin sonunda daha #NextYearinShusha, #endoccupation etc\u201d tvitini yazmayacam. T\u0259brik edir\u0259m!\u201d, &#8212; dey\u0259 Hikm\u0259t Hac\u0131yev \u0259lav\u0259 edib.<\/p>\n","protected":false},"excerpt":{"rendered":"<p>&#171;Qaraba\u011f Az\u0259rbaycand\u0131r&#187; &#8212; 2019-cu ild\u0259 son \u00e7\u0131x\u0131\u015f\u0131nda Prezident \u0130lham \u018fliyevin \u0259sas m\u00fcraci\u0259ti idi. Biz 2020-ci ilin sonuna v\u0259 2021-ci ilin \u0259vv\u0259lin\u0259 yax\u0131nla\u015f\u0131r\u0131q: &#171;Qaraba\u011f Az\u0259rbaycand\u0131r&#187;.<\/p>\n","protected":false},"author":2,"featured_media":25078,"comment_status":"closed","ping_status":"closed","sticky":false,"template":"","format":"standard","meta":{"footnotes":""},"categories":[3],"tags":[],"class_list":["post-25077","post","type-post","status-publish","format-standard","has-post-thumbnail","hentry","category-gundm"],"aioseo_notices":[],"_links":{"self":[{"href":"https:\/\/fedai.az\/index.php?rest_route=\/wp\/v2\/posts\/25077","targetHints":{"allow":["GET"]}}],"collection":[{"href":"https:\/\/fedai.az\/index.php?rest_route=\/wp\/v2\/posts"}],"about":[{"href":"https:\/\/fedai.az\/index.php?rest_route=\/wp\/v2\/types\/post"}],"author":[{"embeddable":true,"href":"https:\/\/fedai.az\/index.php?rest_route=\/wp\/v2\/users\/2"}],"replies":[{"embeddable":true,"href":"https:\/\/fedai.az\/index.php?rest_route=%2Fwp%2Fv2%2Fcomments&post=25077"}],"version-history":[{"count":1,"href":"https:\/\/fedai.az\/index.php?rest_route=\/wp\/v2\/posts\/25077\/revisions"}],"predecessor-version":[{"id":25079,"href":"https:\/\/fedai.az\/index.php?rest_route=\/wp\/v2\/posts\/25077\/revisions\/25079"}],"wp:featuredmedia":[{"embeddable":true,"href":"https:\/\/fedai.az\/index.php?rest_route=\/wp\/v2\/media\/25078"}],"wp:attachment":[{"href":"https:\/\/fedai.az\/index.php?rest_route=%2Fwp%2Fv2%2Fmedia&parent=25077"}],"wp:term":[{"taxonomy":"category","embeddable":true,"href":"https:\/\/fedai.az\/index.php?rest_route=%2Fwp%2Fv2%2Fcategories&post=25077"},{"taxonomy":"post_tag","embeddable":true,"href":"https:\/\/fedai.az\/index.php?rest_route=%2Fwp%2Fv2%2Ftags&post=25077"}],"curies":[{"name":"wp","href":"https:\/\/api.w.org\/{rel}","templated":true}]}}