{"id":25090,"date":"2021-01-01T02:29:33","date_gmt":"2020-12-31T22:29:33","guid":{"rendered":"https:\/\/fedai.az\/?p=25090"},"modified":"2021-01-01T02:31:28","modified_gmt":"2020-12-31T22:31:28","slug":"t%c9%99brik-ilham-beydullayev-53","status":"publish","type":"post","link":"https:\/\/fedai.az\/?p=25090","title":{"rendered":"T\u018fBR\u0130K: \u0130lham Beydullayev &#8212; 53"},"content":{"rendered":"\n<p><strong>AVMV\u0130B A\u011fda\u015f rayon \u015f\u00f6b\u0259sinin s\u0259dri, Birliyimizin f\u0259al \u015f\u00f6b\u0259 s\u0259drl\u0259rind\u0259n olan, a\u011f\u0131r d\u00f6y\u00fc\u015f yolu ke\u00e7mi\u015f \u0130lham Beydullayevin 53 ya\u015f\u0131 tamam olur. 2021-ci ilin ilk g\u00fcn\u00fcn\u00fc \u00f6z ad g\u00fcn\u00fcn\u0259 qatan \u0130lham Beydullayev\u0259 daha bir \u0130lahi h\u0259diyy\u0259 bac\u0131s\u0131 o\u011flunun m\u00fcz\u0259ff\u0259r \u0259sg\u0259r kimi geri d\u00f6nm\u0259si v\u0259 h\u0259r k\u0259sd\u0259n \u00f6nc\u0259 iziyl\u0259 getdiyi day\u0131s\u0131n\u0131n g\u00f6r\u00fc\u015f\u00fcn\u0259 g\u0259lm\u0259sidir. <\/strong><\/p>\n\n\n\n<p>\u018fb\u0259s yer\u0259 demirik ki, c\u0259bh\u0259d\u0259ki \u0259sg\u0259rl\u0259r bizim ruhumuzla d\u00f6y\u00fc\u015f\u0259 yolland\u0131lar. \u0130ll\u0259rc\u0259 bizd\u0259n qeyri kims\u0259 ard\u0131c\u0131l olaraq d\u00fc\u015fm\u0259n\u0259 qar\u015f\u0131 h\u0259rbi yolla m\u00fcbariz\u0259 t\u0259bli\u011fat\u0131 aparmay\u0131b. A\u011fda\u015f veteranlar\u0131 \u0130lham Beydullayevin t\u0259\u015fkilat\u00e7\u0131l\u0131\u011f\u0131 v\u0259 r\u0259hb\u0259rliyi alt\u0131nda rayonu m\u0259kt\u0259b-m\u0259kt\u0259b g\u0259z\u0259r\u0259k do\u011fma Qaraba\u011f\u0131n azad edilm\u0259si, \u015f\u0259hidl\u0259rimizin yad edilm\u0259si v\u0259 m\u00fcharib\u0259 veteranlar\u0131n Ali Ba\u015f Komandan\u0131n \u0259mrin\u0259 haz\u0131r olmalar\u0131n\u0131 t\u0259bli\u011f etmi\u015fl\u0259r.<\/p>\n\n\n\n<figure class=\"wp-block-image size-large is-resized\"><img loading=\"lazy\" decoding=\"async\" src=\"https:\/\/fedai.az\/wp-content\/uploads\/2021\/01\/ilk.jpg\" alt=\"\" class=\"wp-image-25095\" width=\"1055\" height=\"1033\" srcset=\"https:\/\/fedai.az\/wp-content\/uploads\/2021\/01\/ilk.jpg 774w, https:\/\/fedai.az\/wp-content\/uploads\/2021\/01\/ilk-300x294.jpg 300w, https:\/\/fedai.az\/wp-content\/uploads\/2021\/01\/ilk-150x147.jpg 150w, https:\/\/fedai.az\/wp-content\/uploads\/2021\/01\/ilk-768x752.jpg 768w\" sizes=\"auto, (max-width: 1055px) 100vw, 1055px\" \/><\/figure>\n\n\n\n<p>Bunun n\u0259tic\u0259sidir ki, z\u0259f\u0259r qazanm\u0131\u015f m\u00fcz\u0259ff\u0259r \u0259sg\u0259rimiz Kamil M\u00fc\u011fd\u0259t o\u011flu Mahmudov evl\u0259rind\u0259n \u00f6nc\u0259 sava\u015f yolu ke\u00e7mi\u015f day\u0131s\u0131 \u0130lham Beydullayevin ziyar\u0259tin\u0259 g\u0259lib. Bu m\u0259nz\u0259r\u0259 qar\u015f\u0131s\u0131nda k\u00f6vr\u0259k hissl\u0259rini b\u00f6l\u00fc\u015fm\u0259k \u00fc\u00e7\u00fcn m\u0259ni aray\u0131b g\u00f6r\u00fcnt\u00fcyl\u0259 \u00f6z sevincini b\u00f6l\u00fc\u015f\u0259n v\u0259t\u0259np\u0259rv\u0259r veteran\u0131m\u0131z \u0130lham Beydullayevin sevincin\u0259 \u015f\u0259rikik. AVMV\u0130B A\u011fda\u015f rayon \u015f\u00f6b\u0259si V\u0259t\u0259n m\u00fcharib\u0259si d\u00f6vr\u00fcnd\u0259 maddi v\u0259 m\u0259n\u0259vi d\u0259st\u0259kl\u0259 s\u0259ng\u0259rd\u0259ki \u0259sg\u0259rl\u0259rimizin yan\u0131nda olmu\u015f \u015f\u00f6b\u0259l\u0259rimizd\u0259ndi. T\u0259\u015fkilat\u00e7\u0131 v\u0259 r\u0259hb\u0259rlik is\u0259 \u0130lham b\u0259yin \u00e7iyinl\u0259rind\u0259 idi. \u018fsil d\u00f6y\u00fc\u015f\u00e7\u00fcl\u0259r kimi \u0130lham b\u0259y \u00fc\u00e7\u00fcn d\u0259 V\u0259t\u0259nin o ba\u015f\u0131, bu ba\u015f\u0131 yoxdu. V\u0259t\u0259n dardad\u0131rsa, veteranlar ordad\u0131r. Bunu V\u0259t\u0259n m\u00fcharib\u0259sind\u0259 bir daha \u0259m\u0259li olaraq s\u00fcbut el\u0259dik. M\u0259hz \u0130lham Beydullayev kimi \u015f\u00f6b\u0259 s\u0259drl\u0259rimizin say\u0259sind\u0259 qarl\u0131 da\u011flar a\u015f\u0131ld\u0131, s\u0259ng\u0259rl\u0259rd\u0259 d\u0259 \u0259sg\u0259rimizl\u0259 birg\u0259 olduq. Bu prosesl\u0259r bu g\u00fcn d\u0259 davam etm\u0259kd\u0259dir.<\/p>\n\n\n\n<p>Sin\u0259si m\u00fcdall\u0131 bac\u0131 o\u011flu Kamil M\u00fc\u011fd\u0259t o\u011flu Mahmudov day\u0131s\u0131n\u0131n bu ad g\u00fcn\u00fcnd\u0259, bizim ill\u0259rc\u0259 ad g\u00fcn\u00fc t\u0259brikl\u0259rind\u0259 arzulad\u0131\u011f\u0131m\u0131z &#171;z\u0259f\u0259r m\u00fcjd\u0259li bir g\u00fcn\u00fc&#187; &#171;h\u0259diyy\u0259&#187; kimi g\u0259tirdi v\u0259 siz\u0259 \u0259rm\u0259\u011fan etdi. Arzular\u0131m\u0131za qovu\u015fduq. Arzular qoynunda b\u00fct\u00fcn arzulara yet\u0259s\u0259n.<\/p>\n\n\n\n<p>Bu g\u00fcn, s\u0259nin g\u00fcn\u00fcn, \u0130lham b\u0259y! Bu g\u00fcn ad g\u00fcn\u00fcnd\u00fcr. <\/p>\n\n\n\n<figure class=\"wp-block-embed is-type-video is-provider-youtube wp-block-embed-youtube wp-embed-aspect-16-9 wp-has-aspect-ratio\"><div class=\"wp-block-embed__wrapper\">\n<iframe loading=\"lazy\" title=\"Q\u0259hr\u0259manlar\u0131n davam\u00e7\u0131lar\u0131. Bir \u00f6l\u00fcb min diril\u0259rik\" width=\"715\" height=\"402\" src=\"https:\/\/www.youtube.com\/embed\/vqH1W8RP0u4?feature=oembed\" frameborder=\"0\" allow=\"accelerometer; autoplay; clipboard-write; encrypted-media; gyroscope; picture-in-picture\" allowfullscreen><\/iframe>\n<\/div><\/figure>\n\n\n\n<p><br>Ilham Beydullayevi bu m\u00fcnasib\u0259tl\u0259 t\u0259brik edir, uzun \u00f6m\u00fcr v\u0259 can sa\u011fl\u0131\u011f\u0131 arzulay\u0131r\u0131q. \u0130lham Beydullayev daim m\u00fcharib\u0259 veteranlar\u0131n\u0131n h\u00fcquqlar\u0131n\u0131n b\u0259rpa olunmas\u0131na \u00e7al\u0131\u015fan bir \u015f\u00f6b\u0259 s\u0259dri kimi g\u0259l\u0259n g\u0259nc veteranlar\u0131m\u0131z siz\u0259 \u0259man\u0259t. \u0130nan\u0131r\u0131q ki, \u0130. Beydullayev bundan sonra da b\u00f6lg\u0259 veteranlar\u0131m\u0131z\u0131n probleml\u0259rinin h\u0259llind\u0259 qabaqc\u0131l \u015f\u00f6b\u0259 s\u0259drl\u0259rimizd\u0259n biri kimi yen\u0259 d\u0259 f\u0259al v\u0259 \u00f6nd\u0259 olacaqd\u0131r.<\/p>\n\n\n\n<p><strong>100 ya\u015fa! B\u00fct\u00fcn g\u00f6z\u0259llikl\u0259r s\u0259nin olsun!<\/strong><\/p>\n\n\n\n<p><strong>AVMV\u0130B R\u0259hb\u0259rliyi, Fedai.az kollektivi v\u0259 Xaqani \u018fd\u0259bo\u011flu <\/strong><\/p>\n\n\n\n<figure class=\"wp-block-image size-large\"><img loading=\"lazy\" decoding=\"async\" width=\"768\" height=\"1024\" src=\"https:\/\/fedai.az\/wp-content\/uploads\/2021\/01\/134789293_749918689281805_8652167429594383066_n-768x1024.jpg\" alt=\"\" class=\"wp-image-25091\" srcset=\"https:\/\/fedai.az\/wp-content\/uploads\/2021\/01\/134789293_749918689281805_8652167429594383066_n-768x1024.jpg 768w, https:\/\/fedai.az\/wp-content\/uploads\/2021\/01\/134789293_749918689281805_8652167429594383066_n-225x300.jpg 225w, https:\/\/fedai.az\/wp-content\/uploads\/2021\/01\/134789293_749918689281805_8652167429594383066_n-113x150.jpg 113w, https:\/\/fedai.az\/wp-content\/uploads\/2021\/01\/134789293_749918689281805_8652167429594383066_n.jpg 960w\" sizes=\"auto, (max-width: 768px) 100vw, 768px\" \/><\/figure>\n\n\n\n<figure class=\"wp-block-image size-large\"><img loading=\"lazy\" decoding=\"async\" width=\"1024\" height=\"473\" src=\"https:\/\/fedai.az\/wp-content\/uploads\/2021\/01\/134730623_743514146594193_7134287446078439813_n-1024x473.jpg\" alt=\"\" class=\"wp-image-25092\" srcset=\"https:\/\/fedai.az\/wp-content\/uploads\/2021\/01\/134730623_743514146594193_7134287446078439813_n-1024x473.jpg 1024w, https:\/\/fedai.az\/wp-content\/uploads\/2021\/01\/134730623_743514146594193_7134287446078439813_n-300x139.jpg 300w, https:\/\/fedai.az\/wp-content\/uploads\/2021\/01\/134730623_743514146594193_7134287446078439813_n-150x69.jpg 150w, https:\/\/fedai.az\/wp-content\/uploads\/2021\/01\/134730623_743514146594193_7134287446078439813_n-768x355.jpg 768w, https:\/\/fedai.az\/wp-content\/uploads\/2021\/01\/134730623_743514146594193_7134287446078439813_n.jpg 1152w\" sizes=\"auto, (max-width: 1024px) 100vw, 1024px\" \/><\/figure>\n\n\n\n<figure class=\"wp-block-image size-large is-resized\"><img loading=\"lazy\" decoding=\"async\" src=\"https:\/\/fedai.az\/wp-content\/uploads\/2021\/01\/134649039_2106541076148117_2009629980483747352_n-768x1024.jpg\" alt=\"\" class=\"wp-image-25093\" width=\"1086\" height=\"1448\" srcset=\"https:\/\/fedai.az\/wp-content\/uploads\/2021\/01\/134649039_2106541076148117_2009629980483747352_n-768x1024.jpg 768w, https:\/\/fedai.az\/wp-content\/uploads\/2021\/01\/134649039_2106541076148117_2009629980483747352_n-225x300.jpg 225w, https:\/\/fedai.az\/wp-content\/uploads\/2021\/01\/134649039_2106541076148117_2009629980483747352_n-113x150.jpg 113w, https:\/\/fedai.az\/wp-content\/uploads\/2021\/01\/134649039_2106541076148117_2009629980483747352_n.jpg 774w\" sizes=\"auto, (max-width: 1086px) 100vw, 1086px\" \/><\/figure>\n\n\n\n<figure class=\"wp-block-image size-large is-resized\"><img loading=\"lazy\" decoding=\"async\" src=\"https:\/\/fedai.az\/wp-content\/uploads\/2021\/01\/8265a327389da9fe4fdc2714b309120e-1-1.jpg\" alt=\"\" class=\"wp-image-25094\" width=\"1068\" height=\"1068\" srcset=\"https:\/\/fedai.az\/wp-content\/uploads\/2021\/01\/8265a327389da9fe4fdc2714b309120e-1-1.jpg 600w, https:\/\/fedai.az\/wp-content\/uploads\/2021\/01\/8265a327389da9fe4fdc2714b309120e-1-1-300x300.jpg 300w, https:\/\/fedai.az\/wp-content\/uploads\/2021\/01\/8265a327389da9fe4fdc2714b309120e-1-1-150x150.jpg 150w, https:\/\/fedai.az\/wp-content\/uploads\/2021\/01\/8265a327389da9fe4fdc2714b309120e-1-1-215x215.jpg 215w\" sizes=\"auto, (max-width: 1068px) 100vw, 1068px\" \/><\/figure>\n","protected":false},"excerpt":{"rendered":"<p>AVMV\u0130B A\u011fda\u015f rayon \u015f\u00f6b\u0259sinin s\u0259dri, Birliyimizin f\u0259al \u015f\u00f6b\u0259 s\u0259drl\u0259rind\u0259n olan, a\u011f\u0131r d\u00f6y\u00fc\u015f yolu ke\u00e7mi\u015f \u0130lham Beydullayevin 53 ya\u015f\u0131 tamam olur. 2021-ci ilin ilk g\u00fcn\u00fcn\u00fc<\/p>\n","protected":false},"author":2,"featured_media":25097,"comment_status":"closed","ping_status":"closed","sticky":false,"template":"","format":"standard","meta":{"footnotes":""},"categories":[11],"tags":[],"class_list":["post-25090","post","type-post","status-publish","format-standard","has-post-thumbnail","hentry","category-tbrik"],"aioseo_notices":[],"_links":{"self":[{"href":"https:\/\/fedai.az\/index.php?rest_route=\/wp\/v2\/posts\/25090","targetHints":{"allow":["GET"]}}],"collection":[{"href":"https:\/\/fedai.az\/index.php?rest_route=\/wp\/v2\/posts"}],"about":[{"href":"https:\/\/fedai.az\/index.php?rest_route=\/wp\/v2\/types\/post"}],"author":[{"embeddable":true,"href":"https:\/\/fedai.az\/index.php?rest_route=\/wp\/v2\/users\/2"}],"replies":[{"embeddable":true,"href":"https:\/\/fedai.az\/index.php?rest_route=%2Fwp%2Fv2%2Fcomments&post=25090"}],"version-history":[{"count":2,"href":"https:\/\/fedai.az\/index.php?rest_route=\/wp\/v2\/posts\/25090\/revisions"}],"predecessor-version":[{"id":25098,"href":"https:\/\/fedai.az\/index.php?rest_route=\/wp\/v2\/posts\/25090\/revisions\/25098"}],"wp:featuredmedia":[{"embeddable":true,"href":"https:\/\/fedai.az\/index.php?rest_route=\/wp\/v2\/media\/25097"}],"wp:attachment":[{"href":"https:\/\/fedai.az\/index.php?rest_route=%2Fwp%2Fv2%2Fmedia&parent=25090"}],"wp:term":[{"taxonomy":"category","embeddable":true,"href":"https:\/\/fedai.az\/index.php?rest_route=%2Fwp%2Fv2%2Fcategories&post=25090"},{"taxonomy":"post_tag","embeddable":true,"href":"https:\/\/fedai.az\/index.php?rest_route=%2Fwp%2Fv2%2Ftags&post=25090"}],"curies":[{"name":"wp","href":"https:\/\/api.w.org\/{rel}","templated":true}]}}