{"id":25099,"date":"2021-01-01T03:30:15","date_gmt":"2020-12-31T23:30:15","guid":{"rendered":"https:\/\/fedai.az\/?p=25099"},"modified":"2021-01-01T03:30:19","modified_gmt":"2020-12-31T23:30:19","slug":"avmvib-agstafa-sob%c9%99sind%c9%99","status":"publish","type":"post","link":"https:\/\/fedai.az\/?p=25099","title":{"rendered":"AVMV\u0130B A\u011fstafa \u015f\u00f6b\u0259sind\u0259"},"content":{"rendered":"\n<p><strong>AVMV\u0130B A\u011fstafa rayon \u015f\u00f6b\u0259si s\u0259drinin m\u00fcavini \u018fdal\u0259t \u015e\u00fck\u00fcrovun verdiyi m\u0259lumata g\u00f6r\u0259, rayonda \u015f\u00f6b\u0259 \u00fczv\u00fcl\u0259ri v\u0259 \u00f6z\u0259k d\u0259st\u0259l\u0259rinin \u00fczvl\u0259ri xeyirxah \u0259m\u0259ll\u0259rini davam etdirib. <\/strong><\/p>\n\n\n\n<figure class=\"wp-block-image size-large is-resized\"><img loading=\"lazy\" decoding=\"async\" src=\"https:\/\/fedai.az\/wp-content\/uploads\/2020\/12\/109124229_841525256376320_7590015731660700562_n-225x300-1.jpg\" alt=\"\" class=\"wp-image-24856\" width=\"489\" height=\"651\" srcset=\"https:\/\/fedai.az\/wp-content\/uploads\/2020\/12\/109124229_841525256376320_7590015731660700562_n-225x300-1.jpg 225w, https:\/\/fedai.az\/wp-content\/uploads\/2020\/12\/109124229_841525256376320_7590015731660700562_n-225x300-1-113x150.jpg 113w\" sizes=\"auto, (max-width: 489px) 100vw, 489px\" \/><\/figure>\n\n\n\n<p>\u018f. \u015e\u00fck\u00fcrovun bildirdiyin\u0259 g\u00f6r\u0259, rayon \u015f\u00f6b\u0259sinin <strong>Q\u0131r\u0131l\u0131 k\u0259nd \u00f6z\u0259k s\u0259dri, ehtiyyatda olan ba\u015f leytenant \u015e\u00fck\u00fcr Ta\u011f\u0131yev<\/strong>in \u015f\u0259xsi t\u0259\u015f\u0259bb\u00fcs\u00fc il\u0259 v\u0259 Q\u0131r\u0131l\u0131 k\u0259nd b\u0259l\u0259diyy\u0259sinin s\u0259dri \u015eahlar \u018fzimovun hesab\u0131na yax\u0131nlarda r\u0259hm\u0259t\u0259 getmi\u015f m\u00fcharib\u0259 veteran\u0131m\u0131z \u015e\u00fck\u00fcr M\u0259mm\u0259dovun o\u011flu, V\u0259t\u0259n m\u00fcharib\u0259si qazisi Yamin M\u0259mm\u0259dovun evin\u0259 qaz x\u0259tti \u00e7\u0259kilmi\u015fdir. Bu c\u00fcr xeyirxah \u0259m\u0259ll\u0259rin h\u0259yata ke\u00e7irilm\u0259sind\u0259 AVMV\u0130B A\u011fstafa rayon \u015f\u00f6b\u0259si daim \u00f6z d\u0259st\u0259yini \u0259sirg\u0259mir.<\/p>\n\n\n\n<figure class=\"wp-block-image size-large is-resized\"><img loading=\"lazy\" decoding=\"async\" src=\"https:\/\/fedai.az\/wp-content\/uploads\/2021\/01\/kjk.jpg\" alt=\"\" class=\"wp-image-25101\" width=\"500\" height=\"659\" srcset=\"https:\/\/fedai.az\/wp-content\/uploads\/2021\/01\/kjk.jpg 557w, https:\/\/fedai.az\/wp-content\/uploads\/2021\/01\/kjk-228x300.jpg 228w, https:\/\/fedai.az\/wp-content\/uploads\/2021\/01\/kjk-114x150.jpg 114w\" sizes=\"auto, (max-width: 500px) 100vw, 500px\" \/><\/figure>\n\n\n\n<p>H\u0259m\u00e7inin, AVMV\u0130B A\u011fstafa rayon \u015f\u00f6b\u0259si s\u0259drinin m\u00fcavini \u018fdal\u0259t \u015e\u00fck\u00fcrov qeyd etdi ki, \u015f\u00f6b\u0259nin Q\u0131r\u0131l\u0131 \u00f6z\u0259k s\u0259dri \u015e\u00fck\u00fcr Ta\u011f\u0131yevin t\u0259\u015f\u0259bb\u00fcs\u00fc v\u0259 t\u0259\u015fkilat\u00e7\u0131l\u0131\u011f\u0131 il\u0259 Bravo v\u0259 AB\u015e-\u0131n World International beyn\u0259lxalq humanitar t\u0259\u015fkilat\u0131 adlar\u0131 qeyd olunan h\u0259rbi qulluq\u00e7ular\u0131n ail\u0259l\u0259rin\u0259 bayram sovqat\u0131 paylay\u0131b. <\/p>\n\n\n\n<ol class=\"wp-block-list\"><li>\u018fliyev Sirac \u015e\u00f6hr\u0259t o\u011flu<\/li><li>H\u0259s\u0259nov N\u0259riman M\u0259h\u0259mm\u0259d o\u011flu<\/li><li>Abbasov Bakir Sovet o\u011flu<\/li><li>Abbasov X\u0259yyam Sovet o\u011flu<\/li><li>Rzayev V\u00fcsal Arif o\u011flu<\/li><li>Q\u0259hr\u0259manov S\u0259dail Q\u0259hr\u0259man o\u011flu<\/li><li>Q\u0259hr\u0259manov F\u0259zail Q\u0259hr\u0259man o\u011flu<\/li><li>Musayev R\u0259hman Elxan o\u011flu<\/li><li>\u0130mam\u0259liyev Elvin Elsev\u0259r o\u011flu<\/li><li>H\u00fcseynli \u018fliheyd\u0259r S\u0259lah\u0259ddin o\u011flu<\/li><li>Abdullayev Elg\u00fcn \u018fmirxan o\u011flu<\/li><li>Quliyev T\u0259briz \u0130lqar o\u011flu<\/li><li>\u018fmrahov Emin \u018fv\u0259z o\u011flu v\u0259 bundan ba\u015fqa 19 n\u0259f\u0259r qazi ail\u0259sin\u0259 d\u0259 bayram sovqatlar\u0131 verilmi\u015fdir.<\/li><\/ol>\n\n\n\n<p><strong>Elnur S\u0259lim<\/strong><\/p>\n","protected":false},"excerpt":{"rendered":"<p>AVMV\u0130B A\u011fstafa rayon \u015f\u00f6b\u0259si s\u0259drinin m\u00fcavini \u018fdal\u0259t \u015e\u00fck\u00fcrovun verdiyi m\u0259lumata g\u00f6r\u0259, rayonda \u015f\u00f6b\u0259 \u00fczv\u00fcl\u0259ri v\u0259 \u00f6z\u0259k d\u0259st\u0259l\u0259rinin \u00fczvl\u0259ri xeyirxah \u0259m\u0259ll\u0259rini davam etdirib. \u018f. \u015e\u00fck\u00fcrovun<\/p>\n","protected":false},"author":2,"featured_media":25102,"comment_status":"closed","ping_status":"closed","sticky":false,"template":"","format":"standard","meta":{"footnotes":""},"categories":[5],"tags":[],"class_list":["post-25099","post","type-post","status-publish","format-standard","has-post-thumbnail","hentry","category-veteran"],"aioseo_notices":[],"_links":{"self":[{"href":"https:\/\/fedai.az\/index.php?rest_route=\/wp\/v2\/posts\/25099","targetHints":{"allow":["GET"]}}],"collection":[{"href":"https:\/\/fedai.az\/index.php?rest_route=\/wp\/v2\/posts"}],"about":[{"href":"https:\/\/fedai.az\/index.php?rest_route=\/wp\/v2\/types\/post"}],"author":[{"embeddable":true,"href":"https:\/\/fedai.az\/index.php?rest_route=\/wp\/v2\/users\/2"}],"replies":[{"embeddable":true,"href":"https:\/\/fedai.az\/index.php?rest_route=%2Fwp%2Fv2%2Fcomments&post=25099"}],"version-history":[{"count":1,"href":"https:\/\/fedai.az\/index.php?rest_route=\/wp\/v2\/posts\/25099\/revisions"}],"predecessor-version":[{"id":25103,"href":"https:\/\/fedai.az\/index.php?rest_route=\/wp\/v2\/posts\/25099\/revisions\/25103"}],"wp:featuredmedia":[{"embeddable":true,"href":"https:\/\/fedai.az\/index.php?rest_route=\/wp\/v2\/media\/25102"}],"wp:attachment":[{"href":"https:\/\/fedai.az\/index.php?rest_route=%2Fwp%2Fv2%2Fmedia&parent=25099"}],"wp:term":[{"taxonomy":"category","embeddable":true,"href":"https:\/\/fedai.az\/index.php?rest_route=%2Fwp%2Fv2%2Fcategories&post=25099"},{"taxonomy":"post_tag","embeddable":true,"href":"https:\/\/fedai.az\/index.php?rest_route=%2Fwp%2Fv2%2Ftags&post=25099"}],"curies":[{"name":"wp","href":"https:\/\/api.w.org\/{rel}","templated":true}]}}