{"id":25104,"date":"2021-01-01T03:45:46","date_gmt":"2020-12-31T23:45:46","guid":{"rendered":"https:\/\/fedai.az\/?p=25104"},"modified":"2021-01-01T03:45:48","modified_gmt":"2020-12-31T23:45:48","slug":"rusiya-sulhm%c9%99ramlilari-qarabaga-yeni-erm%c9%99ni-silahlilari-yerl%c9%99sdirir-moskva-v%c9%99-ir%c9%99vandan-at%c9%99sk%c9%99s-b%c9%99yanatini-pozan-addimlar","status":"publish","type":"post","link":"https:\/\/fedai.az\/?p=25104","title":{"rendered":"RUS\u0130YA S\u00dcLHM\u018fRAMLILARI QARABA\u011eA YEN\u0130 ERM\u018fN\u0130 S\u0130LAHLILARI YERL\u018f\u015eD\u0130R\u0130R! &#8212; Moskva v\u0259 \u0130r\u0259vandan At\u0259\u015fk\u0259s B\u0259yanat\u0131n\u0131 pozan add\u0131mlar"},"content":{"rendered":"\n<p><strong>S\u00fclhm\u0259raml\u0131lar Qaraba\u011fa erm\u0259nil\u0259rl\u0259 yana\u015f\u0131, h\u0259rbi texnika v\u0259 humanitar yard\u0131m ad\u0131 alt\u0131nda y\u00fck da\u015f\u0131y\u0131rlar &#8212;&nbsp;<\/strong><strong>Rusiya Qaraba\u011fda h\u0259rbi baza yarad\u0131r?<\/strong><\/p>\n\n\n\n<p><strong>Az\u0259rbaycan \u0259sg\u0259ri i\u015f\u011fal\u00e7\u0131 Erm\u0259nistan ordusunu Qaraba\u011f\u0131n bir hiss\u0259sind\u0259n v\u0259 \u0259traf rayonlardan \u00e7\u0131xartd\u0131. Ancaq b\u00f6lg\u0259d\u0259 erm\u0259ni silahl\u0131lar\u0131 h\u0259l\u0259 d\u0259 qal\u0131r. Bundan ba\u015fqa, Qaraba\u011fa Rusiyan\u0131n s\u00fclhm\u0259raml\u0131 h\u0259rbi q\u00fcvv\u0259l\u0259ri d\u0259 yeridilib.&nbsp;Dem\u0259li, Az\u0259rbaycan \u0259razisind\u0259 iki \u00f6lk\u0259nin silahl\u0131lar\u0131 var. Eyni zamanda separat\u00e7\u0131lar da orada qanunsuz silahl\u0131 d\u0259st\u0259 saxlay\u0131rlar.<\/strong><\/p>\n\n\n\n<p>Erm\u0259nil\u0259ri C\u0259nubi Qafqaza, daha do\u011frusu, Az\u0259rbaycan torpaqlar\u0131na Rusiya yerl\u0259\u015fdirib, Erm\u0259nistan\u0131 SSR\u0130 v\u0259 ya Rusiya yarad\u0131b, erm\u0259nil\u0259rin \u0259n b\u00f6y\u00fck himay\u0259\u00e7isi Rusiyad\u0131r,\u00a0Erm\u0259nistan v\u0259 Qaraba\u011f erm\u0259nil\u0259rd\u0259n \u00e7ox Rusiyaya laz\u0131md\u0131r v\u0259 bu istiqam\u0259td\u0259 olan ba\u015fqa h\u0259qiq\u0259tl\u0259ri dey\u0259nd\u0259 b\u0259zil\u0259ri \u00f6zl\u0259rini obyektiv g\u00f6st\u0259rm\u0259k \u00fc\u00e7\u00fcn tarix-m\u0259nb\u0259 oyunu oynay\u0131r, miladdan \u00f6nc\u0259d\u0259n d\u0259 ilkin m\u0259nb\u0259 kimi istifad\u0259 edirl\u0259r.\u00a0Ancaq az\u0131ndan son 200 ild\u0259 ba\u015f ver\u0259nl\u0259r erm\u0259ni-Rusiya m\u00fcnasib\u0259tl\u0259rinin mahiyy\u0259tini g\u00f6r\u00fcb anlamaq \u00fc\u00e7\u00fcn \u0259n yax\u015f\u0131 g\u00fczg\u00fcd\u00fcr.<\/p>\n\n\n\n<p>Qaraba\u011f\u0131n sovet v\u0259 Rusiya h\u0259rb\u00e7il\u0259rinin i\u015ftirak\u0131 il\u0259 i\u015f\u011fal olundu\u011funu da \u0259sasland\u0131rma\u011fa ehtiyac yoxdur. Yuxar\u0131da qeyd etdiyimiz birliyin ke\u00e7mi\u015f f\u0259aliyy\u0259ti d\u0259 bunu t\u0259sdiql\u0259yir.\u00a01990-c\u0131 ild\u0259 az\u0259rbaycanl\u0131lar Qaraba\u011fda \u00f6z evl\u0259rini ov t\u00fcf\u0259ngi il\u0259 qoruyurdu. H\u0259min ill\u0259rd\u0259 erm\u0259nil\u0259r onlar\u0131n yurdlar\u0131n\u0131n \u00fcst\u00fcn\u0259 sovet tanklar\u0131, \u0259li avtomatl\u0131 \u0259sg\u0259rl\u0259ri il\u0259 gedirdi. Yaxud 1991-ci il noyabr\u0131n 20-d\u0259 ba\u015f vermi\u015f Qarak\u0259nd faci\u0259sini d\u0259 bu yerd\u0259 xat\u0131rladaq.\u00a0<\/p>\n\n\n\n<figure class=\"wp-block-image size-large\"><img loading=\"lazy\" decoding=\"async\" width=\"512\" height=\"344\" src=\"https:\/\/fedai.az\/wp-content\/uploads\/2021\/01\/fbf5c2c1-4c2b-3439-9fe0-9bdb3d9f0f51.jpg\" alt=\"\" class=\"wp-image-25105\" srcset=\"https:\/\/fedai.az\/wp-content\/uploads\/2021\/01\/fbf5c2c1-4c2b-3439-9fe0-9bdb3d9f0f51.jpg 512w, https:\/\/fedai.az\/wp-content\/uploads\/2021\/01\/fbf5c2c1-4c2b-3439-9fe0-9bdb3d9f0f51-300x202.jpg 300w, https:\/\/fedai.az\/wp-content\/uploads\/2021\/01\/fbf5c2c1-4c2b-3439-9fe0-9bdb3d9f0f51-150x101.jpg 150w\" sizes=\"auto, (max-width: 512px) 100vw, 512px\" \/><\/figure>\n\n\n\n<p>Onda Rusiyan\u0131n \u0130TAR-TASS agentliyi helikopterin dumanl\u0131 havada qayalara \u00e7arp\u0131ld\u0131\u011f\u0131n\u0131 bildirmi\u015fdi. Ancaq istintaq zaman\u0131 onda raket partlay\u0131\u015f\u0131na uy\u011fun g\u00f6vd\u0259 de\u015fikl\u0259ri a\u015fkar olunmu\u015fdu. H\u0259min tarixd\u0259 Erm\u0259nistan v\u0259 Az\u0259rbaycan m\u00fcst\u0259qilliyini yenic\u0259 b\u0259rpa etmi\u015fdi.\u00a0Erm\u0259nil\u0259r\u0259 helikopteri vurmaqda Rusiya h\u0259rb\u00e7il\u0259rinin yard\u0131m etdiyi d\u0259 t\u0259sdiql\u0259ndi.<\/p>\n\n\n\n<p><strong>Ba\u015fqa bir misal. 1992-ci il fevral\u0131n 26-da erm\u0259ni silahl\u0131lar\u0131 v\u0259 Rusiya s\u00fclhm\u0259raml\u0131lar\u0131n\u0131n birg\u0259 f\u0259aliyy\u0259ti n\u0259tic\u0259sind\u0259 Xocal\u0131 soyq\u0131r\u0131m\u0131 t\u00f6r\u0259dilib.<\/strong>&nbsp;6 h\u0259ft\u0259lik d\u00f6y\u00fc\u015fl\u0259r zaman\u0131 Erm\u0259nistan\u0131n i\u015f\u011fal alt\u0131nda saxlad\u0131\u011f\u0131 Az\u0259rbaycan torpaqlar\u0131nda tikdiyi s\u0131\u011f\u0131nacaq, s\u0259ng\u0259rl\u0259r, ba\u015fqa m\u00fch\u0259ndis-istehkam obyektl\u0259ri a\u015fkarland\u0131, da\u011f\u0131d\u0131ld\u0131. Bu tikilil\u0259ri erm\u0259nil\u0259rin t\u0259kba\u015f\u0131na etdikl\u0259ri \u015f\u00fcbh\u0259 do\u011furur. Ona g\u00f6r\u0259 ehtimal edilir ki, bu i\u015fl\u0259rd\u0259 Rusiya, Fransa v\u0259 AB\u015e m\u00fch\u0259ndisl\u0259ri d\u0259 erm\u0259nil\u0259r\u0259 sxeml\u0259rl\u0259 yard\u0131m edibl\u0259r.<\/p>\n\n\n\n<p>Erm\u0259nistan ian\u0259l\u0259r hesab\u0131na m\u00f6vcud olan siyasi-inzibati obyektdir. D\u00f6y\u00fc\u015fl\u0259r zaman onun h\u0259rbi texnikas\u0131n\u0131n z\u0259if olmad\u0131\u011f\u0131 da m\u0259lum oldu. Onlar\u0131 erm\u0259nil\u0259r\u0259 \u201cian\u0259\u201d olaraq Rusiyan\u0131n verdiyi d\u0259 istisna edilmir. El\u0259 Az\u0259rbaycan Silahl\u0131 Q\u00fcvv\u0259l\u0259rinin \u0259ks-h\u00fccum \u0259m\u0259liyyat\u0131na ba\u015flamazdan bir ne\u00e7\u0259 g\u00fcn qabaq Rusiyan\u0131n \u0130ran \u0259razisind\u0259n ke\u00e7\u0259r\u0259k Erm\u0259nistana \u00f6t\u00fcrd\u00fcy\u00fc h\u0259rbi texnika bar\u0259d\u0259 x\u0259b\u0259ri xat\u0131rlamaq yet\u0259rlidir.\u00a0Dem\u0259li, Az\u0259rbaycan\u0131n Qaraba\u011fdak\u0131 torpaqlar\u0131n\u0131n i\u015f\u011fal alt\u0131nda saxlan\u0131lmas\u0131nda erm\u0259nil\u0259r\u0259 yard\u0131m edilm\u0259si istisna deyil.\u00a0\u00c7\u00fcnki ian\u0259l\u0259r hesab\u0131na ya\u015fayan bir \u00f6lk\u0259 v\u0259 xalq n\u0259 q\u00fcdr\u0259tli ordu yarada, n\u0259 d\u0259 m\u00fcharib\u0259 ed\u0259 bil\u0259r.\u00a0<\/p>\n\n\n\n<p>44 g\u00fcnl\u00fck d\u00f6y\u00fc\u015fl\u0259rd\u0259 erm\u0259ni g\u0259ncl\u0259rinin \u00f6l\u00fcm\u00fcn\u00fcn m\u0259suliyy\u0259tini erm\u0259nilik ideologiyas\u0131n\u0131n da\u015f\u0131y\u0131c\u0131lar\u0131 il\u0259 yana\u015f\u0131, Erm\u0259nistan\u0131 quran, erm\u0259nil\u0259ri Az\u0259rbaycan torpaqlar\u0131na g\u0259tir\u0259nl\u0259r v\u0259 onlar\u0131 himay\u0259 ed\u0259nl\u0259r d\u0259 da\u015f\u0131y\u0131r.<\/p>\n\n\n\n<p>\u018fslind\u0259, d\u00f6y\u00fc\u015fl\u0259r n\u0259tic\u0259sind\u0259 Qaraba\u011f m\u0259s\u0259l\u0259si \u00f6z h\u0259llini bird\u0259f\u0259lik tapa bil\u0259rdi. Separat\u00e7\u0131lar b\u00f6lg\u0259d\u0259n qa\u00e7m\u0131\u015f, silahl\u0131lar\u0131 m\u00f6vqel\u0259ri t\u0259rk etmi\u015fdil\u0259r.\u00a0Ancaq onlar\u0131n yard\u0131m\u0131na yen\u0259 d\u0259 Rusiya \u00e7atd\u0131. Noyabr\u0131n 10-da imzalanan m\u0259lum b\u0259yanatla at\u0259\u015fk\u0259s oldu. Bundan sonra erm\u0259nil\u0259r yen\u0259 \u0259vv\u0259lki kimi Az\u0259rbaycana qar\u015f\u0131 qanunsuz \u0259m\u0259ll\u0259r t\u00f6r\u0259tm\u0259y\u0259 davam edirl\u0259r.\u00a0Xank\u0259ndind\u0259 h\u0259l\u0259 d\u0259 Az\u0259rbaycan Respublikas\u0131n\u0131n d\u00f6vl\u0259t bayra\u011f\u0131 dal\u011falanm\u0131r. Orada Rusiya v\u0259 Erm\u0259nistan\u0131n bayraqlar\u0131 il\u0259 yana\u015f\u0131, separat\u00e7\u0131lar\u0131n r\u0259mzi as\u0131l\u0131b.\u00a0Bu is\u0259 \u00f6z-\u00f6zl\u00fcy\u00fcnd\u0259 \u00e7ox m\u0259tl\u0259bl\u0259rd\u0259n x\u0259b\u0259r verir&#8230;\u00a0<\/p>\n\n\n\n<p><strong>Odur ki, t\u0259bii olaraq sual yaran\u0131r: q\u0259rargah\u0131 Xank\u0259ndind\u0259 yerl\u0259\u015f\u0259n Rusiya s\u00fclhm\u0259raml\u0131lar\u0131 kimi kimd\u0259n qoruyur?<\/strong><\/p>\n\n\n\n<figure class=\"wp-block-image size-large\"><img loading=\"lazy\" decoding=\"async\" width=\"1024\" height=\"576\" src=\"https:\/\/fedai.az\/wp-content\/uploads\/2021\/01\/3f40b4e1-d107-3624-b659-263ac994cb56-1024x576.jpg\" alt=\"\" class=\"wp-image-25106\" srcset=\"https:\/\/fedai.az\/wp-content\/uploads\/2021\/01\/3f40b4e1-d107-3624-b659-263ac994cb56-1024x576.jpg 1024w, https:\/\/fedai.az\/wp-content\/uploads\/2021\/01\/3f40b4e1-d107-3624-b659-263ac994cb56-300x169.jpg 300w, https:\/\/fedai.az\/wp-content\/uploads\/2021\/01\/3f40b4e1-d107-3624-b659-263ac994cb56-150x84.jpg 150w, https:\/\/fedai.az\/wp-content\/uploads\/2021\/01\/3f40b4e1-d107-3624-b659-263ac994cb56-768x432.jpg 768w, https:\/\/fedai.az\/wp-content\/uploads\/2021\/01\/3f40b4e1-d107-3624-b659-263ac994cb56-1536x864.jpg 1536w, https:\/\/fedai.az\/wp-content\/uploads\/2021\/01\/3f40b4e1-d107-3624-b659-263ac994cb56.jpg 1600w\" sizes=\"auto, (max-width: 1024px) 100vw, 1024px\" \/><\/figure>\n\n\n\n<p>M\u0259lum at\u0259\u015fk\u0259s b\u0259yanat\u0131 imzalanan gec\u0259nin s\u0259h\u0259ri, y\u0259ni noyabr\u0131n 10-u g\u00fcnd\u00fcz saatlar\u0131nda Rusiya s\u00fclhm\u0259raml\u0131lar\u0131 Az\u0259rbaycan \u0259razisin\u0259 daxil oldu. Bundan sonra s\u00fclhm\u0259raml\u0131lar Qaraba\u011fdan getdiyi iddia olunan erm\u0259nil\u0259ri b\u00f6lg\u0259y\u0259 da\u015f\u0131ma\u011fa ba\u015flad\u0131. \u0130ndi onlar\u0131n say\u0131 50 min\u0259 \u00e7at\u0131r. Ancaq m\u0259s\u0259l\u0259 yaln\u0131z sayda deyil. D\u00f6y\u00fc\u015fl\u0259r zaman\u0131 m\u0259lum oldu ki, erm\u0259nil\u0259r he\u00e7 vaxt ya\u015famad\u0131qlar\u0131 Az\u0259rbaycan \u0259razil\u0259rind\u0259 m\u0259skunla\u015fd\u0131rl\u0131blar.\u00a0<\/p>\n\n\n\n<p>Onlar h\u0259min rayonlardan \u00e7\u0131xar\u0131landa \u00f6z evl\u0259rini t\u0259rk edirl\u0259rmi\u015f kimi t\u0259\u0259ss\u00fcfl\u0259nir v\u0259 tikilil\u0259ri yand\u0131r\u0131r, me\u015f\u0259l\u0259rin a\u011faclar\u0131n\u0131 az qala k\u00f6k\u00fcnd\u0259n \u00e7\u0131xar\u0131b aparmaq ist\u0259yirdil\u0259r. Bu bax\u0131mdan Rusiya s\u00fclhm\u0259raml\u0131lar\u0131n\u0131n Qaraba\u011fa da\u015f\u0131d\u0131qlar\u0131 erm\u0259nil\u0259rin Az\u0259rbaycan v\u0259t\u0259nda\u015f\u0131 olduqlar\u0131n\u0131 t\u0259sdiql\u0259y\u0259n s\u0259n\u0259d varm\u0131? Yaxud onlar\u0131n 1988-ci ild\u0259n \u0259vv\u0259l Qaraba\u011fda ya\u015fad\u0131qlar\u0131n\u0131 kim yoxlay\u0131r? Rusiyan\u0131n Qaraba\u011fa g\u0259tirdiyi \u201cqa\u00e7q\u0131n erm\u0259nil\u0259rin\u201d perspektivd\u0259 Az\u0259rbaycan d\u00f6vl\u0259tin\u0259 qar\u015f\u0131 \u0259li silahl\u0131 terror\u00e7u olmayaca\u011f\u0131na hans\u0131 d\u00f6vl\u0259t t\u0259minat verir?<\/p>\n\n\n\n<p>Erm\u0259nil\u0259r az qala 200 il \u0259vv\u0259l oldu\u011fu kimi Qaraba\u011fa Rusiyan\u0131n yana\u015fmas\u0131 il\u0259 m\u0259skunla\u015fd\u0131r\u0131l\u0131r. S\u00fclhm\u0259raml\u0131 say\u0131lan h\u0259min q\u00fcvv\u0259l\u0259rin f\u0259aliyy\u0259tin\u0259 Az\u0259rbaycan t\u0259r\u0259fd\u0259n h\u0259l\u0259 d\u0259 ictimai n\u0259zar\u0259t t\u0259\u015fkil edilm\u0259yib. Bu is\u0259 rusiyal\u0131 h\u0259rb\u00e7il\u0259rin f\u0259aliyy\u0259tinin \u015f\u0259ffafl\u0131\u011f\u0131n\u0131 \u015f\u00fcbh\u0259 alt\u0131na al\u0131r.\u00a0<\/p>\n\n\n\n<figure class=\"wp-block-gallery columns-2 is-cropped wp-block-gallery-1 is-layout-flex wp-block-gallery-is-layout-flex\"><ul class=\"blocks-gallery-grid\"><li class=\"blocks-gallery-item\"><figure><img loading=\"lazy\" decoding=\"async\" width=\"1024\" height=\"632\" src=\"https:\/\/fedai.az\/wp-content\/uploads\/2021\/01\/75cfce83-60e4-3c7e-87fe-f5294b21352a-1024x632.jpg\" alt=\"\" data-id=\"25107\" data-link=\"https:\/\/fedai.az\/?attachment_id=25107\" class=\"wp-image-25107\" srcset=\"https:\/\/fedai.az\/wp-content\/uploads\/2021\/01\/75cfce83-60e4-3c7e-87fe-f5294b21352a-1024x632.jpg 1024w, https:\/\/fedai.az\/wp-content\/uploads\/2021\/01\/75cfce83-60e4-3c7e-87fe-f5294b21352a-300x185.jpg 300w, https:\/\/fedai.az\/wp-content\/uploads\/2021\/01\/75cfce83-60e4-3c7e-87fe-f5294b21352a-150x93.jpg 150w, https:\/\/fedai.az\/wp-content\/uploads\/2021\/01\/75cfce83-60e4-3c7e-87fe-f5294b21352a-768x474.jpg 768w, https:\/\/fedai.az\/wp-content\/uploads\/2021\/01\/75cfce83-60e4-3c7e-87fe-f5294b21352a-1536x948.jpg 1536w, https:\/\/fedai.az\/wp-content\/uploads\/2021\/01\/75cfce83-60e4-3c7e-87fe-f5294b21352a.jpg 1880w\" sizes=\"auto, (max-width: 1024px) 100vw, 1024px\" \/><\/figure><\/li><li class=\"blocks-gallery-item\"><figure><img loading=\"lazy\" decoding=\"async\" width=\"650\" height=\"408\" src=\"https:\/\/fedai.az\/wp-content\/uploads\/2021\/01\/lll.jpg\" alt=\"\" data-id=\"25108\" data-full-url=\"https:\/\/fedai.az\/wp-content\/uploads\/2021\/01\/lll.jpg\" data-link=\"https:\/\/fedai.az\/?attachment_id=25108\" class=\"wp-image-25108\" srcset=\"https:\/\/fedai.az\/wp-content\/uploads\/2021\/01\/lll.jpg 650w, https:\/\/fedai.az\/wp-content\/uploads\/2021\/01\/lll-300x188.jpg 300w, https:\/\/fedai.az\/wp-content\/uploads\/2021\/01\/lll-150x94.jpg 150w, https:\/\/fedai.az\/wp-content\/uploads\/2021\/01\/lll-115x73.jpg 115w\" sizes=\"auto, (max-width: 650px) 100vw, 650px\" \/><\/figure><\/li><\/ul><\/figure>\n\n\n\n<p>Separat\u00e7\u0131lar\u0131n ba\u015f\u00e7\u0131s\u0131 Araik Arutyunyan s\u00fclhm\u0259raml\u0131larla birlikd\u0259 \u201ci\u015fl\u0259yir\u201d. Dem\u0259li, separat\u00e7\u0131lar\u0131n n\u0259zar\u0259ti alt\u0131nda olan silahl\u0131lar\u0131n t\u0259rk-silah olunmas\u0131nda he\u00e7 bir problem ya\u015fanmaz.\u00a0Bundan ba\u015fqa, Qaraba\u011fda erm\u0259nil\u0259rin silahlanmas\u0131nda AT\u018fT-in Minsk qrupunun h\u0259ms\u0259drl\u0259ri, o c\u00fcml\u0259d\u0259n Rusiya da m\u0259suliyy\u0259t da\u015f\u0131y\u0131r. \u0130ndiy\u0259d\u0259k dan\u0131\u015f\u0131qlarda he\u00e7 vaxt separat\u00e7\u0131lar\u0131n t\u0259rk-silah olunmas\u0131 m\u0259s\u0259l\u0259si g\u00fcnd\u0259likd\u0259 olmay\u0131b.<\/p>\n\n\n\n<p>Ba\u015fqa s\u00f6zl\u0259, vasit\u0259\u00e7il\u0259r onlar\u0131 g\u00f6rm\u0259zd\u0259n g\u0259lib, r\u0259smi saymay\u0131b, \u0259sas\u0259n Qaraba\u011fdak\u0131 Erm\u0259nistan silahl\u0131lar\u0131ndan b\u0259hs edilib. Bu \u015f\u0259raitd\u0259 is\u0259 separat\u00e7\u0131lar\u0131n silahl\u0131 d\u0259st\u0259l\u0259ri formala\u015f\u0131b. Onlar haz\u0131rda da f\u0259aliyy\u0259t g\u00f6st\u0259rirl\u0259r.&nbsp;<\/p>\n\n\n\n<figure class=\"wp-block-image size-large\"><img loading=\"lazy\" decoding=\"async\" width=\"1000\" height=\"541\" src=\"https:\/\/fedai.az\/wp-content\/uploads\/2021\/01\/bfde2ea7-4fd2-4bb4-993f-ca13e973e70b.jpg\" alt=\"\" class=\"wp-image-25109\" srcset=\"https:\/\/fedai.az\/wp-content\/uploads\/2021\/01\/bfde2ea7-4fd2-4bb4-993f-ca13e973e70b.jpg 1000w, https:\/\/fedai.az\/wp-content\/uploads\/2021\/01\/bfde2ea7-4fd2-4bb4-993f-ca13e973e70b-300x162.jpg 300w, https:\/\/fedai.az\/wp-content\/uploads\/2021\/01\/bfde2ea7-4fd2-4bb4-993f-ca13e973e70b-150x81.jpg 150w, https:\/\/fedai.az\/wp-content\/uploads\/2021\/01\/bfde2ea7-4fd2-4bb4-993f-ca13e973e70b-768x415.jpg 768w\" sizes=\"auto, (max-width: 1000px) 100vw, 1000px\" \/><\/figure>\n\n\n\n<p>Dem\u0259li, Qaraba\u011f\u0131n Rusiya s\u00fclhm\u0259raml\u0131lar\u0131n\u0131n n\u0259zar\u0259ti alt\u0131nda olan hiss\u0259sind\u0259 Erm\u0259nistan h\u0259rb\u00e7il\u0259ri il\u0259 yana\u015f\u0131, separat\u00e7\u0131lar\u0131n silahl\u0131lar\u0131 da qal\u0131r. Bu is\u0259 B\u0259yanat\u0131n 4-c\u00fc madd\u0259sinin Rusiya v\u0259 Erm\u0259nistan t\u0259r\u0259find\u0259n pozulmas\u0131d\u0131r:\u00a0\u201cRusiya Federasiyas\u0131n\u0131n s\u00fclhm\u0259raml\u0131 kontingenti erm\u0259ni silahl\u0131 q\u00fcvv\u0259l\u0259rinin \u00e7\u0131xar\u0131lmas\u0131 il\u0259 paralel \u015f\u0259kild\u0259 yerl\u0259\u015fdirilir&#8230;\u201d\u00a0H\u0259r halda b\u00f6lg\u0259d\u0259 erm\u0259ni silahl\u0131lar\u0131 olmazsa, at\u0259\u015fk\u0259s daha tez t\u0259min olunar.<\/p>\n\n\n\n<p>Yeri g\u0259lmi\u015fk\u0259n, Erm\u0259nistandak\u0131 erm\u0259ni valideynl\u0259r \u00f6vladlar\u0131n\u0131 Qaraba\u011fa h\u0259rbi xidm\u0259t\u0259 g\u00f6nd\u0259rm\u0259kd\u0259n imtina edirl\u0259r:\u00a0\u201cBizim h\u0259rbi xidm\u0259t\u0259 g\u00f6nd\u0259r\u0259c\u0259k u\u015fa\u011f\u0131m\u0131z yoxdur. Bizim u\u015faqlar\u0131m\u0131z\u0131n gedib qay\u0131tmas\u0131n\u0131n m\u0259suliyy\u0259tini kim da\u015f\u0131yacaq: h\u0259rbi komissar, yoxsa mer?\u201d<\/p>\n\n\n\n<p>Qeyd ed\u0259k ki, Erm\u0259nistan M\u00fcdafi\u0259 Nazirliyi Qaraba\u011fda h\u0259rbi xidm\u0259t ke\u00e7m\u0259k \u00fc\u00e7\u00fcn \u00f6lk\u0259 v\u0259t\u0259nda\u015flar\u0131na \u00e7a\u011f\u0131r\u0131\u015f g\u00f6nd\u0259rir. Sakinl\u0259r bu \u00e7a\u011f\u0131r\u0131\u015f\u0131 etirazla qar\u015f\u0131lay\u0131r.\u00a0M\u0259lumata g\u00f6r\u0259, bu g\u00fcnl\u0259rd\u0259 Erm\u0259nistan\u0131n Kotayk vilay\u0259tinin \u00c7arensavan rayonunda \u00e7a\u011f\u0131r\u0131\u015f paylayanlarla sakinl\u0259r aras\u0131nda toqqu\u015fma da olub. Bel\u0259 \u00e7\u0131x\u0131r, Erm\u0259nistan h\u0259rb\u00e7il\u0259ri Qaraba\u011f\u0131 t\u0259rk etm\u0259kd\u0259ns\u0259, Rusiya s\u00fclhm\u0259raml\u0131lar\u0131 yeni q\u00fcvv\u0259l\u0259rin yerl\u0259\u015fdirilm\u0259sini t\u0259\u015fkil edirl\u0259r.\u00a0Bu is\u0259 perspektivd\u0259 n\u0259 Rusiya, n\u0259 d\u0259 Erm\u0259nistan \u00fc\u00e7\u00fcn yax\u015f\u0131 he\u00e7 n\u0259 v\u0259d etmir.<\/p>\n\n\n\n<p>S\u00fclhm\u0259raml\u0131lar Qaraba\u011fa erm\u0259nil\u0259rl\u0259 yana\u015f\u0131, h\u0259rbi texnika v\u0259 humanitar yard\u0131m ad\u0131 alt\u0131nda y\u00fck da\u015f\u0131y\u0131rlar. \u0130ndiy\u0259d\u0259k dekabr\u0131n 11-d\u0259n 23-d\u0259k Rusiya Az\u0259rbaycan\u0131n bu b\u00f6lg\u0259sin\u0259 54 vaqon y\u00fck da\u015f\u0131nd\u0131\u011f\u0131n\u0131 bildirib.\u00a0Bunlar\u0131n 1 200 tonluq humanitar y\u00fck oldu\u011fu iddia olunur. Davran\u0131\u015f\u0131ndan bel\u0259 g\u00f6r\u00fcn\u00fcr ki, Rusiya Qaraba\u011fa yeni h\u0259rbi q\u00fcvv\u0259 yerl\u0259\u015fdirm\u0259yi planla\u015fd\u0131r\u0131r.\u00a0<\/p>\n\n\n\n<p>Bunun \u00fc\u00e7\u00fcn haz\u0131rl\u0131q i\u015fl\u0259ri d\u0259 art\u0131q g\u00f6r\u00fcl\u00fcr. Rusiyan\u0131n m\u00fcdafi\u0259 naziri Sergey \u015eoyqu prezident Vladimir Putinl\u0259 g\u00f6r\u00fc\u015f\u00fc zaman\u0131 Qaraba\u011fda 330 yerlik blok-modul h\u0259rbi \u015f\u0259h\u0259rciyin i\u015f\u0259 sal\u0131nd\u0131\u011f\u0131n\u0131 bildirib. Nazir qeyd edib ki, 2021-ci il aprelin 1-d\u0259k daha 32 modul \u015f\u0259h\u0259rciyin sal\u0131nmas\u0131n\u0131 n\u0259z\u0259rd\u0259 tutublar. Bu is\u0259 rusiyal\u0131 h\u0259rb\u00e7il\u0259rin say\u0131n\u0131n 5 d\u0259f\u0259 art\u0131r\u0131laca\u011f\u0131 dem\u0259kdir.&nbsp;<\/p>\n\n\n\n<p><strong>Xat\u0131rladaq ki, b\u0259yanata \u0259sas\u0259n, Rusiya kontingenti 1960 h\u0259rbi qulluq\u00e7udan, 90 BTR v\u0259 380 \u0259d\u0259d avtomobil v\u0259 dig\u0259r x\u00fcsusi texnikadan ibar\u0259t olmal\u0131d\u0131r. Ancaq Rusiyan\u0131n b\u00f6lg\u0259y\u0259 pilotsuz u\u00e7u\u015f aparat\u0131 bel\u0259 yerl\u0259\u015fdirdiyin\u0259 dair m\u0259lumatlar da yay\u0131l\u0131b.<\/strong><\/p>\n\n\n\n<p>O zaman yeni bir sual yaran\u0131r: Rusiya Qaraba\u011fda h\u0259rbi baza yarad\u0131r? Qaraba\u011fdak\u0131 erm\u0259ni silahl\u0131lar\u0131 is\u0259 perspektivd\u0259 h\u0259min h\u0259rbi bazada xidm\u0259t ed\u0259 bil\u0259r. Rusiya bazas\u0131nda xidm\u0259t ed\u0259n erm\u0259ni h\u0259rb\u00e7il\u0259r is\u0259 Az\u0259rbaycan \u00fc\u00e7\u00fcn problem yarada bil\u0259r. \u00c7\u00fcnki ke\u00e7mi\u015f sovet ordusunda xidm\u0259t ed\u0259n erm\u0259ni h\u0259rb\u00e7il\u0259r Qaraba\u011fda az\u0259rbaycanl\u0131 dinc \u0259haliy\u0259 qar\u015f\u0131 v\u0259h\u015filikl\u0259r t\u00f6r\u0259dibl\u0259r. Bunu t\u0259sdiql\u0259m\u0259k \u00fc\u00e7\u00fcn Xocal\u0131 soyq\u0131r\u0131m\u0131n\u0131n t\u00f6r\u0259dilm\u0259sind\u0259 birba\u015fa i\u015ftirak etmi\u015f Rusiyan\u0131n 366-c\u0131 motoat\u0131c\u0131 alay\u0131n\u0131n Qaraba\u011fdak\u0131 f\u0259aliyy\u0259tin \u00f6rn\u0259k g\u00f6st\u0259rm\u0259k yet\u0259rlidir.\u00a0<\/p>\n\n\n\n<figure class=\"wp-block-image size-large\"><img loading=\"lazy\" decoding=\"async\" width=\"1024\" height=\"661\" src=\"https:\/\/fedai.az\/wp-content\/uploads\/2021\/01\/99629ec7-1b25-35a8-953d-0a20645b490b-1024x661.jpg\" alt=\"\" class=\"wp-image-25110\" srcset=\"https:\/\/fedai.az\/wp-content\/uploads\/2021\/01\/99629ec7-1b25-35a8-953d-0a20645b490b-1024x661.jpg 1024w, https:\/\/fedai.az\/wp-content\/uploads\/2021\/01\/99629ec7-1b25-35a8-953d-0a20645b490b-300x194.jpg 300w, https:\/\/fedai.az\/wp-content\/uploads\/2021\/01\/99629ec7-1b25-35a8-953d-0a20645b490b-150x97.jpg 150w, https:\/\/fedai.az\/wp-content\/uploads\/2021\/01\/99629ec7-1b25-35a8-953d-0a20645b490b-768x496.jpg 768w, https:\/\/fedai.az\/wp-content\/uploads\/2021\/01\/99629ec7-1b25-35a8-953d-0a20645b490b-115x73.jpg 115w, https:\/\/fedai.az\/wp-content\/uploads\/2021\/01\/99629ec7-1b25-35a8-953d-0a20645b490b.jpg 1200w\" sizes=\"auto, (max-width: 1024px) 100vw, 1024px\" \/><\/figure>\n\n\n\n<p>Xocal\u0131 hadis\u0259sind\u0259n sonra Rusiyan\u0131n Zaqafqaziya h\u0259rbi dair\u0259si komandanl\u0131\u011f\u0131 alay\u0131 itkil\u0259rd\u0259n qorumaq \u00fc\u00e7\u00fcn m\u00fcnaqi\u015f\u0259 zonas\u0131ndan G\u00fcrc\u00fcstandak\u0131 Vaziani aerodromuna t\u0259xliy\u0259 etm\u0259k q\u0259rar\u0131na g\u0259ldi. T\u0259xliy\u0259 \u0259m\u0259liyyat\u0131 1992-ci il mart\u0131n 4-d\u0259 h\u0259yata ke\u00e7irilm\u0259y\u0259 ba\u015fland\u0131. H\u0259rbi texnika is\u0259 Qaraba\u011fdak\u0131 erm\u0259ni separat\u00e7\u0131lar\u0131na verildi, alay\u0131n \u015f\u0259xsi hey\u0259ti Qaraba\u011f\u0131 t\u0259rk etdi. Erm\u0259ni separat\u00e7\u0131lar\u0131na veril\u0259n \u00fcmumilikd\u0259 96 \u0259d\u0259d zirehli texnika bunlardan ibar\u0259t idi: 9 \u0259d\u0259d T-72 tank\u0131, 5 \u0259d\u0259d BTR-70 d\u00f6y\u00fc\u015f ma\u015f\u0131n\u0131, 49 \u0259d\u0259d BMP-1 piyada d\u00f6y\u00fc\u015f ma\u015f\u0131n\u0131, 28 \u0259d\u0259d BMP-2 piyada d\u00f6y\u00fc\u015f ma\u015f\u0131n\u0131, 5 \u0259d\u0259d BRM-1k d\u00f6y\u00fc\u015f texnikas\u0131. Bu h\u0259rbi texnikalar ilk d\u0259f\u0259 1992-ci il mart\u0131n 6-da Az\u0259rbaycan Ordusunun \u018fsg\u0259rana h\u00fccumunun qar\u015f\u0131s\u0131n\u0131 almaq \u00fc\u00e7\u00fcn istifad\u0259 olundu. Alay\u0131n t\u0259rkibind\u0259 xidm\u0259t ed\u0259n Rusiyan\u0131n 22 zabiti d\u0259 daxil olmaqla 180 \u0259sg\u0259r erm\u0259ni separat\u00e7\u0131lar\u0131n t\u0259r\u0259find\u0259 d\u00f6y\u00fc\u015fm\u0259k \u00fc\u00e7\u00fcn Qaraba\u011fda qald\u0131. Onlar\u0131n aras\u0131nda erm\u0259nil\u0259r, o c\u00fcml\u0259d\u0259n Erm\u0259nistan\u0131n g\u0259l\u0259c\u0259k m\u00fcdafi\u0259 naziri Seyran Ohanyan da var idi.<\/p>\n\n\n\n<p><strong>Rusiyan\u0131n 366-c\u0131 motoat\u0131c\u0131 alay\u0131 1992-ci il mart\u0131n 10-da t\u0259xliy\u0259d\u0259n sonra burax\u0131l\u0131b. \u018fslind\u0259 onda alayda buraxmaq \u00fc\u00e7\u00fcn he\u00e7 n\u0259 qalmam\u0131\u015fd\u0131. Sad\u0259c\u0259 ad\u0131 Rusiya silahl\u0131 q\u00fcvv\u0259l\u0259rinin siyah\u0131s\u0131ndan \u00e7\u0131xar\u0131ld\u0131. Bu bax\u0131mdan Rusiya s\u00fclhm\u0259raml\u0131lar\u0131n\u0131n aqib\u0259tinin perspektivd\u0259 336-c\u0131 alaya ox\u015fayaca\u011f\u0131 ehtimal\u0131 az deyil.&nbsp;\u018fks halda Rusiya t\u0259r\u0259fi erm\u0259ni silahl\u0131lar\u0131n\u0131n b\u00f6lg\u0259d\u0259 qalmas\u0131na niy\u0259 maraq g\u00f6st\u0259rir?!<\/strong><\/p>\n\n\n\n<p>Rusiya b\u00f6lg\u0259y\u0259 da\u015f\u0131d\u0131\u011f\u0131 erm\u0259nil\u0259rl\u0259 Az\u0259rbaycan aras\u0131nda k\u00f6rp\u00fc rolunu oynamaq ist\u0259yirs\u0259, o zaman ilk n\u00f6vb\u0259d\u0259 Az\u0259rbaycan\u0131n \u0259razi b\u00fct\u00f6vl\u00fcy\u00fcn\u0259 diqq\u0259t ayr\u0131lmal\u0131d\u0131r. \u00d6lk\u0259nin suveren h\u00fcquqlar\u0131 b\u00f6lg\u0259d\u0259 t\u0259min edilm\u0259lidir.&nbsp;<\/p>\n\n\n\n<p>Etimad m\u00fchitinin yaranmas\u0131 \u00fc\u00e7\u00fcn Az\u0259rbaycan hakimiyy\u0259ti il\u0259 g\u0259tiril\u0259n erm\u0259nil\u0259rin g\u00f6r\u00fc\u015f\u00fcn\u00fcn t\u0259\u015fkil olunmas\u0131 daha m\u0259qs\u0259d\u0259uy\u011fun olard\u0131.&nbsp;Bel\u0259 g\u00f6r\u00fc\u015fl\u0259rin t\u0259\u015fkili erm\u0259nil\u0259rin xofunu azaldar. V\u0259ziyy\u0259t indiki kimi davam ed\u0259rs\u0259, Rusiya s\u00fclhm\u0259raml\u0131lar\u0131 erm\u0259nil\u0259ri Az\u0259rbaycan hakimiyy\u0259ti v\u0259 az\u0259rbaycanl\u0131lardan t\u0259crid \u015f\u0259raitind\u0259 saxlayarsa, inteqrasiya ba\u015f tutmayacaq. Bu h\u0259m d\u0259 Az\u0259rbaycan\u0131n \u00f6z erm\u0259ni v\u0259t\u0259nda\u015flar\u0131 il\u0259 \u00fcnsiyy\u0259tin\u0259, habel\u0259 Rusiyan\u0131n Qaraba\u011fdak\u0131 missiyas\u0131n\u0131n mandat\u0131na da yard\u0131m olar.&nbsp;<\/p>\n\n\n\n<p>Yoxsa, erm\u0259nil\u0259ri t\u0259cridd\u0259 saxlay\u0131b, onlar\u0131 Rusiyadan as\u0131l\u0131 v\u0259ziyy\u0259t\u0259 salmaq, hans\u0131sa status bar\u0259d\u0259 v\u0259dl\u0259r verm\u0259k m\u00fcnaqi\u015f\u0259nin yenid\u0259n yarana bil\u0259c\u0259yin\u0259 \u0259sas verir.<\/p>\n\n\n\n<p>Qeyd ed\u0259k ki, Rusiya Federasiya \u015euras\u0131n\u0131n ba\u015f\u00e7\u0131s\u0131 Valentina Matvienko dekabr\u0131n 24-d\u0259 jurnalistl\u0259r\u0259 a\u00e7\u0131qlamas\u0131nda bildirib: \u201c<strong>Da\u011fl\u0131q Qaraba\u011f\u0131n statusuna \u0259lav\u0259 dan\u0131\u015f\u0131qlar t\u0259l\u0259b olunur&#8230;\u201d&nbsp;<\/strong><\/p>\n\n\n\n<p>Bu sayaq \u00e7\u0131x\u0131\u015flar v\u0259 v\u0259dl\u0259r erm\u0259nil\u0259rin Az\u0259rbaycan ictimaiyy\u0259tin\u0259 inteqrasiyas\u0131n\u0131n qar\u015f\u0131s\u0131n\u0131 alan hallard\u0131r.<\/p>\n\n\n\n<figure class=\"wp-block-image size-large\"><img loading=\"lazy\" decoding=\"async\" width=\"1024\" height=\"576\" src=\"https:\/\/fedai.az\/wp-content\/uploads\/2021\/01\/c5d54b7a-b5d9-3650-b67d-e357fec8cb9b-1024x576.png\" alt=\"\" class=\"wp-image-25111\" srcset=\"https:\/\/fedai.az\/wp-content\/uploads\/2021\/01\/c5d54b7a-b5d9-3650-b67d-e357fec8cb9b-1024x576.png 1024w, https:\/\/fedai.az\/wp-content\/uploads\/2021\/01\/c5d54b7a-b5d9-3650-b67d-e357fec8cb9b-300x169.png 300w, https:\/\/fedai.az\/wp-content\/uploads\/2021\/01\/c5d54b7a-b5d9-3650-b67d-e357fec8cb9b-150x84.png 150w, https:\/\/fedai.az\/wp-content\/uploads\/2021\/01\/c5d54b7a-b5d9-3650-b67d-e357fec8cb9b-768x432.png 768w, https:\/\/fedai.az\/wp-content\/uploads\/2021\/01\/c5d54b7a-b5d9-3650-b67d-e357fec8cb9b-1536x864.png 1536w, https:\/\/fedai.az\/wp-content\/uploads\/2021\/01\/c5d54b7a-b5d9-3650-b67d-e357fec8cb9b.png 1600w\" sizes=\"auto, (max-width: 1024px) 100vw, 1024px\" \/><\/figure>\n\n\n\n<p>N\u0259hay\u0259t onu da vur\u011fulamaq laz\u0131md\u0131r ki, s\u00fclhm\u0259raml\u0131lar\u0131n humanitar missiyadan \u00e7ox siyasi maraqlara xidm\u0259t etdiyini tarix \u00e7oxdan t\u0259sdiql\u0259yib. Bir ne\u00e7\u0259 n\u00fcmun\u0259 g\u00f6st\u0259r\u0259k:\u00a01974-c\u00fc ild\u0259n Suriya il\u0259 \u0130srail aras\u0131ndak\u0131 Holan t\u0259p\u0259l\u0259rind\u0259, 1991-ci ild\u0259n Q\u0259rbi Saxarada, 2013-c\u00fc ild\u0259n Malid\u0259, 1964-c\u00fc ild\u0259n Kipr adas\u0131nda v\u0259 s. m\u00fcnaqi\u015f\u0259li b\u00f6lg\u0259l\u0259rd\u0259 BMT-nin s\u00fclhm\u0259raml\u0131lar\u0131 yerl\u0259\u015fdirilib.<\/p>\n\n\n\n<p>SSR\u0130 da\u011f\u0131landan sonra onun maraqlar\u0131n\u0131 Rusiya da\u015f\u0131ma\u011fa ba\u015flad\u0131. Rusiya s\u00fclhm\u0259raml\u0131lar\u0131 daha \u00e7ox MDB \u0259razisind\u0259 f\u0259aliyy\u0259t g\u00f6st\u0259rir. 2020-ci ild\u0259n is\u0259 RF h\u0259rb\u00e7il\u0259ri Yax\u0131n \u015e\u0259rq, C\u0259nubi Sudan, M\u0259rk\u0259zi Afrika Respublikas\u0131, Q\u0259rbi Saxara, Konqo Demokratik Respublikas\u0131, Sudan, Kosovo v\u0259 Kipr adas\u0131nda yerl\u0259\u015fdirilib. \u0130ndiy\u0259d\u0259k s\u00fclhm\u0259raml\u0131lar\u0131n yerl\u0259\u015fdirildiyi \u0259razil\u0259rd\u0259 he\u00e7 bir m\u00fcnaqi\u015f\u0259 h\u0259ll edilm\u0259yib.<\/p>\n\n\n\n<p>Bel\u0259 g\u00f6r\u00fcn\u00fcr ki, h\u0259min missiya m\u00fcnaqi\u015f\u0259ni h\u0259ll etm\u0259k \u00fc\u00e7\u00fcn deyil, onu dondurmaq \u00fc\u00e7\u00fcn \u0259raziy\u0259 g\u0259tirilir. H\u0259r halda s\u00fclhm\u0259raml\u0131lar reall\u0131qda adlar\u0131na uy\u011fun olmay\u0131b. Bu bax\u0131mdan Rusiya s\u00fclhm\u0259raml\u0131lar\u0131n\u0131n Az\u0259rbaycanda, Qaraba\u011fda missiyas\u0131n\u0131 ad\u0131na uy\u011fun yerin\u0259 yetirm\u0259si ilk olacaq.(Report.az)<\/p>\n","protected":false},"excerpt":{"rendered":"<p>S\u00fclhm\u0259raml\u0131lar Qaraba\u011fa erm\u0259nil\u0259rl\u0259 yana\u015f\u0131, h\u0259rbi texnika v\u0259 humanitar yard\u0131m ad\u0131 alt\u0131nda y\u00fck da\u015f\u0131y\u0131rlar &#8212;&nbsp;Rusiya Qaraba\u011fda h\u0259rbi baza yarad\u0131r? Az\u0259rbaycan \u0259sg\u0259ri i\u015f\u011fal\u00e7\u0131 Erm\u0259nistan ordusunu Qaraba\u011f\u0131n<\/p>\n","protected":false},"author":2,"featured_media":25113,"comment_status":"closed","ping_status":"closed","sticky":false,"template":"","format":"standard","meta":{"footnotes":""},"categories":[6],"tags":[],"class_list":["post-25104","post","type-post","status-publish","format-standard","has-post-thumbnail","hentry","category-arasdirma"],"aioseo_notices":[],"_links":{"self":[{"href":"https:\/\/fedai.az\/index.php?rest_route=\/wp\/v2\/posts\/25104","targetHints":{"allow":["GET"]}}],"collection":[{"href":"https:\/\/fedai.az\/index.php?rest_route=\/wp\/v2\/posts"}],"about":[{"href":"https:\/\/fedai.az\/index.php?rest_route=\/wp\/v2\/types\/post"}],"author":[{"embeddable":true,"href":"https:\/\/fedai.az\/index.php?rest_route=\/wp\/v2\/users\/2"}],"replies":[{"embeddable":true,"href":"https:\/\/fedai.az\/index.php?rest_route=%2Fwp%2Fv2%2Fcomments&post=25104"}],"version-history":[{"count":1,"href":"https:\/\/fedai.az\/index.php?rest_route=\/wp\/v2\/posts\/25104\/revisions"}],"predecessor-version":[{"id":25114,"href":"https:\/\/fedai.az\/index.php?rest_route=\/wp\/v2\/posts\/25104\/revisions\/25114"}],"wp:featuredmedia":[{"embeddable":true,"href":"https:\/\/fedai.az\/index.php?rest_route=\/wp\/v2\/media\/25113"}],"wp:attachment":[{"href":"https:\/\/fedai.az\/index.php?rest_route=%2Fwp%2Fv2%2Fmedia&parent=25104"}],"wp:term":[{"taxonomy":"category","embeddable":true,"href":"https:\/\/fedai.az\/index.php?rest_route=%2Fwp%2Fv2%2Fcategories&post=25104"},{"taxonomy":"post_tag","embeddable":true,"href":"https:\/\/fedai.az\/index.php?rest_route=%2Fwp%2Fv2%2Ftags&post=25104"}],"curies":[{"name":"wp","href":"https:\/\/api.w.org\/{rel}","templated":true}]}}