{"id":25115,"date":"2021-01-01T08:11:45","date_gmt":"2021-01-01T04:11:45","guid":{"rendered":"https:\/\/fedai.az\/?p=25115"},"modified":"2021-01-01T08:11:48","modified_gmt":"2021-01-01T04:11:48","slug":"irqci-fars-rejim-erm%c9%99ni-t%c9%99cavuzunu-pisl%c9%99diyin%c9%99-gor%c9%99-%c9%99kb%c9%99r-muhacirini-muhkim%c9%99-etdi","status":"publish","type":"post","link":"https:\/\/fedai.az\/?p=25115","title":{"rendered":"\u0130rq\u00e7i fars rejim erm\u0259ni t\u0259cav\u00fcz\u00fcn\u00fc pisl\u0259diyin\u0259 g\u00f6r\u0259 \u018fkb\u0259r M\u00fchacirini m\u00fchkim\u0259 etdi"},"content":{"rendered":"\n<p><strong>GADTB-nin M\u0259tbuat M\u0259rk\u0259zin\u0259 daxil olan m\u0259lumata g\u00f6r\u0259, irq\u00e7i fars rejim erm\u0259ni t\u0259cav\u00fcz\u00fcn\u00fc pisl\u0259diyin\u0259 g\u00f6r\u0259 \u018fkb\u0259r M\u00fchacirini dekabr ay\u0131n\u0131n 30-da m\u00fchkim\u0259 edib.<\/strong><\/p>\n\n\n\n<p>M\u0259hk\u0259m\u0259 iclas\u0131 rejimin T\u0259brizd\u0259 yerl\u0259\u015f\u0259n \u0130nqilab M\u0259hk\u0259m\u0259sinin birinci \u015f\u00f6b\u0259sind\u0259 ke\u00e7irilib.<\/p>\n\n\n\n<p>Erm\u0259ni t\u0259cav\u00fcz\u00fcn\u00fc pisl\u0259diyin\u0259 g\u00f6r\u0259 az\u0259rbaycanl\u0131 f\u0259alla qar\u015f\u0131 \u201cTopla\u015fma v\u0259 \u0259lbir olmaq\u201d ittiham\u0131 ir\u0259li s\u00fcr\u00fcl\u00fcb.<\/p>\n\n\n\n<p>Dindirm\u0259 zaman\u0131 \u018fkb\u0259r M\u00fchacirinin m\u0259murlar\u0131n suallar\u0131n\u0131 cavabland\u0131rmaqdan imtina etm\u0259si v\u0259 \u0259leyhin\u0259 fakt v\u0259 s\u0259n\u0259dl\u0259rin olmamas\u0131 \u00fcz\u00fcnd\u0259n rejimin ETTELAAT idar\u0259si m\u0259hk\u0259m\u0259 iclas\u0131nda f\u0259ala qar\u015f\u0131 2019-cu ilin noyabr ay\u0131nda yanaca\u011f\u0131n qiym\u0259tinin artmas\u0131na etiraz olaraq ke\u00e7iril\u0259n aksiyalarda i\u015ftirak\u0131 bar\u0259d\u0259 k\u00f6hn\u0259 m\u0259hk\u0259m\u0259 i\u015find\u0259n istifad\u0259 edib.<\/p>\n\n\n\n<p>Rejimin ETTELAAT idar\u0259si bu yolla tan\u0131nm\u0131\u015f m\u0259d\u0259ni f\u0259ala qar\u015f\u0131 maksimum t\u0259zyiq g\u00f6st\u0259rm\u0259k ist\u0259yirb.<\/p>\n\n\n\n<p>Qeyd ed\u0259k ki, \u018fkb\u0259r M\u00fchaciri oktyabr\u0131n 17-d\u0259, G\u00fcney Az\u0259rbaycan \u015f\u0259h\u0259rl\u0259rind\u0259 Az\u0259rbaycan Orudusuna d\u0259st\u0259k v\u0259 Nurduz g\u00f6mr\u00fcy\u00fcn\u00fcn ba\u011flanmas\u0131 t\u0259l\u0259bi il\u0259 ke\u00e7iril\u0259n aksiyalardan 1 g\u00fcn qabaq T\u0259brizd\u0259 \u00f6z evind\u0259 yaxalan\u0131b v\u0259 28 oktyabrda m\u00fclki v\u0259siq\u0259 qar\u015f\u0131l\u0131\u011f\u0131nda zamin\u0259 burax\u0131l\u0131b.Payla\u015f<\/p>\n\n\n\n<ul class=\"wp-block-list\"><li><\/li><\/ul>\n","protected":false},"excerpt":{"rendered":"<p>GADTB-nin M\u0259tbuat M\u0259rk\u0259zin\u0259 daxil olan m\u0259lumata g\u00f6r\u0259, irq\u00e7i fars rejim erm\u0259ni t\u0259cav\u00fcz\u00fcn\u00fc pisl\u0259diyin\u0259 g\u00f6r\u0259 \u018fkb\u0259r M\u00fchacirini dekabr ay\u0131n\u0131n 30-da m\u00fchkim\u0259 edib. M\u0259hk\u0259m\u0259 iclas\u0131 rejimin<\/p>\n","protected":false},"author":2,"featured_media":25116,"comment_status":"closed","ping_status":"closed","sticky":false,"template":"","format":"standard","meta":{"footnotes":""},"categories":[3],"tags":[],"class_list":["post-25115","post","type-post","status-publish","format-standard","has-post-thumbnail","hentry","category-gundm"],"aioseo_notices":[],"_links":{"self":[{"href":"https:\/\/fedai.az\/index.php?rest_route=\/wp\/v2\/posts\/25115","targetHints":{"allow":["GET"]}}],"collection":[{"href":"https:\/\/fedai.az\/index.php?rest_route=\/wp\/v2\/posts"}],"about":[{"href":"https:\/\/fedai.az\/index.php?rest_route=\/wp\/v2\/types\/post"}],"author":[{"embeddable":true,"href":"https:\/\/fedai.az\/index.php?rest_route=\/wp\/v2\/users\/2"}],"replies":[{"embeddable":true,"href":"https:\/\/fedai.az\/index.php?rest_route=%2Fwp%2Fv2%2Fcomments&post=25115"}],"version-history":[{"count":1,"href":"https:\/\/fedai.az\/index.php?rest_route=\/wp\/v2\/posts\/25115\/revisions"}],"predecessor-version":[{"id":25117,"href":"https:\/\/fedai.az\/index.php?rest_route=\/wp\/v2\/posts\/25115\/revisions\/25117"}],"wp:featuredmedia":[{"embeddable":true,"href":"https:\/\/fedai.az\/index.php?rest_route=\/wp\/v2\/media\/25116"}],"wp:attachment":[{"href":"https:\/\/fedai.az\/index.php?rest_route=%2Fwp%2Fv2%2Fmedia&parent=25115"}],"wp:term":[{"taxonomy":"category","embeddable":true,"href":"https:\/\/fedai.az\/index.php?rest_route=%2Fwp%2Fv2%2Fcategories&post=25115"},{"taxonomy":"post_tag","embeddable":true,"href":"https:\/\/fedai.az\/index.php?rest_route=%2Fwp%2Fv2%2Ftags&post=25115"}],"curies":[{"name":"wp","href":"https:\/\/api.w.org\/{rel}","templated":true}]}}