{"id":25472,"date":"2021-01-04T17:53:32","date_gmt":"2021-01-04T13:53:32","guid":{"rendered":"https:\/\/fedai.az\/?p=25472"},"modified":"2021-01-04T17:53:33","modified_gmt":"2021-01-04T13:53:33","slug":"pakistan-turkiy%c9%99y%c9%99-dunyani-d%c9%99hs%c9%99t%c9%99-g%c9%99tir%c9%99c%c9%99k-bomba-verir-danisiqlar-basladi","status":"publish","type":"post","link":"https:\/\/fedai.az\/?p=25472","title":{"rendered":"Pakistan T\u00fcrkiy\u0259y\u0259 d\u00fcnyan\u0131 d\u0259h\u015f\u0259t\u0259 g\u0259tir\u0259c\u0259k BOMBA VER\u0130R &#8212; DANI\u015eIQLAR BA\u015eLADI"},"content":{"rendered":"\n<p><strong>T\u00fcrkiy\u0259 v\u0259 Pakistan Ankaraya raket-n\u00fcv\u0259 texnologiyalar\u0131n\u0131n verilm\u0259si haqq\u0131nda dan\u0131\u015f\u0131qlar apar\u0131r.<\/strong><\/p>\n\n\n\n<p><strong>\u00a0<\/strong><a href=\"https:\/\/axar.az\/\" target=\"_blank\" rel=\"noreferrer noopener\">Axar.az<\/a> x\u0259b\u0259r verir ki, bu iddian\u0131 Hindistan\u0131n \u201cNyus \u0130ndia\u201d q\u0259zeti yay\u0131b.<\/p>\n\n\n\n<p>M\u0259lumatda n\u00fcv\u0259 m\u00f6vzusunun dekabr\u0131n sonunda Ankarada T\u00fcrkiy\u0259-Pakistan ali s\u0259viyy\u0259li h\u0259rbi dialoq qrupunun iclas\u0131nda m\u00fczakir\u0259 edildiyi bildirilib. T\u00fcrkiy\u0259 n\u00fcmay\u0259nd\u0259 hey\u0259tin\u0259 dan\u0131\u015f\u0131qlarda Ba\u015f Q\u0259rargah r\u0259isinin m\u00fcavini general S\u0259lcuq Bayraqdaro\u011flunun, Pakistan t\u0259r\u0259fin\u0259 is\u0259 m\u00fcdafi\u0259 m\u0259s\u0259l\u0259l\u0259ri \u00fczr\u0259 d\u00f6vl\u0259t katibi general Mian M\u0259h\u0259mm\u0259d Hilan H\u00fcseynin r\u0259hb\u0259rlik etdiyi vur\u011fulan\u0131b.<\/p>\n\n\n\n<p>Bununla b\u0259rab\u0259r T\u00fcrkiy\u0259 Prezidenti R\u0259c\u0259b Tayyib \u018frdo\u011fan\u0131n da Pakistan Quru Qo\u015funlar\u0131n\u0131n Ba\u015f Q\u0259rargah r\u0259isi Kamar Cavad Bacvdan n\u00fcv\u0259 silah\u0131 istehsal\u0131 v\u0259 haz\u0131rl\u0131\u011f\u0131 texnologiyalar\u0131n\u0131 Ankara il\u0259 b\u00f6l\u00fc\u015fm\u0259l\u0259rini \u015f\u0259xs\u0259n xahi\u015f etdiyi bildirilib. Ankaran\u0131n bu ist\u0259yin\u0259 Pakistan\u0131n h\u0259rbi r\u0259hb\u0259rliyi raz\u0131l\u0131q verib.<\/p>\n\n\n\n<p>Q\u0259zet, h\u0259m\u00e7inin guya Pakistan aliml\u0259rinin haz\u0131rda T\u00fcrkiy\u0259y\u0259 raket istehsal\u0131n\u0131n g\u00fcc\u00fcn\u00fcn art\u0131r\u0131lmas\u0131 il\u0259 ba\u011fl\u0131 yard\u0131m etdiyini yaz\u0131b.<\/p>\n","protected":false},"excerpt":{"rendered":"<p>T\u00fcrkiy\u0259 v\u0259 Pakistan Ankaraya raket-n\u00fcv\u0259 texnologiyalar\u0131n\u0131n verilm\u0259si haqq\u0131nda dan\u0131\u015f\u0131qlar apar\u0131r. \u00a0Axar.az x\u0259b\u0259r verir ki, bu iddian\u0131 Hindistan\u0131n \u201cNyus \u0130ndia\u201d q\u0259zeti yay\u0131b. M\u0259lumatda n\u00fcv\u0259 m\u00f6vzusunun<\/p>\n","protected":false},"author":2,"featured_media":25473,"comment_status":"closed","ping_status":"closed","sticky":false,"template":"","format":"standard","meta":{"footnotes":""},"categories":[13],"tags":[],"class_list":["post-25472","post","type-post","status-publish","format-standard","has-post-thumbnail","hentry","category-xarici"],"aioseo_notices":[],"_links":{"self":[{"href":"https:\/\/fedai.az\/index.php?rest_route=\/wp\/v2\/posts\/25472","targetHints":{"allow":["GET"]}}],"collection":[{"href":"https:\/\/fedai.az\/index.php?rest_route=\/wp\/v2\/posts"}],"about":[{"href":"https:\/\/fedai.az\/index.php?rest_route=\/wp\/v2\/types\/post"}],"author":[{"embeddable":true,"href":"https:\/\/fedai.az\/index.php?rest_route=\/wp\/v2\/users\/2"}],"replies":[{"embeddable":true,"href":"https:\/\/fedai.az\/index.php?rest_route=%2Fwp%2Fv2%2Fcomments&post=25472"}],"version-history":[{"count":1,"href":"https:\/\/fedai.az\/index.php?rest_route=\/wp\/v2\/posts\/25472\/revisions"}],"predecessor-version":[{"id":25474,"href":"https:\/\/fedai.az\/index.php?rest_route=\/wp\/v2\/posts\/25472\/revisions\/25474"}],"wp:featuredmedia":[{"embeddable":true,"href":"https:\/\/fedai.az\/index.php?rest_route=\/wp\/v2\/media\/25473"}],"wp:attachment":[{"href":"https:\/\/fedai.az\/index.php?rest_route=%2Fwp%2Fv2%2Fmedia&parent=25472"}],"wp:term":[{"taxonomy":"category","embeddable":true,"href":"https:\/\/fedai.az\/index.php?rest_route=%2Fwp%2Fv2%2Fcategories&post=25472"},{"taxonomy":"post_tag","embeddable":true,"href":"https:\/\/fedai.az\/index.php?rest_route=%2Fwp%2Fv2%2Ftags&post=25472"}],"curies":[{"name":"wp","href":"https:\/\/api.w.org\/{rel}","templated":true}]}}