{"id":25873,"date":"2021-01-08T11:53:12","date_gmt":"2021-01-08T07:53:12","guid":{"rendered":"https:\/\/fedai.az\/?p=25873"},"modified":"2021-01-08T11:56:03","modified_gmt":"2021-01-08T07:56:03","slug":"xocav%c9%99ndd%c9%99-dusm%c9%99nin-hucum-c%c9%99hdinin-qarsisi-alinib","status":"publish","type":"post","link":"https:\/\/fedai.az\/?p=25873","title":{"rendered":"Xocav\u0259ndd\u0259 d\u00fc\u015fm\u0259nin h\u00fccum c\u0259hdinin qar\u015f\u0131s\u0131 al\u0131n\u0131b"},"content":{"rendered":"\n<p><strong>Az\u0259rbaycan h\u0259rb\u00e7il\u0259rin\u0259 qar\u015f\u0131 &nbsp;t\u0259xribata haz\u0131rla\u015fan &nbsp;erm\u0259ni silahl\u0131 terror\u00e7ular\u0131 m\u0259hv edilib.<br><br>Demokrat.az&nbsp;<\/strong>x\u0259b\u0259r &nbsp;verir &nbsp;ki, &nbsp;bu &nbsp;bar\u0259d\u0259 &nbsp;m\u0259lumat\u0131 &nbsp;ara\u015fd\u0131rma\u00e7\u0131 &nbsp;jurnalist &nbsp;El\u00e7in Al\u0131o\u011flu yay\u0131b.&nbsp;<\/p>\n\n\n\n<p>M\u0259lumata &nbsp;g\u00f6r\u0259, Xocav\u0259nd rayonunun &nbsp;i\u015f\u011faldan azad &nbsp;edil\u0259n &nbsp;hiss\u0259sin\u0259 &nbsp;soxulma\u011fa &nbsp;c\u0259hd &nbsp;ed\u0259n &nbsp;6 &nbsp;n\u0259f\u0259r &nbsp;erm\u0259ni terror\u00e7u &nbsp;m\u0259hv &nbsp;edilib.&nbsp;<\/p>\n\n\n\n<p>H\u0259l\u0259lik &nbsp;r\u0259smi &nbsp;a\u00e7\u0131qlama yoxdur.<\/p>\n","protected":false},"excerpt":{"rendered":"<p>Az\u0259rbaycan h\u0259rb\u00e7il\u0259rin\u0259 qar\u015f\u0131 &nbsp;t\u0259xribata haz\u0131rla\u015fan &nbsp;erm\u0259ni silahl\u0131 terror\u00e7ular\u0131 m\u0259hv edilib. Demokrat.az&nbsp;x\u0259b\u0259r &nbsp;verir &nbsp;ki, &nbsp;bu &nbsp;bar\u0259d\u0259 &nbsp;m\u0259lumat\u0131 &nbsp;ara\u015fd\u0131rma\u00e7\u0131 &nbsp;jurnalist &nbsp;El\u00e7in Al\u0131o\u011flu yay\u0131b.&nbsp; M\u0259lumata &nbsp;g\u00f6r\u0259, Xocav\u0259nd<\/p>\n","protected":false},"author":2,"featured_media":25877,"comment_status":"closed","ping_status":"closed","sticky":false,"template":"","format":"standard","meta":{"footnotes":""},"categories":[4],"tags":[],"class_list":["post-25873","post","type-post","status-publish","format-standard","has-post-thumbnail","hentry","category-qarabag"],"aioseo_notices":[],"_links":{"self":[{"href":"https:\/\/fedai.az\/index.php?rest_route=\/wp\/v2\/posts\/25873","targetHints":{"allow":["GET"]}}],"collection":[{"href":"https:\/\/fedai.az\/index.php?rest_route=\/wp\/v2\/posts"}],"about":[{"href":"https:\/\/fedai.az\/index.php?rest_route=\/wp\/v2\/types\/post"}],"author":[{"embeddable":true,"href":"https:\/\/fedai.az\/index.php?rest_route=\/wp\/v2\/users\/2"}],"replies":[{"embeddable":true,"href":"https:\/\/fedai.az\/index.php?rest_route=%2Fwp%2Fv2%2Fcomments&post=25873"}],"version-history":[{"count":1,"href":"https:\/\/fedai.az\/index.php?rest_route=\/wp\/v2\/posts\/25873\/revisions"}],"predecessor-version":[{"id":25875,"href":"https:\/\/fedai.az\/index.php?rest_route=\/wp\/v2\/posts\/25873\/revisions\/25875"}],"wp:featuredmedia":[{"embeddable":true,"href":"https:\/\/fedai.az\/index.php?rest_route=\/wp\/v2\/media\/25877"}],"wp:attachment":[{"href":"https:\/\/fedai.az\/index.php?rest_route=%2Fwp%2Fv2%2Fmedia&parent=25873"}],"wp:term":[{"taxonomy":"category","embeddable":true,"href":"https:\/\/fedai.az\/index.php?rest_route=%2Fwp%2Fv2%2Fcategories&post=25873"},{"taxonomy":"post_tag","embeddable":true,"href":"https:\/\/fedai.az\/index.php?rest_route=%2Fwp%2Fv2%2Ftags&post=25873"}],"curies":[{"name":"wp","href":"https:\/\/api.w.org\/{rel}","templated":true}]}}