{"id":25878,"date":"2021-01-08T12:13:24","date_gmt":"2021-01-08T08:13:24","guid":{"rendered":"https:\/\/fedai.az\/?p=25878"},"modified":"2021-01-08T12:13:26","modified_gmt":"2021-01-08T08:13:26","slug":"qazimiz-yasat-fonduna-r%c9%99hb%c9%99r-t%c9%99yin-edildi","status":"publish","type":"post","link":"https:\/\/fedai.az\/?p=25878","title":{"rendered":"Qazimiz \u201cYA\u015eAT\u201d Fonduna r\u0259hb\u0259r t\u0259yin edildi"},"content":{"rendered":"\n<p><strong>&#171;Az\u0259rbaycan Respublikas\u0131n\u0131n \u0259razi b\u00fct\u00f6vl\u00fcy\u00fcn\u00fcn m\u00fcdafi\u0259si il\u0259 \u0259laq\u0259dar yaralananlar\u0131n v\u0259 \u015f\u0259hid ail\u0259l\u0259rinin t\u0259minat\u0131na d\u0259st\u0259k fonduna (\u201cYA\u015eAT\u201d Fondu) r\u0259hb\u0259r v\u0259 m\u00fcdir m\u00fcavini se\u00e7ilib.<br><\/strong><br>Fedai.az \u201cReport\u201da istinad\u0259n x\u0259b\u0259r verir ki, Fondun r\u0259hb\u0259ri v\u0259zif\u0259sin\u0259 V\u0259t\u0259n m\u00fcharib\u0259si qazisi Elvin H\u00fcseynov, m\u00fcdir m\u00fcavini v\u0259zif\u0259sin\u0259 is\u0259 R\u0259biyy\u0259 C\u0259f\u0259rova se\u00e7ilib.<\/p>\n\n\n\n<p>Qeyd ed\u0259k ki, Prezident \u0130lham \u018fliyev dekabr\u0131n 8-d\u0259 &#171;Az\u0259rbaycan Respublikas\u0131n\u0131n \u0259razi b\u00fct\u00f6vl\u00fcy\u00fcn\u00fcn m\u00fcdafi\u0259si il\u0259 \u0259laq\u0259dar yaralananlar\u0131n v\u0259 \u015f\u0259hid ail\u0259l\u0259rinin t\u0259minat\u0131na d\u0259st\u0259k fondunun (\u201cYA\u015eAT\u201d Fondu) yarad\u0131lmas\u0131 haqq\u0131nda&#187; f\u0259rman imzalay\u0131b.<\/p>\n","protected":false},"excerpt":{"rendered":"<p>&#171;Az\u0259rbaycan Respublikas\u0131n\u0131n \u0259razi b\u00fct\u00f6vl\u00fcy\u00fcn\u00fcn m\u00fcdafi\u0259si il\u0259 \u0259laq\u0259dar yaralananlar\u0131n v\u0259 \u015f\u0259hid ail\u0259l\u0259rinin t\u0259minat\u0131na d\u0259st\u0259k fonduna (\u201cYA\u015eAT\u201d Fondu) r\u0259hb\u0259r v\u0259 m\u00fcdir m\u00fcavini se\u00e7ilib.Fedai.az \u201cReport\u201da istinad\u0259n x\u0259b\u0259r<\/p>\n","protected":false},"author":2,"featured_media":25879,"comment_status":"closed","ping_status":"closed","sticky":false,"template":"","format":"standard","meta":{"footnotes":""},"categories":[12],"tags":[],"class_list":["post-25878","post","type-post","status-publish","format-standard","has-post-thumbnail","hentry","category-sosial"],"aioseo_notices":[],"_links":{"self":[{"href":"https:\/\/fedai.az\/index.php?rest_route=\/wp\/v2\/posts\/25878","targetHints":{"allow":["GET"]}}],"collection":[{"href":"https:\/\/fedai.az\/index.php?rest_route=\/wp\/v2\/posts"}],"about":[{"href":"https:\/\/fedai.az\/index.php?rest_route=\/wp\/v2\/types\/post"}],"author":[{"embeddable":true,"href":"https:\/\/fedai.az\/index.php?rest_route=\/wp\/v2\/users\/2"}],"replies":[{"embeddable":true,"href":"https:\/\/fedai.az\/index.php?rest_route=%2Fwp%2Fv2%2Fcomments&post=25878"}],"version-history":[{"count":1,"href":"https:\/\/fedai.az\/index.php?rest_route=\/wp\/v2\/posts\/25878\/revisions"}],"predecessor-version":[{"id":25880,"href":"https:\/\/fedai.az\/index.php?rest_route=\/wp\/v2\/posts\/25878\/revisions\/25880"}],"wp:featuredmedia":[{"embeddable":true,"href":"https:\/\/fedai.az\/index.php?rest_route=\/wp\/v2\/media\/25879"}],"wp:attachment":[{"href":"https:\/\/fedai.az\/index.php?rest_route=%2Fwp%2Fv2%2Fmedia&parent=25878"}],"wp:term":[{"taxonomy":"category","embeddable":true,"href":"https:\/\/fedai.az\/index.php?rest_route=%2Fwp%2Fv2%2Fcategories&post=25878"},{"taxonomy":"post_tag","embeddable":true,"href":"https:\/\/fedai.az\/index.php?rest_route=%2Fwp%2Fv2%2Ftags&post=25878"}],"curies":[{"name":"wp","href":"https:\/\/api.w.org\/{rel}","templated":true}]}}