{"id":25897,"date":"2021-01-08T18:54:10","date_gmt":"2021-01-08T14:54:10","guid":{"rendered":"https:\/\/fedai.az\/?p=25897"},"modified":"2021-01-08T18:54:13","modified_gmt":"2021-01-08T14:54:13","slug":"pasinyan-ozunu-x%c9%99st%c9%99liy%c9%99-vurub-putin-v%c9%99-%c9%99liyevl%c9%99-gorusd%c9%99n-niy%c9%99-yayinmaq-ist%c9%99yir","status":"publish","type":"post","link":"https:\/\/fedai.az\/?p=25897","title":{"rendered":"Pa\u015finyan \u00f6z\u00fcn\u00fc x\u0259st\u0259liy\u0259 vurub &#8212; Putin v\u0259 \u018fliyevl\u0259 g\u00f6r\u00fc\u015fd\u0259n niy\u0259 yay\u0131nmaq ist\u0259yir?"},"content":{"rendered":"\n<p><strong>Az\u0259rbaycan, Erm\u0259nistan v\u0259 Rusiya liderl\u0259ri aras\u0131nda yax\u0131n vaxtlarda ke\u00e7irilm\u0259si g\u00f6zl\u0259nil\u0259n \u00fc\u00e7t\u0259r\u0259fli g\u00f6r\u00fc\u015f haz\u0131rda g\u00fcnd\u0259min \u0259sas m\u00f6vzular\u0131ndan birin\u0259 \u00e7evrilib. G\u00f6r\u00fc\u015f\u00fcn m\u00fcmk\u00fcn tarixl\u0259rind\u0259n biri kimi yanvar\u0131n 11-d\u0259 ke\u00e7iril\u0259c\u0259yi deyilir. Lakin bu m\u0259lumat \u00f6z t\u0259sdiqini tapmay\u0131b. Eyni zamanda, g\u00f6r\u00fc\u015f\u00fcn bu tarixd\u0259 olmayaca\u011f\u0131 bar\u0259d\u0259 t\u0259kzib\u0259 d\u0259 rast g\u0259lm\u0259mi\u015fik.<\/strong><\/p>\n\n\n\n<p>Erm\u0259nistan\u0131n ba\u015f naziri Nikol Pa\u015finyan g\u00f6r\u00fc\u015fd\u0259n yay\u0131nmaq \u00fc\u00e7\u00fcn b\u00fct\u00fcn yollara \u0259l at\u0131r. \u0130ndi d\u0259 Nikol \u00f6z\u00fcn\u00fc t\u0259crid edib. Ekspertl\u0259r hesab edirl\u0259r ki, Erm\u0259nistan h\u00f6kum\u0259tinin r\u0259hb\u0259ri daxilind\u0259 m\u00fcxalif\u0259tin qar\u015f\u0131s\u0131n\u0131 ala bilmir v\u0259 \u00fcst\u0259lik d\u0259 bel\u0259 bir \u015f\u0259raitd\u0259 m\u0259\u011flub t\u0259r\u0259f kimi \u00fc\u00e7t\u0259r\u0259fli g\u00f6r\u00fc\u015fd\u0259 n\u00f6vb\u0259ti raz\u0131la\u015fmalara imza atma\u011fa m\u0259cbur qalaca\u011f\u0131n\u0131 yax\u015f\u0131 bilir.&nbsp;\u0130ddialar var ki, Moskva g\u00f6r\u00fc\u015f\u00fc 10 noyabr raz\u0131la\u015fmas\u0131n\u0131n davam\u0131 olaraq yeni s\u0259n\u0259d (komminikasiyalar, \u0259sirl\u0259r v\u0259 sair humanitar m\u0259s\u0259l\u0259l\u0259r) imzalana bil\u0259r. Amma \u015f\u00fcnh\u0259siz ki, m\u00fczakir\u0259 edil\u0259c\u0259k daha ciddi m\u00f6vzular da (n\u0259zar\u0259tsiz erm\u0259ni silahl\u0131lar\u0131, b\u0259zi \u0259razi m\u00fcbahis\u0259l\u0259ri, m\u00fcbadil\u0259l\u0259ri v\u0259 s.) var. Pa\u015finyan\u0131n is\u0259 bu m\u0259s\u0259l\u0259l\u0259rin m\u00fczakir\u0259sin\u0259 haz\u0131r olmad\u0131\u011f\u0131 a\u00e7\u0131q g\u00f6r\u00fcn\u00fcr.<\/p>\n\n\n\n<p>Burada bir m\u0259s\u0259l\u0259 d\u0259 diqq\u0259t \u00e7\u0259kir. O da AT\u018fT-in Minsk Qrupunun f\u0259aliyy\u0259tini davam etdirm\u0259si il\u0259 ba\u011fl\u0131d\u0131r. Rusiya v\u0259 Erm\u0259nistan b\u00fct\u00fcn hallarda bu qurumun f\u0259aliyy\u0259tini davam etdirm\u0259sind\u0259 maraql\u0131 g\u00f6r\u00fcn\u00fcrl\u0259r. Az\u0259rbaycan\u0131n is\u0259 m\u00f6vqeyini izah etm\u0259y\u0259 g\u0259r\u0259k yoxdur. Lakin bu f\u0259aliyy\u0259t\u0259 m\u00fcqavim\u0259t g\u00f6st\u0259rm\u0259y\u0259c\u0259yini d\u0259 s\u00f6yl\u0259m\u0259k olar.<\/p>\n\n\n\n<p>&#171;Atlas\u201d Ara\u015fd\u0131rmalar M\u0259rk\u0259zinin r\u0259hb\u0259ri Elxan \u015eahino\u011flu&nbsp; bununla ba\u011fl\u0131 musavat.com-a deyib:&nbsp;&#171;M\u0259n \u0259vv\u0259lc\u0259d\u0259n d\u0259 qeyd etmi\u015fdim. Ola bilsin ki, 10 noyabr anla\u015fmas\u0131ndan \u0259lav\u0259, liderl\u0259r aras\u0131nda ba\u015fqa hans\u0131sa \u015fifahi raz\u0131la\u015fma da var. G\u00f6r\u00fcn\u00fcr, m\u0259hz bu \u015fifahi raz\u0131la\u015fma \u0259sas\u0131nda liderl\u0259r yenid\u0259n g\u00f6r\u00fc\u015fm\u0259lidirl\u0259r. Bu raz\u0131la\u015fman\u0131n da \u0259sas\u0131 odur ki, regional \u0259m\u0259kda\u015fl\u0131q ba\u015flamal\u0131d\u0131r.&nbsp;Bunun \u00fc\u00e7\u00fcn d\u0259 Az\u0259rbaycan\u0131n \u015f\u0259rti yerin\u0259 yetirilm\u0259lidir, y\u0259ni Erm\u0259nistan Az\u0259rbaycan\u0131n \u0259razi b\u00fct\u00f6vl\u00fcy\u00fcn\u00fc tan\u0131mal\u0131, Da\u011fl\u0131q Qaraba\u011f\u0131 Az\u0259rbaycan \u0259razisi kimi q\u0259bul etm\u0259li, d\u0259hliz a\u00e7\u0131lmal\u0131d\u0131r.<\/p>\n\n\n\n<p>Pa\u015finyan bunun bir hiss\u0259si il\u0259 raz\u0131la\u015f\u0131b. Amma indi d\u00fc\u015f\u00fcn\u00fcr ki, g\u00f6r\u00fc\u015f\u0259 qat\u0131lsa, bu istiqam\u0259td\u0259 dan\u0131\u015f\u0131qlar aparsa, m\u00fcxalif\u0259tin ona qar\u015f\u0131 \u0259li daha da g\u00fccl\u0259n\u0259c\u0259k. Onu satq\u0131nl\u0131qda ittiham ed\u0259c\u0259kl\u0259r. Ola bilsin ki, bu m\u0259qs\u0259dl\u0259 \u00f6z\u00fcn\u00fc x\u0259st\u0259liy\u0259 vurub.\u00a0Amma indi bel\u0259 edir. \u018fg\u0259r bu bar\u0259d\u0259 g\u00f6r\u00fc\u015f \u00fc\u00e7\u00fcn raz\u0131l\u0131q \u0259ld\u0259 olunubsa, bir m\u00fcdd\u0259td\u0259n sonra bel\u0259 g\u00f6r\u00fc\u015f ke\u00e7irilm\u0259lidir. Minsk Qrupuna g\u0259linc\u0259, m\u0259nc\u0259, bu qurum f\u0259aliyy\u0259tini davam etdir\u0259c\u0259k. Effektiv f\u0259aliyy\u0259ti olmasa da, Amerika v\u0259 Fransa oyundan k\u0259narda qalmamaq \u00fc\u00e7\u00fcn Minsk Qrupunun f\u0259aliyy\u0259tind\u0259 maraql\u0131d\u0131r. Qurumun n\u00fcmay\u0259nd\u0259l\u0259rinin b\u00f6lg\u0259y\u0259 s\u0259f\u0259rl\u0259ri g\u00f6r\u00fcnt\u00fc xatirin\u0259 olsa da, davam ed\u0259c\u0259k.\u00a0Biz yax\u015f\u0131 bilirik ki, haz\u0131rda \u0259sas oyun\u00e7ular kiml\u0259rdir, bunlar Rusiya v\u0259 T\u00fcrkiy\u0259dir. Minsk Qrupunun sad\u0259c\u0259 ad\u0131 qalacaq. Amma onlar\u0131n m\u00fczakir\u0259l\u0259rini Az\u0259rbaycan ciddi q\u0259bul etm\u0259y\u0259c\u0259k\u201d.(sfera.az)<\/p>\n","protected":false},"excerpt":{"rendered":"<p>Az\u0259rbaycan, Erm\u0259nistan v\u0259 Rusiya liderl\u0259ri aras\u0131nda yax\u0131n vaxtlarda ke\u00e7irilm\u0259si g\u00f6zl\u0259nil\u0259n \u00fc\u00e7t\u0259r\u0259fli g\u00f6r\u00fc\u015f haz\u0131rda g\u00fcnd\u0259min \u0259sas m\u00f6vzular\u0131ndan birin\u0259 \u00e7evrilib. G\u00f6r\u00fc\u015f\u00fcn m\u00fcmk\u00fcn tarixl\u0259rind\u0259n biri kimi yanvar\u0131n<\/p>\n","protected":false},"author":2,"featured_media":25898,"comment_status":"closed","ping_status":"closed","sticky":false,"template":"","format":"standard","meta":{"footnotes":""},"categories":[3],"tags":[],"class_list":["post-25897","post","type-post","status-publish","format-standard","has-post-thumbnail","hentry","category-gundm"],"aioseo_notices":[],"_links":{"self":[{"href":"https:\/\/fedai.az\/index.php?rest_route=\/wp\/v2\/posts\/25897","targetHints":{"allow":["GET"]}}],"collection":[{"href":"https:\/\/fedai.az\/index.php?rest_route=\/wp\/v2\/posts"}],"about":[{"href":"https:\/\/fedai.az\/index.php?rest_route=\/wp\/v2\/types\/post"}],"author":[{"embeddable":true,"href":"https:\/\/fedai.az\/index.php?rest_route=\/wp\/v2\/users\/2"}],"replies":[{"embeddable":true,"href":"https:\/\/fedai.az\/index.php?rest_route=%2Fwp%2Fv2%2Fcomments&post=25897"}],"version-history":[{"count":1,"href":"https:\/\/fedai.az\/index.php?rest_route=\/wp\/v2\/posts\/25897\/revisions"}],"predecessor-version":[{"id":25899,"href":"https:\/\/fedai.az\/index.php?rest_route=\/wp\/v2\/posts\/25897\/revisions\/25899"}],"wp:featuredmedia":[{"embeddable":true,"href":"https:\/\/fedai.az\/index.php?rest_route=\/wp\/v2\/media\/25898"}],"wp:attachment":[{"href":"https:\/\/fedai.az\/index.php?rest_route=%2Fwp%2Fv2%2Fmedia&parent=25897"}],"wp:term":[{"taxonomy":"category","embeddable":true,"href":"https:\/\/fedai.az\/index.php?rest_route=%2Fwp%2Fv2%2Fcategories&post=25897"},{"taxonomy":"post_tag","embeddable":true,"href":"https:\/\/fedai.az\/index.php?rest_route=%2Fwp%2Fv2%2Ftags&post=25897"}],"curies":[{"name":"wp","href":"https:\/\/api.w.org\/{rel}","templated":true}]}}