{"id":259,"date":"2020-01-24T01:01:18","date_gmt":"2020-01-23T21:01:18","guid":{"rendered":"http:\/\/fedai.az\/?p=259"},"modified":"2020-01-24T01:08:19","modified_gmt":"2020-01-23T21:08:19","slug":"qisasi-alinan-az%c9%99rbaycanli-legioner","status":"publish","type":"post","link":"https:\/\/fedai.az\/?p=259","title":{"rendered":"Q\u0130SASI ALINAN AZ\u018fRBAYCANLI LEG\u0130ONER"},"content":{"rendered":"\n<p><strong>G\u00f6r\u00fcnm\u0259z \u0259l h\u0259r yerd\u0259 idi v\u0259 SSR\u0130 c\u0259susu layiqli c\u0259zas\u0131n\u0131 alm\u0131\u015fd\u0131<\/strong><\/p>\n\n\n\n<p>1908-ci ilin iyun \u0430y\u0131n\u0131n 12-d\u0259 Nax\u00e7\u0131van\u0131n \u015e\u0259rur r\u0430y\u043enu D\u00fcd\u0259ng\u0259 k\u0259ndind\u0259 d\u00fcnyaya g\u0259l\u0259n \u018fbd\u00fcrr\u0259hman b\u0259y F\u0259t\u0259lib\u0259yli D\u00fcd\u0259nginski s\u0259f\u0259vi n\u0259slind\u0259n olub. Onun atas\u0131, Nax\u00e7\u0131van\u0131n \u015e\u0259rur rayonunun D\u00fcd\u0259ng\u0259, Zeyb\u0259 k\u0259ndl\u0259rinin b\u0259yi \u018fli b\u0259y F\u0259t\u0259lib\u0259yli d\u00f6vr\u00fcn\u00fcn h\u00f6rm\u0259tli \u015f\u0259xsiyy\u0259tl\u0259rind\u0259n idi.<\/p>\n\n\n\n<p>Bir rus zabiti m\u00fcs\u0259lman dinin\u0259 istehza etdikd\u0259, \u018fli b\u0259y q\u0131l\u0131nc\u0131 il\u0259 onu vurmaq ist\u0259yib. Oradak\u0131 zabitl\u0259r \u018fli b\u0259yi sakitl\u0259\u015fdiribl\u0259r. Bir ay sonra is\u0259 atas\u0131 \u018fli b\u0259y z\u0259h\u0259rl\u0259n\u0259r\u0259k, \u00f6ld\u00fcr\u00fcl\u00fcb.<\/p>\n\n\n\n<p>\u0130kinci d\u00fcnya m\u00fcharib\u0259si zaman\u0131 \u0259sir d\u00fc\u015f\u0259n D\u00fcd\u0259nginski az\u0259rbaycanl\u0131lardan ibar\u0259t legionun lideri kimi SSR\u0130y\u0259 qar\u015f\u0131 vuru\u015fur.<\/p>\n\n\n\n<p>Az\u0259rbaycan\u0131n m\u00fcst\u0259qilliyinin b\u0259rpas\u0131, Almaniyada tan\u0131d\u0131lmas\u0131 istiqam\u0259tind\u0259 ciddi f\u0259aliyy\u0259t g\u00f6st\u0259r\u0259n D\u00fcd\u0259nginskinin Almaniya hakimiyy\u0259ti il\u0259 s\u0131x \u0259laq\u0259l\u0259ri vard\u0131.<\/p>\n\n\n\n<p>Onun apard\u0131\u011f\u0131 anti SSR\u0130 f\u0259aliyy\u0259tinin qar\u015f\u0131s\u0131n\u0131 almaq \u00fc\u00e7\u00fcn SSR\u0130 DTKn\u0131n c\u0259susu Mikay\u0131l Ismay\u0131lov SMER\u015e&#187;in zabiti &#171;M\u00fcller&#187; l\u0259q\u0259bli Georgi Vladimirovi\u00e7 t\u0259r\u0259find\u0259n D\u00fcd\u0259nginskini \u00f6ld\u00fcrm\u0259k sifari\u015fi al\u0131r.<\/p>\n\n\n\n<p>D\u00fcd\u0259nginski il\u0259 \u015f\u0259xsi m\u00fcnasib\u0259t yarad\u0131b etibar\u0131n\u0131 qazand\u0131qdan sonra Mikay\u0131l \u0130smay\u0131lov onu \u00e7\u0259kic il\u0259 ba\u015f\u0131ndan vuraraq q\u0259tl\u0259 yetirir.<\/p>\n\n\n\n<p>Az\u0259rbaycanl\u0131 legioneri \u00f6ld\u00fcrd\u00fckd\u0259n sonra \u00f6lk\u0259y\u0259 qay\u0131dan Mikay\u0131l h\u0259r \u015feyin yolunda olaca\u011f\u0131n\u0131 d\u00fc\u015f\u00fcns\u0259 d\u0259 \u00f6mr\u00fcn\u00fc Az\u0259rbaycan\u0131n azadl\u0131\u011f\u0131na h\u0259sr etmi\u015f o\u011fullar\u0131n h\u0259l\u0259 d\u0259 var oldu\u011funu, g\u00f6r\u00fcnm\u0259z \u0259l kimi laz\u0131m olanda xainl\u0259ri c\u0259zaland\u0131ra bil\u0259c\u0259yini unutmu\u015fdu.<\/p>\n\n\n\n<p>Xain Mikay\u0131l \u0130smay\u0131lov da \u00f6z ota\u011f\u0131nda D\u00fcd\u0259nginskini \u00f6ld\u00fcrd\u00fcy\u00fc formada aradan g\u00f6t\u00fcr\u00fcl\u00fcr.<\/p>\n\n\n\n<p>Son n\u0259f\u0259sin\u0259 q\u0259d\u0259r b\u00fct\u00fcn t\u0259hl\u00fck\u0259l\u0259ri g\u00f6z\u0259 alaraq v\u0259t\u0259ninin maraqlar\u0131n\u0131 qoruyan, ill\u0259rl\u0259 onlardan biri kimi g\u00f6r\u00fcn\u00fcb laz\u0131m olduqda h\u0259r\u0259k\u0259t\u0259 ke\u00e7\u0259n v\u0259t\u0259n \u00f6vladlar\u0131ndan d\u00fcnyas\u0131n\u0131 d\u0259yi\u015f\u0259nl\u0259rin ruhlar\u0131 qar\u015f\u0131s\u0131nda ba\u015f \u0259yirik.<\/p>\n\n\n\n<p>Az\u0259rbaycan\u00e7\u0131l\u0131q, v\u0259t\u0259n ruhunu bu g\u00fcn d\u0259 ya\u015fadanlar sizl\u0259ri d\u0259 unutmuruq&#8230;<\/p>\n\n\n\n<p>Qeyd: Fotodak\u0131 \u015f\u0259xs \u018fbd\u00fcrr\u0259hman b\u0259y F\u0259t\u0259lib\u0259yli D\u00fcd\u0259nginskidir.\/Difai t\u0259\u015fkilat\u0131\/<\/p>\n","protected":false},"excerpt":{"rendered":"<p>G\u00f6r\u00fcnm\u0259z \u0259l h\u0259r yerd\u0259 idi v\u0259 SSR\u0130 c\u0259susu layiqli c\u0259zas\u0131n\u0131 alm\u0131\u015fd\u0131 1908-ci ilin iyun \u0430y\u0131n\u0131n 12-d\u0259 Nax\u00e7\u0131van\u0131n \u015e\u0259rur r\u0430y\u043enu D\u00fcd\u0259ng\u0259 k\u0259ndind\u0259 d\u00fcnyaya g\u0259l\u0259n \u018fbd\u00fcrr\u0259hman<\/p>\n","protected":false},"author":2,"featured_media":260,"comment_status":"closed","ping_status":"closed","sticky":false,"template":"","format":"standard","meta":{"footnotes":""},"categories":[7],"tags":[],"class_list":["post-259","post","type-post","status-publish","format-standard","has-post-thumbnail","hentry","category-tarix"],"aioseo_notices":[],"_links":{"self":[{"href":"https:\/\/fedai.az\/index.php?rest_route=\/wp\/v2\/posts\/259","targetHints":{"allow":["GET"]}}],"collection":[{"href":"https:\/\/fedai.az\/index.php?rest_route=\/wp\/v2\/posts"}],"about":[{"href":"https:\/\/fedai.az\/index.php?rest_route=\/wp\/v2\/types\/post"}],"author":[{"embeddable":true,"href":"https:\/\/fedai.az\/index.php?rest_route=\/wp\/v2\/users\/2"}],"replies":[{"embeddable":true,"href":"https:\/\/fedai.az\/index.php?rest_route=%2Fwp%2Fv2%2Fcomments&post=259"}],"version-history":[{"count":2,"href":"https:\/\/fedai.az\/index.php?rest_route=\/wp\/v2\/posts\/259\/revisions"}],"predecessor-version":[{"id":262,"href":"https:\/\/fedai.az\/index.php?rest_route=\/wp\/v2\/posts\/259\/revisions\/262"}],"wp:featuredmedia":[{"embeddable":true,"href":"https:\/\/fedai.az\/index.php?rest_route=\/wp\/v2\/media\/260"}],"wp:attachment":[{"href":"https:\/\/fedai.az\/index.php?rest_route=%2Fwp%2Fv2%2Fmedia&parent=259"}],"wp:term":[{"taxonomy":"category","embeddable":true,"href":"https:\/\/fedai.az\/index.php?rest_route=%2Fwp%2Fv2%2Fcategories&post=259"},{"taxonomy":"post_tag","embeddable":true,"href":"https:\/\/fedai.az\/index.php?rest_route=%2Fwp%2Fv2%2Ftags&post=259"}],"curies":[{"name":"wp","href":"https:\/\/api.w.org\/{rel}","templated":true}]}}