{"id":25900,"date":"2021-01-08T21:13:10","date_gmt":"2021-01-08T17:13:10","guid":{"rendered":"https:\/\/fedai.az\/?p=25900"},"modified":"2021-01-08T21:15:07","modified_gmt":"2021-01-08T17:15:07","slug":"az%c9%99rbaycan-h%c9%99rbi-kalonu-qirmizi-bazardan-kecir-erm%c9%99nil%c9%99r-heyr%c9%99tl%c9%99-tamasa-edir-video","status":"publish","type":"post","link":"https:\/\/fedai.az\/?p=25900","title":{"rendered":"Az\u0259rbaycan h\u0259rbi kalonu Q\u0131rm\u0131z\u0131 Bazardan ke\u00e7ir, erm\u0259nil\u0259r heyr\u0259tl\u0259 tama\u015fa edir &#8212; V\u0130DEO"},"content":{"rendered":"\n<p><strong>Sosial \u015f\u0259b\u0259k\u0259l\u0259rd\u0259 Az\u0259rbaycan ordusunun Xocav\u0259ndin erm\u0259nil\u0259r ya\u015fayan Q\u0131rm\u0131z\u0131 Bazar q\u0259s\u0259b\u0259sind\u0259n ke\u00e7\u0259n kalonunun g\u00f6r\u00fcnt\u00fcl\u0259ri yay\u0131l\u0131b. Kadrlardan g\u00f6r\u00fcn\u00fcr ki, h\u0259rbi y\u00fck avtomobill\u0259rind\u0259n ibar\u0259t kalon yolun k\u0259nar\u0131nda dayan\u0131b, erm\u0259nil\u0259r is\u0259 ona heyr\u0259t v\u0259 qorxu hissl\u0259ri i\u00e7\u0259risind\u0259 tama\u015fa edir.<\/strong><\/p>\n\n\n\n<p>Qeyd ed\u0259k ki, Az\u0259rbaycan ordusunun \u015eu\u015fada dislokasiya olunmu\u015f b\u00f6lm\u0259l\u0259rinin t\u0259minat\u0131 bir \u00e7ox hallarda Q\u0131rm\u0131z\u0131 Bazar-Xank\u0259ndi yolu il\u0259, Rusiya h\u0259rbi polisinin m\u00fc\u015faiy\u0259ti alt\u0131nda h\u0259yata ke\u00e7irilir. Vaxta\u015f\u0131r\u0131 olaraq bu q\u0259s\u0259b\u0259d\u0259n Az\u0259rbaycan ordusunun h\u0259rbi kalonlar\u0131 h\u0259r\u0259k\u0259t edir.&nbsp;<\/p>\n\n\n\n<p>Q\u0259s\u0259b\u0259 erm\u0259nil\u0259rin n\u0259zar\u0259tind\u0259 olsa da Az\u0259rbaycan ordusu Q\u0131rm\u0131z\u0131 Bazar\u0131n 700-800 metrliyind\u0259 m\u00f6vqe tutub.(H\u0130T.AZ)<\/p>\n\n\n\n<figure class=\"wp-block-embed is-type-video is-provider-youtube wp-block-embed-youtube wp-embed-aspect-16-9 wp-has-aspect-ratio\"><div class=\"wp-block-embed__wrapper\">\n<iframe loading=\"lazy\" title=\"Q\u0131rm\u0131z\u0131 Bazardan ke\u00e7\u0259n ma\u015f\u0131n karvan\u0131m\u0131z erm\u0259nil\u0259rin mara\u011f\u0131na s\u0259b\u0259b olub\" width=\"715\" height=\"402\" src=\"https:\/\/www.youtube.com\/embed\/qc9UJ-uG25U?feature=oembed\" frameborder=\"0\" allow=\"accelerometer; autoplay; clipboard-write; encrypted-media; gyroscope; picture-in-picture\" allowfullscreen><\/iframe>\n<\/div><\/figure>\n","protected":false},"excerpt":{"rendered":"<p>Sosial \u015f\u0259b\u0259k\u0259l\u0259rd\u0259 Az\u0259rbaycan ordusunun Xocav\u0259ndin erm\u0259nil\u0259r ya\u015fayan Q\u0131rm\u0131z\u0131 Bazar q\u0259s\u0259b\u0259sind\u0259n ke\u00e7\u0259n kalonunun g\u00f6r\u00fcnt\u00fcl\u0259ri yay\u0131l\u0131b. Kadrlardan g\u00f6r\u00fcn\u00fcr ki, h\u0259rbi y\u00fck avtomobill\u0259rind\u0259n ibar\u0259t kalon yolun k\u0259nar\u0131nda<\/p>\n","protected":false},"author":2,"featured_media":25902,"comment_status":"closed","ping_status":"closed","sticky":false,"template":"","format":"standard","meta":{"footnotes":""},"categories":[4],"tags":[],"class_list":["post-25900","post","type-post","status-publish","format-standard","has-post-thumbnail","hentry","category-qarabag"],"aioseo_notices":[],"_links":{"self":[{"href":"https:\/\/fedai.az\/index.php?rest_route=\/wp\/v2\/posts\/25900","targetHints":{"allow":["GET"]}}],"collection":[{"href":"https:\/\/fedai.az\/index.php?rest_route=\/wp\/v2\/posts"}],"about":[{"href":"https:\/\/fedai.az\/index.php?rest_route=\/wp\/v2\/types\/post"}],"author":[{"embeddable":true,"href":"https:\/\/fedai.az\/index.php?rest_route=\/wp\/v2\/users\/2"}],"replies":[{"embeddable":true,"href":"https:\/\/fedai.az\/index.php?rest_route=%2Fwp%2Fv2%2Fcomments&post=25900"}],"version-history":[{"count":1,"href":"https:\/\/fedai.az\/index.php?rest_route=\/wp\/v2\/posts\/25900\/revisions"}],"predecessor-version":[{"id":25901,"href":"https:\/\/fedai.az\/index.php?rest_route=\/wp\/v2\/posts\/25900\/revisions\/25901"}],"wp:featuredmedia":[{"embeddable":true,"href":"https:\/\/fedai.az\/index.php?rest_route=\/wp\/v2\/media\/25902"}],"wp:attachment":[{"href":"https:\/\/fedai.az\/index.php?rest_route=%2Fwp%2Fv2%2Fmedia&parent=25900"}],"wp:term":[{"taxonomy":"category","embeddable":true,"href":"https:\/\/fedai.az\/index.php?rest_route=%2Fwp%2Fv2%2Fcategories&post=25900"},{"taxonomy":"post_tag","embeddable":true,"href":"https:\/\/fedai.az\/index.php?rest_route=%2Fwp%2Fv2%2Ftags&post=25900"}],"curies":[{"name":"wp","href":"https:\/\/api.w.org\/{rel}","templated":true}]}}