{"id":25954,"date":"2021-01-09T01:57:23","date_gmt":"2021-01-08T21:57:23","guid":{"rendered":"https:\/\/fedai.az\/?p=25954"},"modified":"2021-01-09T01:57:25","modified_gmt":"2021-01-08T21:57:25","slug":"vitse-spiker-s%c9%99hid-ail%c9%99l%c9%99ri-v%c9%99-qazil%c9%99ri-diqq%c9%99t-v%c9%99-qaygi-il%c9%99-%c9%99hat%c9%99-olunmalidir","status":"publish","type":"post","link":"https:\/\/fedai.az\/?p=25954","title":{"rendered":"Vitse-spiker: \u201c\u015e\u0259hid ail\u0259l\u0259ri v\u0259 qazil\u0259ri diqq\u0259t v\u0259 qay\u011f\u0131 il\u0259 \u0259hat\u0259 olunmal\u0131d\u0131r\u201d"},"content":{"rendered":"\n<p>Modern.az: <strong>V\u0259t\u0259n m\u00fcharib\u0259si r\u0259\u015fad\u0259tli ordumuzun q\u0259l\u0259b\u0259si il\u0259 ba\u015fa \u00e7atd\u0131qdan sonra d\u00f6vl\u0259timizin qar\u015f\u0131s\u0131nda bir ne\u00e7\u0259 prioritet istiqam\u0259tl\u0259r m\u00fc\u0259yy\u0259n edildi.<\/strong><\/p>\n\n\n\n<p>Bunlardan biri &#8212; i\u015f\u011faldan azad edilmi\u015f \u0259razil\u0259rimizin b\u0259rpas\u0131 v\u0259 yenid\u0259n qurulmas\u0131 sah\u0259sind\u0259 g\u00f6r\u00fcl\u0259c\u0259k i\u015fl\u0259rl\u0259 ba\u011fl\u0131d\u0131r. Bu m\u0259qs\u0259dl\u0259 2021-ci ilin d\u00f6vl\u0259t b\u00fcdc\u0259sind\u0259n laz\u0131mi v\u0259sait ayr\u0131l\u0131b v\u0259 tezlikl\u0259 i\u015f\u011faldan azad edilmi\u015f V\u0259t\u0259n torpaqlar\u0131 \u00f6lk\u0259mizin \u0259n g\u00f6z\u0259l gu\u015f\u0259l\u0259rind\u0259n birin\u0259 \u00e7evril\u0259c\u0259k. Dig\u0259r \u00f6n\u0259mli m\u0259s\u0259l\u0259 &#8212; vaxtil\u0259 do\u011fma el-obalar\u0131n\u0131 t\u0259rk etm\u0259y\u0259 m\u0259cbur qalm\u0131\u015f k\u00f6\u00e7k\u00fcn v\u0259 qa\u00e7q\u0131n v\u0259t\u0259nda\u015flar\u0131m\u0131z\u0131n yenid\u0259n \u00f6z d\u0259d\u0259-baba yurdlar\u0131na qay\u0131tmas\u0131d\u0131r. H\u0259min insanlar bu tarixi an\u0131 30 il\u0259 yax\u0131nd\u0131r h\u0259sr\u0259tl\u0259 g\u00f6zl\u0259yirdil\u0259r.&nbsp;&nbsp;<\/p>\n\n\n\n<p>\u0130nan\u0131r\u0131q ki, d\u00f6vl\u0259timizin diqq\u0259t v\u0259 qay\u011f\u0131s\u0131 il\u0259 i\u015f\u011faldan azad edilmi\u015f \u0259razil\u0259rimizd\u0259 quruculuq i\u015fl\u0259ri, o c\u00fcml\u0259d\u0259n yeni binalar\u0131n in\u015fas\u0131, yollar\u0131n b\u0259rpas\u0131, dig\u0259r infrastrukturun qurulmas\u0131 q\u0131sa m\u00fcdd\u0259t \u0259rzind\u0259 yekunla\u015facaq. Onu da qeyd etm\u0259k laz\u0131md\u0131r ki, Erm\u0259nistan\u0131n apard\u0131\u011f\u0131 i\u015f\u011fal\u00e7\u0131l\u0131q siyas\u0259t, vandal v\u0259 barbar \u0259m\u0259ll\u0259ri n\u0259tic\u0259sind\u0259 \u0259razil\u0259rimizd\u0259ki tarixi, m\u0259d\u0259ni abid\u0259l\u0259r v\u0259h\u015fic\u0259sin\u0259 talan edilib v\u0259 da\u011f\u0131d\u0131l\u0131b, ya\u015fayi\u015f evl\u0259ri xarabal\u0131\u011fa \u00e7evrilib, yollar yarars\u0131z hala sal\u0131n\u0131b, t\u0259bi\u0259tin\u0259 ciddi ziyan vurulub.<\/p>\n\n\n\n<p>\u0130kinci \u0259sas prioritet istiqam\u0259t is\u0259 \u0259razil\u0259rimizin i\u015f\u011faldan azad edilm\u0259sind\u0259 \u015f\u00fcca\u0259t g\u00f6st\u0259rmi\u015f, \u015fanl\u0131 tariximizin \u0259n parlaq s\u0259hif\u0259l\u0259rini yazm\u0131\u015f \u015f\u0259hidl\u0259rimizin biz\u0259 \u0259man\u0259ti olan ail\u0259l\u0259rinin qay\u011f\u0131lar\u0131n\u0131n h\u0259ll edilm\u0259sidir. 44 g\u00fcnl\u00fck m\u00fcharib\u0259 zaman\u0131 h\u0259r bir Az\u0259rbaycan h\u0259rb\u00e7isinin \u00f6z m\u0259suliyy\u0259tini d\u0259rk ed\u0259r\u0259k \u00fcz\u0259rin\u0259 d\u00fc\u015f\u0259n v\u0259zif\u0259l\u0259ri layiqind\u0259 yerin\u0259 yetirm\u0259si t\u0259qdir\u0259layiqdir. Bu g\u00fcn \u015f\u0259hid ail\u0259l\u0259rinin qay\u011f\u0131lar\u0131n\u0131n aradan qald\u0131r\u0131lmas\u0131, onlar\u0131n probleml\u0259rinin h\u0259lli ba\u015fda&nbsp; Prezident c\u0259nab \u0130lham \u018fliyev v\u0259 Birinci Vitse-Prezident Mehriban xan\u0131m \u018fliyeva olmaqla, h\u0259r bir az\u0259rbaycanl\u0131n\u0131n \u0259n \u00fcmd\u0259 m\u0259s\u0259l\u0259sin\u0259 \u00e7evrilmi\u015fdir. Bu istiqam\u0259td\u0259 art\u0131q z\u0259ruri t\u0259dbirl\u0259r h\u0259yata ke\u00e7irilir. \u015e\u0259hid ail\u0259l\u0259rinin t\u0259minatlar\u0131n\u0131n art\u0131r\u0131lmas\u0131 il\u0259 \u0259laq\u0259dar t\u0259yin edilmi\u015f \u00f6d\u0259ni\u015fl\u0259r 500 manata \u00e7atd\u0131r\u0131l\u0131b. Eyni zamanda, \u015f\u0259hid ail\u0259l\u0259rinin m\u0259nzil qay\u011f\u0131lar\u0131n\u0131n h\u0259ll edilm\u0259si istiqam\u0259tind\u0259 m\u00fch\u00fcm add\u0131mlar at\u0131l\u0131r. Bununla \u0259laq\u0259dar m\u0259cburi k\u00f6\u00e7k\u00fcnl\u0259r \u00fc\u00e7\u00fcn tikil\u0259n evl\u0259rin \u015f\u0259hid ail\u0259l\u0259rin\u0259 verilm\u0259si n\u0259z\u0259rd\u0259 tutulub.<\/p>\n\n\n\n<p>Qa\u00e7q\u0131nlar\u0131n v\u0259 M\u0259cburi K\u00f6\u00e7k\u00fcnl\u0259rin \u0130\u015fl\u0259ri \u00fczr\u0259 D\u00f6vl\u0259t Komit\u0259sinin balans\u0131nda olan m\u0259nzill\u0259rin aidiyy\u0259ti \u00fczr\u0259 istifad\u0259 edilm\u0259si \u00fc\u00e7\u00fcn \u018fm\u0259k v\u0259 \u018fhalinin Sosial M\u00fcdafi\u0259si Nazirliyinin balans\u0131na verilir. \u00dcmumilikd\u0259, \u00f6lk\u0259 ba\u015f\u00e7\u0131s\u0131n\u0131n 2020-ci ilin yekunlar\u0131na h\u0259sr edilmi\u015f konfrans\u0131nda da bildirdiyi kimi, bu vaxta q\u0259d\u0259r 9 mind\u0259n \u00e7ox \u015f\u0259hid ail\u0259si d\u00f6vl\u0259t t\u0259r\u0259find\u0259n evl\u0259rl\u0259 v\u0259 m\u0259nzill\u0259rl\u0259 t\u0259min edilib. Bundan \u0259lav\u0259 1500&nbsp; \u015f\u0259hid ail\u0259si \u00fc\u00e7\u00fcn d\u0259 q\u0131sa m\u00fcdd\u0259td\u0259 evl\u0259rin verilm\u0259si n\u0259z\u0259rd\u0259 tutulub. Bununla da, d\u00f6vl\u0259t h\u0259m m\u0259cburi k\u00f6\u00e7k\u00fcnl\u0259rin \u00f6z d\u0259d\u0259-baba yurdlar\u0131na k\u00f6\u00e7\u00fcr\u00fclm\u0259sini t\u0259min ed\u0259c\u0259k, h\u0259m\u00e7inin d\u0259 \u015f\u0259hid ail\u0259l\u0259rinin m\u0259nzil problemi bird\u0259f\u0259lik h\u0259ll olunacaq.<\/p>\n\n\n\n<p>M\u00fch\u00fcm \u0259h\u0259miyy\u0259t k\u0259sb ed\u0259n m\u0259s\u0259l\u0259l\u0259rd\u0259n biri d\u0259 yerli icra hakimiyy\u0259tl\u0259rind\u0259 \u015f\u0259hid ail\u0259l\u0259ri v\u0259 qazil\u0259rl\u0259 i\u015fl\u0259y\u0259c\u0259k \u015f\u00f6b\u0259l\u0259rin yarad\u0131lmas\u0131d\u0131r.&nbsp; Bel\u0259 ki, \u201cYerli icra hakimiyy\u0259tl\u0259ri haqq\u0131nda\u201d \u018fsasnam\u0259y\u0259 edilmi\u015f d\u0259yi\u015fiklik n\u0259tic\u0259sind\u0259 yeni yarad\u0131lm\u0131\u015f struktur b\u00f6lm\u0259l\u0259rin birba\u015fa t\u0259yinat\u0131 \u015f\u0259hid ail\u0259l\u0259ri v\u0259 qazil\u0259rimizl\u0259 i\u015fin t\u0259\u015fkil edilm\u0259sidir. Bu is\u0259 \u00f6z n\u00f6vb\u0259sind\u0259 onlar\u0131n \u00e7\u0259tinlikl\u0259rinin q\u0131sa m\u00fcdd\u0259t \u0259rzind\u0259 h\u0259llin\u0259 \u015f\u0259rait yaradacaq.<\/p>\n\n\n\n<p>Biz V\u0259t\u0259n m\u00fcharib\u0259sind\u0259 qazand\u0131\u011f\u0131m\u0131z \u015fanl\u0131 q\u0259l\u0259b\u0259mizi torpaqlar\u0131m\u0131z u\u011frunda canlar\u0131n\u0131 qurban vermi\u015f \u015f\u0259hidl\u0259rimiz\u0259, qazil\u0259rimiz\u0259 borcluyuq. Onlar\u0131n biz\u0259 \u0259man\u0259t qoydu\u011fu ail\u0259l\u0259ri h\u0259r zaman diqq\u0259t v\u0259 qay\u011f\u0131 il\u0259 \u0259hat\u0259 olunmaqdad\u0131r<\/p>\n\n\n\n<p><strong>Adil \u018fliyev<\/strong><\/p>\n\n\n\n<p><strong>Milli M\u0259clisin vitse-spikeri<\/strong><\/p>\n","protected":false},"excerpt":{"rendered":"<p>Modern.az: V\u0259t\u0259n m\u00fcharib\u0259si r\u0259\u015fad\u0259tli ordumuzun q\u0259l\u0259b\u0259si il\u0259 ba\u015fa \u00e7atd\u0131qdan sonra d\u00f6vl\u0259timizin qar\u015f\u0131s\u0131nda bir ne\u00e7\u0259 prioritet istiqam\u0259tl\u0259r m\u00fc\u0259yy\u0259n edildi. Bunlardan biri &#8212; i\u015f\u011faldan azad edilmi\u015f<\/p>\n","protected":false},"author":2,"featured_media":25955,"comment_status":"closed","ping_status":"closed","sticky":false,"template":"","format":"standard","meta":{"footnotes":""},"categories":[5],"tags":[],"class_list":["post-25954","post","type-post","status-publish","format-standard","has-post-thumbnail","hentry","category-veteran"],"aioseo_notices":[],"_links":{"self":[{"href":"https:\/\/fedai.az\/index.php?rest_route=\/wp\/v2\/posts\/25954","targetHints":{"allow":["GET"]}}],"collection":[{"href":"https:\/\/fedai.az\/index.php?rest_route=\/wp\/v2\/posts"}],"about":[{"href":"https:\/\/fedai.az\/index.php?rest_route=\/wp\/v2\/types\/post"}],"author":[{"embeddable":true,"href":"https:\/\/fedai.az\/index.php?rest_route=\/wp\/v2\/users\/2"}],"replies":[{"embeddable":true,"href":"https:\/\/fedai.az\/index.php?rest_route=%2Fwp%2Fv2%2Fcomments&post=25954"}],"version-history":[{"count":1,"href":"https:\/\/fedai.az\/index.php?rest_route=\/wp\/v2\/posts\/25954\/revisions"}],"predecessor-version":[{"id":25956,"href":"https:\/\/fedai.az\/index.php?rest_route=\/wp\/v2\/posts\/25954\/revisions\/25956"}],"wp:featuredmedia":[{"embeddable":true,"href":"https:\/\/fedai.az\/index.php?rest_route=\/wp\/v2\/media\/25955"}],"wp:attachment":[{"href":"https:\/\/fedai.az\/index.php?rest_route=%2Fwp%2Fv2%2Fmedia&parent=25954"}],"wp:term":[{"taxonomy":"category","embeddable":true,"href":"https:\/\/fedai.az\/index.php?rest_route=%2Fwp%2Fv2%2Fcategories&post=25954"},{"taxonomy":"post_tag","embeddable":true,"href":"https:\/\/fedai.az\/index.php?rest_route=%2Fwp%2Fv2%2Ftags&post=25954"}],"curies":[{"name":"wp","href":"https:\/\/api.w.org\/{rel}","templated":true}]}}