{"id":25970,"date":"2021-01-09T12:25:41","date_gmt":"2021-01-09T08:25:41","guid":{"rendered":"https:\/\/fedai.az\/?p=25970"},"modified":"2021-01-09T12:25:43","modified_gmt":"2021-01-09T08:25:43","slug":"qarabaga-g%c9%99l%c9%99c%c9%99k-turkiy%c9%99-h%c9%99rbcil%c9%99rinin-sayi-b%c9%99lli-oldu-rusiya-mn-d%c9%99n-aciqlama","status":"publish","type":"post","link":"https:\/\/fedai.az\/?p=25970","title":{"rendered":"Qaraba\u011fa g\u0259l\u0259c\u0259k T\u00fcrkiy\u0259 h\u0259rb\u00e7il\u0259rinin say\u0131 b\u0259lli oldu \u2013 Rusiya MN-d\u0259n A\u00c7IQLAMA"},"content":{"rendered":"\n<p><strong>Rusiya v\u0259 T\u00fcrkiy\u0259 Da\u011fl\u0131q Qaraba\u011fda at\u0259\u015fk\u0259s\u0259 n\u0259zar\u0259tl\u0259 ba\u011fl\u0131 birg\u0259 m\u0259rk\u0259z bar\u0259d\u0259 raz\u0131l\u0131\u011fa g\u0259lib\u201d.<\/strong><\/p>\n\n\n\n<p>Bu bar\u0259d\u0259 Rusiya M\u00fcdafi\u0259 Nazirliyinin r\u0259smi n\u00fcmay\u0259nd\u0259si, general-mayor \u0130qor Kona\u015fenkov bildirib.<\/p>\n\n\n\n<p>Onun s\u00f6zl\u0259rin\u0259 g\u00f6r\u0259, Birg\u0259 m\u0259rk\u0259zin \u015f\u0259xsi hey\u0259ti iki \u00f6lk\u0259d\u0259n b\u0259rab\u0259r h\u0259cmd\u0259 olacaq:<\/p>\n\n\n\n<p>\u201cRusiya M\u00fcdafi\u0259 Nazirliyi v\u0259 T\u00fcrkiy\u0259nin Milli M\u00fcdafi\u0259 Nazirliyi aras\u0131nda noyabr\u0131n 11-d\u0259 imzalanan memoranduma \u0259sas\u0259n, at\u0259\u015fk\u0259s\u0259 n\u0259zar\u0259tl\u0259 ba\u011fl\u0131 Birg\u0259 Rusiya-T\u00fcrkiy\u0259 m\u0259rk\u0259zinin yerl\u0259\u015fdirilm\u0259si v\u0259 idar\u0259 edilm\u0259sin\u0259 dair raz\u0131l\u0131q \u0259ld\u0259 edilib.<\/p>\n\n\n\n<p>M\u0259rk\u0259z Az\u0259rbaycan \u0259razisind\u0259 yerl\u0259\u015f\u0259c\u0259k.<\/p>\n\n\n\n<p>Birg\u0259 m\u0259rk\u0259zin t\u0259\u015fkilat strukturunda Rusiya v\u0259 T\u00fcrkiy\u0259 h\u0259rb\u00e7il\u0259rinin say\u0131 b\u0259rab\u0259r olacaq\u201d. (apa.az)<\/p>\n","protected":false},"excerpt":{"rendered":"<p>Rusiya v\u0259 T\u00fcrkiy\u0259 Da\u011fl\u0131q Qaraba\u011fda at\u0259\u015fk\u0259s\u0259 n\u0259zar\u0259tl\u0259 ba\u011fl\u0131 birg\u0259 m\u0259rk\u0259z bar\u0259d\u0259 raz\u0131l\u0131\u011fa g\u0259lib\u201d. Bu bar\u0259d\u0259 Rusiya M\u00fcdafi\u0259 Nazirliyinin r\u0259smi n\u00fcmay\u0259nd\u0259si, general-mayor \u0130qor Kona\u015fenkov bildirib.<\/p>\n","protected":false},"author":2,"featured_media":25971,"comment_status":"closed","ping_status":"closed","sticky":false,"template":"","format":"standard","meta":{"footnotes":""},"categories":[4],"tags":[],"class_list":["post-25970","post","type-post","status-publish","format-standard","has-post-thumbnail","hentry","category-qarabag"],"aioseo_notices":[],"_links":{"self":[{"href":"https:\/\/fedai.az\/index.php?rest_route=\/wp\/v2\/posts\/25970","targetHints":{"allow":["GET"]}}],"collection":[{"href":"https:\/\/fedai.az\/index.php?rest_route=\/wp\/v2\/posts"}],"about":[{"href":"https:\/\/fedai.az\/index.php?rest_route=\/wp\/v2\/types\/post"}],"author":[{"embeddable":true,"href":"https:\/\/fedai.az\/index.php?rest_route=\/wp\/v2\/users\/2"}],"replies":[{"embeddable":true,"href":"https:\/\/fedai.az\/index.php?rest_route=%2Fwp%2Fv2%2Fcomments&post=25970"}],"version-history":[{"count":1,"href":"https:\/\/fedai.az\/index.php?rest_route=\/wp\/v2\/posts\/25970\/revisions"}],"predecessor-version":[{"id":25972,"href":"https:\/\/fedai.az\/index.php?rest_route=\/wp\/v2\/posts\/25970\/revisions\/25972"}],"wp:featuredmedia":[{"embeddable":true,"href":"https:\/\/fedai.az\/index.php?rest_route=\/wp\/v2\/media\/25971"}],"wp:attachment":[{"href":"https:\/\/fedai.az\/index.php?rest_route=%2Fwp%2Fv2%2Fmedia&parent=25970"}],"wp:term":[{"taxonomy":"category","embeddable":true,"href":"https:\/\/fedai.az\/index.php?rest_route=%2Fwp%2Fv2%2Fcategories&post=25970"},{"taxonomy":"post_tag","embeddable":true,"href":"https:\/\/fedai.az\/index.php?rest_route=%2Fwp%2Fv2%2Ftags&post=25970"}],"curies":[{"name":"wp","href":"https:\/\/api.w.org\/{rel}","templated":true}]}}