{"id":25983,"date":"2021-01-09T15:51:01","date_gmt":"2021-01-09T11:51:01","guid":{"rendered":"https:\/\/fedai.az\/?p=25983"},"modified":"2021-01-09T15:51:05","modified_gmt":"2021-01-09T11:51:05","slug":"surnuxuda-dovl%c9%99t-s%c9%99rh%c9%99di-movsesyan-adli-cobanin-tovl%c9%99sini-ikiy%c9%99-boldu","status":"publish","type":"post","link":"https:\/\/fedai.az\/?p=25983","title":{"rendered":"\u015eurnuxuda d\u00f6vl\u0259t s\u0259rh\u0259di Movsesyan adl\u0131 \u00e7oban\u0131n t\u00f6vl\u0259sini ikiy\u0259 b\u00f6ld\u00fc"},"content":{"rendered":"\n<p><strong>Z\u0259ng\u0259zur b\u00f6lg\u0259sinin \u015eurnuxu k\u0259ndind\u0259 Erm\u0259nistan v\u0259t\u0259nda\u015f\u0131na m\u0259xsus mal-qara saxlan\u0131lan t\u00f6vl\u0259 iki \u00f6lk\u0259 s\u0259rh\u0259ddinin t\u0259n ortas\u0131nda yerl\u0259\u015fdiyi \u00fc\u00e7\u00fcnyar\u0131 b\u00f6l\u00fcn\u00fcb.<\/strong><\/p>\n\n\n\n<p><strong><a target=\"_blank\" href=\"https:\/\/publika.az\/\" rel=\"noreferrer noopener\">Publika.az<\/a>&nbsp;<\/strong>x\u0259b\u0259r verir ki, bu bar\u0259d\u0259 Erm\u0259nistan\u0131n ombudsman\u0131 Arman Tatoyan bildirib.<\/p>\n\n\n\n<p>Onun s\u00f6zl\u0259rin\u0259 g\u00f6r\u0259, s\u0259rh\u0259d \u201cGoogle\u201d x\u0259rit\u0259 proqram\u0131na \u0259sas\u0259n d\u0259qiql\u0259\u015fdirilib. N\u0259tic\u0259d\u0259, evi Erm\u0259nistan t\u0259r\u0259fd\u0259 qalan Styopa Movsisyan ad-soyadl\u0131 \u00e7oban\u0131n t\u00f6vl\u0259si s\u0259rh\u0259dd\u0259 yerl\u0259\u015fdiyi \u00fc\u00e7\u00fcn iki yer\u0259 ayr\u0131l\u0131b, t\u00f6vl\u0259nin yar\u0131s\u0131 Az\u0259rbaycan t\u0259r\u0259fin\u0259 ke\u00e7ib.<\/p>\n\n\n\n<p>Qeyd ed\u0259k ki, Erm\u0259nistan v\u0259 Az\u0259rbaycan aras\u0131ndak\u0131 son s\u0259rh\u0259d d\u0259qiql\u0259\u015fdirilm\u0259l\u0259rin\u0259 \u0259sas\u0259n, Z\u0259ng\u0259zur b\u00f6lg\u0259sinin \u015eurnuxu k\u0259ndind\u0259ki 12 ev Az\u0259rbaycan \u0259razisin\u0259 d\u00fc\u015f\u00fcb. H\u0259min \u0259razid\u0259 ya\u015fayan erm\u0259nil\u0259r Az\u0259rbaycan \u0259razisini t\u0259rk edibl\u0259r.<\/p>\n","protected":false},"excerpt":{"rendered":"<p>Z\u0259ng\u0259zur b\u00f6lg\u0259sinin \u015eurnuxu k\u0259ndind\u0259 Erm\u0259nistan v\u0259t\u0259nda\u015f\u0131na m\u0259xsus mal-qara saxlan\u0131lan t\u00f6vl\u0259 iki \u00f6lk\u0259 s\u0259rh\u0259ddinin t\u0259n ortas\u0131nda yerl\u0259\u015fdiyi \u00fc\u00e7\u00fcnyar\u0131 b\u00f6l\u00fcn\u00fcb. Publika.az&nbsp;x\u0259b\u0259r verir ki, bu bar\u0259d\u0259 Erm\u0259nistan\u0131n<\/p>\n","protected":false},"author":2,"featured_media":25984,"comment_status":"closed","ping_status":"closed","sticky":false,"template":"","format":"standard","meta":{"footnotes":""},"categories":[4],"tags":[],"class_list":["post-25983","post","type-post","status-publish","format-standard","has-post-thumbnail","hentry","category-qarabag"],"aioseo_notices":[],"_links":{"self":[{"href":"https:\/\/fedai.az\/index.php?rest_route=\/wp\/v2\/posts\/25983","targetHints":{"allow":["GET"]}}],"collection":[{"href":"https:\/\/fedai.az\/index.php?rest_route=\/wp\/v2\/posts"}],"about":[{"href":"https:\/\/fedai.az\/index.php?rest_route=\/wp\/v2\/types\/post"}],"author":[{"embeddable":true,"href":"https:\/\/fedai.az\/index.php?rest_route=\/wp\/v2\/users\/2"}],"replies":[{"embeddable":true,"href":"https:\/\/fedai.az\/index.php?rest_route=%2Fwp%2Fv2%2Fcomments&post=25983"}],"version-history":[{"count":1,"href":"https:\/\/fedai.az\/index.php?rest_route=\/wp\/v2\/posts\/25983\/revisions"}],"predecessor-version":[{"id":25985,"href":"https:\/\/fedai.az\/index.php?rest_route=\/wp\/v2\/posts\/25983\/revisions\/25985"}],"wp:featuredmedia":[{"embeddable":true,"href":"https:\/\/fedai.az\/index.php?rest_route=\/wp\/v2\/media\/25984"}],"wp:attachment":[{"href":"https:\/\/fedai.az\/index.php?rest_route=%2Fwp%2Fv2%2Fmedia&parent=25983"}],"wp:term":[{"taxonomy":"category","embeddable":true,"href":"https:\/\/fedai.az\/index.php?rest_route=%2Fwp%2Fv2%2Fcategories&post=25983"},{"taxonomy":"post_tag","embeddable":true,"href":"https:\/\/fedai.az\/index.php?rest_route=%2Fwp%2Fv2%2Ftags&post=25983"}],"curies":[{"name":"wp","href":"https:\/\/api.w.org\/{rel}","templated":true}]}}