{"id":25986,"date":"2021-01-09T16:09:39","date_gmt":"2021-01-09T12:09:39","guid":{"rendered":"https:\/\/fedai.az\/?p=25986"},"modified":"2021-01-09T16:09:41","modified_gmt":"2021-01-09T12:09:41","slug":"az%c9%99rxalcanin-idar%c9%99-hey%c9%99tinin-s%c9%99dri-h%c9%99bs-edildi-r%c9%99smi","status":"publish","type":"post","link":"https:\/\/fedai.az\/?p=25986","title":{"rendered":"\u201cAz\u0259rxal\u00e7a\u201dn\u0131n idar\u0259 hey\u0259tinin s\u0259dri h\u0259bs edildi \u2013 R\u0259smi"},"content":{"rendered":"\n<p><strong>Az\u0259rbaycan Respublikas\u0131n\u0131n Prezidenti c\u0259nab \u0130lham \u018fliyevin t\u00f6vsiy\u0259 v\u0259 tap\u015f\u0131r\u0131qlar\u0131na uy\u011fun olaraq d\u00f6vl\u0259t idar\u0259\u00e7iliyind\u0259 maliyy\u0259 \u015f\u0259ffafl\u0131\u011f\u0131n\u0131n t\u0259min edilm\u0259si istiqam\u0259tind\u0259 qar\u015f\u0131ya \u00e7\u0131xan korrupsiya hallar\u0131na qar\u015f\u0131 m\u00fcbariz\u0259 t\u0259dbirl\u0259ri davam etdirilir.<\/strong><\/p>\n\n\n\n<p>Bu bar\u0259d\u0259 Ba\u015f Prokurorlu\u011fun m\u0259tbuat xidm\u0259tind\u0259n bildirilib.<\/p>\n\n\n\n<p>Bel\u0259 t\u0259dbirl\u0259rd\u0259n biri kimi \u201cAz\u0259rxal\u00e7a\u201d ASC-nin \u0130dar\u0259 hey\u0259tinin s\u0259dri v\u0259zif\u0259sind\u0259 i\u015fl\u0259mi\u015f Muradov Vidadi Ayd\u0131n o\u011flunun qanunsuz \u0259m\u0259ll\u0259ri il\u0259 \u0259laq\u0259dar Ba\u015f Prokurorlu\u011fa daxil olmu\u015f materiallar \u0259sas\u0131nda apar\u0131lm\u0131\u015f ara\u015fd\u0131rma n\u0259tic\u0259sind\u0259 Az\u0259rbaycan Respublikas\u0131 Cinay\u0259t M\u0259c\u0259ll\u0259sinin m\u00fcvafiq madd\u0259l\u0259ri il\u0259 cinay\u0259t i\u015fi ba\u015flan\u0131b.<\/p>\n","protected":false},"excerpt":{"rendered":"<p>Az\u0259rbaycan Respublikas\u0131n\u0131n Prezidenti c\u0259nab \u0130lham \u018fliyevin t\u00f6vsiy\u0259 v\u0259 tap\u015f\u0131r\u0131qlar\u0131na uy\u011fun olaraq d\u00f6vl\u0259t idar\u0259\u00e7iliyind\u0259 maliyy\u0259 \u015f\u0259ffafl\u0131\u011f\u0131n\u0131n t\u0259min edilm\u0259si istiqam\u0259tind\u0259 qar\u015f\u0131ya \u00e7\u0131xan korrupsiya hallar\u0131na qar\u015f\u0131 m\u00fcbariz\u0259<\/p>\n","protected":false},"author":2,"featured_media":25987,"comment_status":"closed","ping_status":"closed","sticky":false,"template":"","format":"standard","meta":{"footnotes":""},"categories":[3],"tags":[],"class_list":["post-25986","post","type-post","status-publish","format-standard","has-post-thumbnail","hentry","category-gundm"],"aioseo_notices":[],"_links":{"self":[{"href":"https:\/\/fedai.az\/index.php?rest_route=\/wp\/v2\/posts\/25986","targetHints":{"allow":["GET"]}}],"collection":[{"href":"https:\/\/fedai.az\/index.php?rest_route=\/wp\/v2\/posts"}],"about":[{"href":"https:\/\/fedai.az\/index.php?rest_route=\/wp\/v2\/types\/post"}],"author":[{"embeddable":true,"href":"https:\/\/fedai.az\/index.php?rest_route=\/wp\/v2\/users\/2"}],"replies":[{"embeddable":true,"href":"https:\/\/fedai.az\/index.php?rest_route=%2Fwp%2Fv2%2Fcomments&post=25986"}],"version-history":[{"count":1,"href":"https:\/\/fedai.az\/index.php?rest_route=\/wp\/v2\/posts\/25986\/revisions"}],"predecessor-version":[{"id":25988,"href":"https:\/\/fedai.az\/index.php?rest_route=\/wp\/v2\/posts\/25986\/revisions\/25988"}],"wp:featuredmedia":[{"embeddable":true,"href":"https:\/\/fedai.az\/index.php?rest_route=\/wp\/v2\/media\/25987"}],"wp:attachment":[{"href":"https:\/\/fedai.az\/index.php?rest_route=%2Fwp%2Fv2%2Fmedia&parent=25986"}],"wp:term":[{"taxonomy":"category","embeddable":true,"href":"https:\/\/fedai.az\/index.php?rest_route=%2Fwp%2Fv2%2Fcategories&post=25986"},{"taxonomy":"post_tag","embeddable":true,"href":"https:\/\/fedai.az\/index.php?rest_route=%2Fwp%2Fv2%2Ftags&post=25986"}],"curies":[{"name":"wp","href":"https:\/\/api.w.org\/{rel}","templated":true}]}}