{"id":25994,"date":"2021-01-10T00:30:51","date_gmt":"2021-01-09T20:30:51","guid":{"rendered":"https:\/\/fedai.az\/?p=25994"},"modified":"2021-01-10T00:30:54","modified_gmt":"2021-01-09T20:30:54","slug":"%c9%99rdogan-avropa-birliyi-turkiy%c9%99nin-gund%c9%99mind%c9%99-prioritet-t%c9%99skil-edir","status":"publish","type":"post","link":"https:\/\/fedai.az\/?p=25994","title":{"rendered":"\u018frdo\u011fan: &#171;Avropa Birliyi T\u00fcrkiy\u0259nin g\u00fcnd\u0259mind\u0259 prioritet t\u0259\u015fkil edir&#187;"},"content":{"rendered":"\n<p><strong>T\u00fcrkiy\u0259 Prezidenti R\u0259c\u0259b Tayyib \u018frdo\u011fan Avropa Komissiyas\u0131n\u0131n r\u0259hb\u0259ri Ursula fon der Lyayenl\u0259 videoformatda dan\u0131\u015f\u0131qlar apar\u0131b.<\/strong><\/p>\n\n\n\n<p>Bu bar\u0259d\u0259&nbsp;<strong>Demokrat.az<\/strong>&nbsp;T\u00fcrkiy\u0259 m\u0259tbuat\u0131na istinad\u0259n x\u0259b\u0259r verir.<\/p>\n\n\n\n<p>Dan\u0131\u015f\u0131qlar\u0131n gedi\u015fat\u0131nda T\u00fcrkiy\u0259 v\u0259 Avropa Birliyi aras\u0131nda ikit\u0259r\u0259fli inki\u015faf m\u0259s\u0259l\u0259l\u0259ri, h\u0259m\u00e7inin regional hadis\u0259l\u0259r m\u00fczakir\u0259 edilib.&nbsp;<\/p>\n\n\n\n<p>R\u0259c\u0259b Tayyib \u018frdo\u011fan dan\u0131\u015f\u0131qlar zaman\u0131 Avropa Birliyinin T\u00fcrkiy\u0259nin g\u00fcnd\u0259mind\u0259 prioritet oldu\u011funu s\u00f6yl\u0259yib.&nbsp;<\/p>\n\n\n\n<p>O, h\u0259m\u00e7inin T\u00fcrkiy\u0259nin g\u0259l\u0259c\u0259yini Avropada g\u00f6rd\u00fcy\u00fcn\u00fc bildirib.<\/p>\n","protected":false},"excerpt":{"rendered":"<p>T\u00fcrkiy\u0259 Prezidenti R\u0259c\u0259b Tayyib \u018frdo\u011fan Avropa Komissiyas\u0131n\u0131n r\u0259hb\u0259ri Ursula fon der Lyayenl\u0259 videoformatda dan\u0131\u015f\u0131qlar apar\u0131b. Bu bar\u0259d\u0259&nbsp;Demokrat.az&nbsp;T\u00fcrkiy\u0259 m\u0259tbuat\u0131na istinad\u0259n x\u0259b\u0259r verir. Dan\u0131\u015f\u0131qlar\u0131n gedi\u015fat\u0131nda T\u00fcrkiy\u0259<\/p>\n","protected":false},"author":2,"featured_media":25996,"comment_status":"closed","ping_status":"closed","sticky":false,"template":"","format":"standard","meta":{"footnotes":""},"categories":[13],"tags":[],"class_list":["post-25994","post","type-post","status-publish","format-standard","has-post-thumbnail","hentry","category-xarici"],"aioseo_notices":[],"_links":{"self":[{"href":"https:\/\/fedai.az\/index.php?rest_route=\/wp\/v2\/posts\/25994","targetHints":{"allow":["GET"]}}],"collection":[{"href":"https:\/\/fedai.az\/index.php?rest_route=\/wp\/v2\/posts"}],"about":[{"href":"https:\/\/fedai.az\/index.php?rest_route=\/wp\/v2\/types\/post"}],"author":[{"embeddable":true,"href":"https:\/\/fedai.az\/index.php?rest_route=\/wp\/v2\/users\/2"}],"replies":[{"embeddable":true,"href":"https:\/\/fedai.az\/index.php?rest_route=%2Fwp%2Fv2%2Fcomments&post=25994"}],"version-history":[{"count":1,"href":"https:\/\/fedai.az\/index.php?rest_route=\/wp\/v2\/posts\/25994\/revisions"}],"predecessor-version":[{"id":25997,"href":"https:\/\/fedai.az\/index.php?rest_route=\/wp\/v2\/posts\/25994\/revisions\/25997"}],"wp:featuredmedia":[{"embeddable":true,"href":"https:\/\/fedai.az\/index.php?rest_route=\/wp\/v2\/media\/25996"}],"wp:attachment":[{"href":"https:\/\/fedai.az\/index.php?rest_route=%2Fwp%2Fv2%2Fmedia&parent=25994"}],"wp:term":[{"taxonomy":"category","embeddable":true,"href":"https:\/\/fedai.az\/index.php?rest_route=%2Fwp%2Fv2%2Fcategories&post=25994"},{"taxonomy":"post_tag","embeddable":true,"href":"https:\/\/fedai.az\/index.php?rest_route=%2Fwp%2Fv2%2Ftags&post=25994"}],"curies":[{"name":"wp","href":"https:\/\/api.w.org\/{rel}","templated":true}]}}