{"id":25998,"date":"2021-01-10T00:34:00","date_gmt":"2021-01-09T20:34:00","guid":{"rendered":"https:\/\/fedai.az\/?p=25998"},"modified":"2021-01-10T00:34:03","modified_gmt":"2021-01-09T20:34:03","slug":"naxcivan-igdir-qaz-k%c9%99m%c9%99ri-il%c9%99-bagli-tarix-aciqlandi","status":"publish","type":"post","link":"https:\/\/fedai.az\/?p=25998","title":{"rendered":"Nax\u00e7\u0131van-\u0130\u011fd\u0131r qaz k\u0259m\u0259ri il\u0259 ba\u011fl\u0131 tarix a\u00e7\u0131qland\u0131"},"content":{"rendered":"\n<p><strong>\u00d6t\u0259n ilin sonu Az\u0259rbaycan v\u0259 T\u00fcrkiy\u0259 energetika nazirl\u0259ri aras\u0131nda Nax\u00e7\u0131van Muxtar Respublikas\u0131na t\u0259bii qaz\u0131n t\u0259dar\u00fck\u00fcn\u0259 dair Anla\u015fma Memorandumu imzaland\u0131. \u00dcmid edir\u0259m ki, yax\u0131n bir ne\u00e7\u0259 ay \u0259rzind\u0259 qaz boru k\u0259m\u0259rinin in\u015fas\u0131na s\u00fcr\u0259tl\u0259 ba\u015flayaca\u011f\u0131q.<\/strong><\/p>\n\n\n\n<p><a target=\"_blank\" href=\"https:\/\/teleqraf.com\/\" rel=\"noreferrer noopener\">Teleqraf.com<\/a>&nbsp;x\u0259b\u0259r verir ki, bu s\u00f6zl\u0259ri T\u00fcrkiy\u0259nin Energetika v\u0259 t\u0259bii s\u0259rv\u0259tl\u0259r naziri Fatih D\u00f6nm\u0259z deyib.<\/p>\n\n\n\n<p>Onun s\u00f6zl\u0259rin\u0259 g\u00f6r\u0259, in\u015fa m\u00fcdd\u0259ti 12 ay hesablan\u0131b:<\/p>\n\n\n\n<p>&#171;Az\u0259rbaycan\u0131n Qaraba\u011f\u0131 Erm\u0259nistan\u0131n i\u015f\u011fal\u0131ndan azad etm\u0259si t\u00fcrk mill\u0259tin\u0259 izahedilm\u0259z sevinc g\u0259tirdi. &#171;\u0130ki d\u00f6vl\u0259t bir mill\u0259t \u015f\u00fcar\u0131n\u0131 h\u0259r sah\u0259d\u0259 n\u00fcmayi\u015f etdirmi\u015fik. Son prosesl\u0259rd\u0259 bunu bir daha t\u0259sdiql\u0259dik. Ticar\u0259tin daha da optimalla\u015fmas\u0131 \u00fc\u00e7\u00fcn m\u00fch\u00fcm imkanlar yaranacaq. Nax\u00e7\u0131vandan Az\u0259rbaycana olan d\u0259hliz bunlardan biridir. Ke\u00e7mi\u015fd\u0259 istifad\u0259 olunan b\u0259zi n\u0259qliyyat x\u0259tl\u0259ri d\u0259 var. Bunlar g\u00fcnd\u0259m\u0259 g\u0259l\u0259c\u0259k. H\u0259r bax\u0131mdan bu q\u0259l\u0259b\u0259 iki \u00f6lk\u0259nin xeyrin\u0259 oldu&#187;.<\/p>\n\n\n\n<p>Qeyd ed\u0259k ki, \u0130\u011fd\u0131r-Nax\u00e7\u0131van qaz k\u0259m\u0259ri 500 min n\u0259f\u0259r \u0259halisi v\u0259 illik 500 milyon kubmetr t\u0259bii qaz t\u0259l\u0259bat\u0131 il\u0259 Nax\u00e7\u0131vana qaz n\u0259ql edil\u0259c\u0259k. Boru k\u0259m\u0259rinin \u0130\u011fd\u0131rdan Nax\u00e7\u0131vana &#8212; S\u0259d\u0259r\u0259k rayonuna q\u0259d\u0259r olan hiss\u0259si 85 kilometr t\u0259\u015fkil ed\u0259c\u0259k. Bu boru k\u0259m\u0259ri il\u0259 illik 500 milyon, g\u00fcnd\u0259lik olaraq is\u0259 1,5 milyon kubmetr qaz n\u0259ql etm\u0259k h\u0259cmin\u0259 malik olacaq ki, bununla da Nax\u00e7\u0131van\u0131n qaz t\u0259l\u0259bat\u0131 tamamil\u0259 \u00f6d\u0259nil\u0259c\u0259k.<\/p>\n","protected":false},"excerpt":{"rendered":"<p>\u00d6t\u0259n ilin sonu Az\u0259rbaycan v\u0259 T\u00fcrkiy\u0259 energetika nazirl\u0259ri aras\u0131nda Nax\u00e7\u0131van Muxtar Respublikas\u0131na t\u0259bii qaz\u0131n t\u0259dar\u00fck\u00fcn\u0259 dair Anla\u015fma Memorandumu imzaland\u0131. \u00dcmid edir\u0259m ki, yax\u0131n bir<\/p>\n","protected":false},"author":2,"featured_media":25999,"comment_status":"closed","ping_status":"closed","sticky":false,"template":"","format":"standard","meta":{"footnotes":""},"categories":[12],"tags":[],"class_list":["post-25998","post","type-post","status-publish","format-standard","has-post-thumbnail","hentry","category-sosial"],"aioseo_notices":[],"_links":{"self":[{"href":"https:\/\/fedai.az\/index.php?rest_route=\/wp\/v2\/posts\/25998","targetHints":{"allow":["GET"]}}],"collection":[{"href":"https:\/\/fedai.az\/index.php?rest_route=\/wp\/v2\/posts"}],"about":[{"href":"https:\/\/fedai.az\/index.php?rest_route=\/wp\/v2\/types\/post"}],"author":[{"embeddable":true,"href":"https:\/\/fedai.az\/index.php?rest_route=\/wp\/v2\/users\/2"}],"replies":[{"embeddable":true,"href":"https:\/\/fedai.az\/index.php?rest_route=%2Fwp%2Fv2%2Fcomments&post=25998"}],"version-history":[{"count":1,"href":"https:\/\/fedai.az\/index.php?rest_route=\/wp\/v2\/posts\/25998\/revisions"}],"predecessor-version":[{"id":26000,"href":"https:\/\/fedai.az\/index.php?rest_route=\/wp\/v2\/posts\/25998\/revisions\/26000"}],"wp:featuredmedia":[{"embeddable":true,"href":"https:\/\/fedai.az\/index.php?rest_route=\/wp\/v2\/media\/25999"}],"wp:attachment":[{"href":"https:\/\/fedai.az\/index.php?rest_route=%2Fwp%2Fv2%2Fmedia&parent=25998"}],"wp:term":[{"taxonomy":"category","embeddable":true,"href":"https:\/\/fedai.az\/index.php?rest_route=%2Fwp%2Fv2%2Fcategories&post=25998"},{"taxonomy":"post_tag","embeddable":true,"href":"https:\/\/fedai.az\/index.php?rest_route=%2Fwp%2Fv2%2Ftags&post=25998"}],"curies":[{"name":"wp","href":"https:\/\/api.w.org\/{rel}","templated":true}]}}