{"id":26005,"date":"2021-01-10T00:44:35","date_gmt":"2021-01-09T20:44:35","guid":{"rendered":"https:\/\/fedai.az\/?p=26005"},"modified":"2021-01-10T00:44:38","modified_gmt":"2021-01-09T20:44:38","slug":"trampin-oglu-dunya-amerikaya-gulur-mao-lenin-v%c9%99-stalin-is%c9%99-gulumsunurl%c9%99r","status":"publish","type":"post","link":"https:\/\/fedai.az\/?p=26005","title":{"rendered":"Tramp\u0131n o\u011flu: &#171;D\u00fcnya Amerikaya g\u00fcl\u00fcr, Mao, Lenin v\u0259 Stalin is\u0259 g\u00fcl\u00fcms\u00fcn\u00fcrl\u0259r\u201d"},"content":{"rendered":"\n<p><strong>AB\u015e-\u0131n haz\u0131rk\u0131 Prezidenti Donald Tramp\u0131n o\u011flu, ki\u00e7ik &nbsp;Donald Tramp hesab edir ki, Tvitter Amerikan\u0131n d\u00f6vl\u0259t ba\u015f\u00e7\u0131s\u0131n\u0131n hesab\u0131n\u0131 ba\u011flad\u0131qdan sonra d\u00fcnya Amerikaya g\u00fcl\u00fcr.<\/strong><\/p>\n\n\n\n<p><strong>Virtualaz.org<\/strong>&nbsp;bildirir ki, bu bar\u0259d\u0259 o, Twitter-d\u0259 yaz\u0131b.<\/p>\n\n\n\n<p>&#171;D\u00fcnya Amerikaya g\u00fcl\u00fcr, Mao, Lenin v\u0259 Stalin is\u0259 g\u00fcl\u00fcms\u00fcn\u00fcrl\u0259r. B\u00f6y\u00fck texnoloji \u015firk\u0259tl\u0259r Prezidenti senzura ed\u0259 bil\u0259rl\u0259r?&#187;\u2014 ki\u00e7ik Tramp yaz\u0131b.<\/p>\n\n\n\n<p>O, h\u0259m\u00e7inin s\u00f6z azadl\u0131\u011f\u0131n\u0131n \u00f6l\u00fc oldu\u011funu v\u0259 ona &#171;q\u00fcdr\u0259tli sol\u00e7ular&#187; t\u0259r\u0259find\u0259n n\u0259zar\u0259t edildiyini bildirib.<\/p>\n\n\n\n<p>Xat\u0131rladaq ki, daha \u0259vv\u0259l Twitter r\u0259hb\u0259rliyi &#171;\u015fidd\u0259t\u0259 daha \u00e7ox t\u0259hrik etm\u0259 riski \u00fcz\u00fcnd\u0259n&#187; Tramp\u0131n hesab\u0131na giri\u015fi bloklay\u0131b. Bundan sonra Tramp\u0131n se\u00e7ki q\u0259rargah\u0131n\u0131n hesab\u0131 da blokland\u0131. B\u00fct\u00fcn bunlardan \u0259vv\u0259l is\u0259 onun Facebook, Instagram, Twitch v\u0259 Snapchat s\u0259hif\u0259l\u0259ri bloklanm\u0131\u015fd\u0131.<\/p>\n","protected":false},"excerpt":{"rendered":"<p>AB\u015e-\u0131n haz\u0131rk\u0131 Prezidenti Donald Tramp\u0131n o\u011flu, ki\u00e7ik &nbsp;Donald Tramp hesab edir ki, Tvitter Amerikan\u0131n d\u00f6vl\u0259t ba\u015f\u00e7\u0131s\u0131n\u0131n hesab\u0131n\u0131 ba\u011flad\u0131qdan sonra d\u00fcnya Amerikaya g\u00fcl\u00fcr. Virtualaz.org&nbsp;bildirir ki,<\/p>\n","protected":false},"author":2,"featured_media":26007,"comment_status":"closed","ping_status":"closed","sticky":false,"template":"","format":"standard","meta":{"footnotes":""},"categories":[13],"tags":[],"class_list":["post-26005","post","type-post","status-publish","format-standard","has-post-thumbnail","hentry","category-xarici"],"aioseo_notices":[],"_links":{"self":[{"href":"https:\/\/fedai.az\/index.php?rest_route=\/wp\/v2\/posts\/26005","targetHints":{"allow":["GET"]}}],"collection":[{"href":"https:\/\/fedai.az\/index.php?rest_route=\/wp\/v2\/posts"}],"about":[{"href":"https:\/\/fedai.az\/index.php?rest_route=\/wp\/v2\/types\/post"}],"author":[{"embeddable":true,"href":"https:\/\/fedai.az\/index.php?rest_route=\/wp\/v2\/users\/2"}],"replies":[{"embeddable":true,"href":"https:\/\/fedai.az\/index.php?rest_route=%2Fwp%2Fv2%2Fcomments&post=26005"}],"version-history":[{"count":1,"href":"https:\/\/fedai.az\/index.php?rest_route=\/wp\/v2\/posts\/26005\/revisions"}],"predecessor-version":[{"id":26008,"href":"https:\/\/fedai.az\/index.php?rest_route=\/wp\/v2\/posts\/26005\/revisions\/26008"}],"wp:featuredmedia":[{"embeddable":true,"href":"https:\/\/fedai.az\/index.php?rest_route=\/wp\/v2\/media\/26007"}],"wp:attachment":[{"href":"https:\/\/fedai.az\/index.php?rest_route=%2Fwp%2Fv2%2Fmedia&parent=26005"}],"wp:term":[{"taxonomy":"category","embeddable":true,"href":"https:\/\/fedai.az\/index.php?rest_route=%2Fwp%2Fv2%2Fcategories&post=26005"},{"taxonomy":"post_tag","embeddable":true,"href":"https:\/\/fedai.az\/index.php?rest_route=%2Fwp%2Fv2%2Ftags&post=26005"}],"curies":[{"name":"wp","href":"https:\/\/api.w.org\/{rel}","templated":true}]}}