{"id":26017,"date":"2021-01-10T01:24:45","date_gmt":"2021-01-09T21:24:45","guid":{"rendered":"https:\/\/fedai.az\/?p=26017"},"modified":"2021-01-10T01:25:36","modified_gmt":"2021-01-09T21:25:36","slug":"daha-bir-doyuscu-%c9%99sg%c9%99rimiz-intihar-edib","status":"publish","type":"post","link":"https:\/\/fedai.az\/?p=26017","title":{"rendered":"Daha bir d\u00f6y\u00fc\u015f\u00e7\u00fc \u0259sg\u0259rimiz intihar edib"},"content":{"rendered":"\n<p><strong>V\u0259t\u0259n M\u00fcharib\u0259si qazisi Yunis M\u0259nsurov yanvar ay\u0131n\u0131n 7-d\u0259 intihar edib.<\/strong><\/p>\n\n\n\n<p>Bu bar\u0259d\u0259 qazinin yax\u0131nlar\u0131&nbsp; m\u0259lumat verib. Bildirilib ki, \u0259sl\u0259n X\u0131z\u0131 rayonundan olan 24 ya\u015fl\u0131 Yunis Ab\u015feron rayon Sulut\u0259p\u0259 q\u0259s\u0259b\u0259sind\u0259 ya\u015fay\u0131rm\u0131\u015f.<\/p>\n\n\n\n<p>D\u00f6y\u00fc\u015fl\u0259r ba\u015flayan zaman o, k\u00f6n\u00fcll\u00fc \u015f\u0259kild\u0259 c\u0259bh\u0259y\u0259 yollan\u0131b v\u0259 torpaqlar\u0131m\u0131z\u0131n i\u015f\u011faldan azad olunmas\u0131nda aktiv i\u015ftirak edib. Dekabr ay\u0131n\u0131n 30-u is\u0259 t\u0259rxis olunub v\u0259 ail\u0259sinin yan\u0131na qay\u0131d\u0131b.<\/p>\n\n\n\n<p>Yax\u0131nlar\u0131 bildirirl\u0259r ki, onun hans\u0131 s\u0259b\u0259bd\u0259n intihar etm\u0259si m\u0259lum deyil.<\/p>\n\n\n\n<p>Qeyd ed\u0259k ki, yanvar\u0131n 6-da \u0130kinci Qaraba\u011f m\u00fcharib\u0259sind\u0259 yaralanan \u0259sg\u0259r V\u00fcsal Musayev d\u0259 Bak\u0131da m\u00fcalic\u0259 ald\u0131\u011f\u0131 h\u0259rbi hospitalda intihar etmi\u015fdi v\u0259 bu, sosial \u015f\u0259b\u0259k\u0259l\u0259rd\u0259 geni\u015f m\u00fczakir\u0259l\u0259r\u0259 s\u0259b\u0259b olmu\u015fdu.<\/p>\n\n\n\n<figure class=\"wp-block-embed is-type-video is-provider-youtube wp-block-embed-youtube wp-embed-aspect-16-9 wp-has-aspect-ratio\"><div class=\"wp-block-embed__wrapper\">\n<iframe loading=\"lazy\" title=\"V\u0259t\u0259n M\u00fcharib\u0259sinin i\u015ftirak\u00e7\u0131s\u0131 intihar edib\" width=\"715\" height=\"402\" src=\"https:\/\/www.youtube.com\/embed\/FOvc2f3Pb0E?feature=oembed\" frameborder=\"0\" allow=\"accelerometer; autoplay; clipboard-write; encrypted-media; gyroscope; picture-in-picture\" allowfullscreen><\/iframe>\n<\/div><\/figure>\n\n\n\n<p>M\u00fcdafi\u0259 Nazirliyinin m\u0259tbuat xidm\u0259tind\u0259n fakt\u0131 APA-ya t\u0259sdiq edibl\u0259r. Bildirilib ki, faktla ba\u011fl\u0131 cinay\u0259t i\u015fi ba\u015flan\u0131l\u0131b, ara\u015fd\u0131rma apar\u0131l\u0131r.<\/p>\n\n\n\n<p><strong>P.S. M\u00fcharib\u0259 i\u015ftirak\u00e7\u0131lar\u0131n\u0131n geri d\u00f6n\u00fc\u015f\u00fcn\u0259 start veril\u0259n kimi bu d\u00f6y\u00fc\u015f\u00e7\u00fcl\u0259r\u0259 psixoloji yard\u0131ma da start verilm\u0259liydi. D\u00f6y\u00fc\u015f g\u00f6rm\u00fc\u015f \u015f\u0259xsl\u0259rin c\u0259miyy\u0259t\u0259 adaptasiya olmas\u0131 daim a\u011fr\u0131l\u0131 bir prosesdi. Lakin bu istiqam\u0259td\u0259 he\u00e7 bir i\u015f g\u00f6r\u00fclm\u00fcr. K\u00f6hn\u0259 d\u00f6y\u00fc\u015f\u00e7\u00fcl\u0259rin t\u0259cr\u00fcb\u0259sind\u0259n istifad\u0259 olunmur. Yarad\u0131lan qurumlar yaz\u0131\u00e7\u0131lar\u0131n, m\u00fc\u011f\u0259nnil\u0259rin v\u0259 bu reall\u0131qlardan x\u0259b\u0259rsiz \u015f\u0259xsl\u0259rin c\u0259lb edilm\u0259si probleml\u0259ri bundan sonra da d\u0259rinl\u0259\u015fm\u0259sin\u0259 s\u0259b\u0259b olacaq. Hava \u015f\u0259raitinin m\u00fcharib\u0259 getdiyi g\u00fcnl\u0259rd\u0259 d\u00f6vri d\u0259yi\u015fk\u0259nliyi d\u0259 &#171;s\u0259ng\u0259r x\u0259st\u0259liyinin&#187; yaranmas\u0131na s\u0259b\u0259b olub. H\u0259r halda bu problem getdikc\u0259 d\u0259rinl\u0259\u015f\u0259c\u0259k v\u0259 m\u00fcharib\u0259d\u0259n \u00e7\u0131xm\u0131\u015f veteranlar\u0131n t\u0259cr\u00fcb\u0259sind\u0259n istifad\u0259 edilm\u0259sin\u0259 ehtiyac yaranacaq&#8230;<\/strong><\/p>\n\n\n\n<figure class=\"wp-block-image size-large is-resized\"><img loading=\"lazy\" decoding=\"async\" src=\"https:\/\/fedai.az\/wp-content\/uploads\/2021\/01\/137195994_3849198835156513_5522475355487140885_n.jpg\" alt=\"\" class=\"wp-image-26019\" width=\"1078\" height=\"708\" srcset=\"https:\/\/fedai.az\/wp-content\/uploads\/2021\/01\/137195994_3849198835156513_5522475355487140885_n.jpg 700w, https:\/\/fedai.az\/wp-content\/uploads\/2021\/01\/137195994_3849198835156513_5522475355487140885_n-300x197.jpg 300w, https:\/\/fedai.az\/wp-content\/uploads\/2021\/01\/137195994_3849198835156513_5522475355487140885_n-150x99.jpg 150w\" sizes=\"auto, (max-width: 1078px) 100vw, 1078px\" \/><\/figure>\n","protected":false},"excerpt":{"rendered":"<p>V\u0259t\u0259n M\u00fcharib\u0259si qazisi Yunis M\u0259nsurov yanvar ay\u0131n\u0131n 7-d\u0259 intihar edib. Bu bar\u0259d\u0259 qazinin yax\u0131nlar\u0131&nbsp; m\u0259lumat verib. Bildirilib ki, \u0259sl\u0259n X\u0131z\u0131 rayonundan olan 24 ya\u015fl\u0131<\/p>\n","protected":false},"author":2,"featured_media":26018,"comment_status":"closed","ping_status":"closed","sticky":false,"template":"","format":"standard","meta":{"footnotes":""},"categories":[5],"tags":[],"class_list":["post-26017","post","type-post","status-publish","format-standard","has-post-thumbnail","hentry","category-veteran"],"aioseo_notices":[],"_links":{"self":[{"href":"https:\/\/fedai.az\/index.php?rest_route=\/wp\/v2\/posts\/26017","targetHints":{"allow":["GET"]}}],"collection":[{"href":"https:\/\/fedai.az\/index.php?rest_route=\/wp\/v2\/posts"}],"about":[{"href":"https:\/\/fedai.az\/index.php?rest_route=\/wp\/v2\/types\/post"}],"author":[{"embeddable":true,"href":"https:\/\/fedai.az\/index.php?rest_route=\/wp\/v2\/users\/2"}],"replies":[{"embeddable":true,"href":"https:\/\/fedai.az\/index.php?rest_route=%2Fwp%2Fv2%2Fcomments&post=26017"}],"version-history":[{"count":2,"href":"https:\/\/fedai.az\/index.php?rest_route=\/wp\/v2\/posts\/26017\/revisions"}],"predecessor-version":[{"id":26021,"href":"https:\/\/fedai.az\/index.php?rest_route=\/wp\/v2\/posts\/26017\/revisions\/26021"}],"wp:featuredmedia":[{"embeddable":true,"href":"https:\/\/fedai.az\/index.php?rest_route=\/wp\/v2\/media\/26018"}],"wp:attachment":[{"href":"https:\/\/fedai.az\/index.php?rest_route=%2Fwp%2Fv2%2Fmedia&parent=26017"}],"wp:term":[{"taxonomy":"category","embeddable":true,"href":"https:\/\/fedai.az\/index.php?rest_route=%2Fwp%2Fv2%2Fcategories&post=26017"},{"taxonomy":"post_tag","embeddable":true,"href":"https:\/\/fedai.az\/index.php?rest_route=%2Fwp%2Fv2%2Ftags&post=26017"}],"curies":[{"name":"wp","href":"https:\/\/api.w.org\/{rel}","templated":true}]}}