{"id":26429,"date":"2021-01-14T00:12:17","date_gmt":"2021-01-13T20:12:17","guid":{"rendered":"https:\/\/fedai.az\/?p=26429"},"modified":"2021-01-14T00:12:20","modified_gmt":"2021-01-13T20:12:20","slug":"%c9%99lilliyin-qiym%c9%99tl%c9%99ndirilm%c9%99sind%c9%99-yenilik","status":"publish","type":"post","link":"https:\/\/fedai.az\/?p=26429","title":{"rendered":"\u018flilliyin qiym\u0259tl\u0259ndirilm\u0259sind\u0259 YEN\u0130L\u0130K"},"content":{"rendered":"\n<p><strong>Nazirl\u0259r Kabinetinin 13 yanvar 2021-ci il tarixli \u201cAz\u0259rbaycan Respublikas\u0131n\u0131n \u0259razi b\u00fct\u00f6vl\u00fcy\u00fc u\u011frunda apar\u0131lan h\u0259rbi \u0259m\u0259liyyatlar zaman\u0131 x\u0259sar\u0259t (yaralanma, travma, kontuziya) alm\u0131\u015f h\u0259rbi qulluq\u00e7ular\u0131n tibbi-sosial ekspertizas\u0131 il\u0259 ba\u011fl\u0131 b\u0259zi m\u0259s\u0259l\u0259l\u0259r bar\u0259d\u0259\u201d Q\u0259rar\u0131na \u0259sas\u0259n, qeyd edil\u0259n tibbi-sosial ekspertizan\u0131n apar\u0131lmas\u0131 m\u0259s\u0259l\u0259l\u0259rinin operativ, vaxt\u0131nda, keyfiyy\u0259tl\u0259 v\u0259 m\u0259rk\u0259zl\u0259\u015fmi\u015f \u015f\u0259kild\u0259 h\u0259lli m\u0259qs\u0259dil\u0259 komissiya yarad\u0131l\u0131b.<\/strong><\/p>\n\n\n\n<p>\u018fm\u0259k v\u0259 \u018fhalinin Sosial M\u00fcdafi\u0259si Nazirliyind\u0259n\u00a0veril\u0259n m\u0259lumata g\u00f6r\u0259, q\u0259rara \u0259sas\u0259n komissiyaya Az\u0259rbaycan Respublikas\u0131n\u0131n \u0259m\u0259k v\u0259 \u0259halinin sosial m\u00fcdafi\u0259si naziri s\u0259drlik ed\u0259c\u0259k.<\/p>\n\n\n\n<p>Komissiyan\u0131n t\u0259rkibin\u0259 Az\u0259rbaycan Respublikas\u0131 m\u00fcdafi\u0259, s\u0259hiyy\u0259 nazirl\u0259rinin m\u00fcavinl\u0259ri, M\u00fcdafi\u0259 Nazirliyinin Tibb Ba\u015f \u0130dar\u0259sinin r\u0259isi, \u0130cbari Tibbi S\u0131\u011forta \u00fczr\u0259 D\u00f6vl\u0259t Agentliyinin \u0130dar\u0259 Hey\u0259ti s\u0259drinin m\u00fcavini, Tibbi \u018frazi B\u00f6lm\u0259l\u0259rini \u0130dar\u0259etm\u0259 Birliyinin (T\u018fB\u0130B) \u0130dar\u0259 Hey\u0259tinin s\u0259dri, \u018fm\u0259k v\u0259 \u018fhalinin Sosial M\u00fcdafi\u0259si Nazirliyinin tabeliyind\u0259 D\u00f6vl\u0259t Tibbi-Sosial Ekspertiza v\u0259 Reabilitasiya Agentliyinin \u0130dar\u0259 Hey\u0259tinin s\u0259dri, Tabeliyind\u0259 h\u0259rbi-h\u0259kim komissiyalar\u0131 v\u0259 h\u0259kim-u\u00e7u\u015f komissiyalar\u0131 olan d\u00f6vl\u0259t orqanlar\u0131n\u0131n s\u0259lahiyy\u0259tli \u015f\u0259xsl\u0259ri daxil edilib.<\/p>\n\n\n\n<p>Komissiya 2020-ci il 27 sentyabr tarixind\u0259n ba\u015flayan h\u0259rbi \u0259m\u0259liyyatlar zaman\u0131 x\u0259sar\u0259t (yaralanma, travma, kontuziya) alm\u0131\u015f h\u0259rbi qulluq\u00e7ular\u0131 birg\u0259 \u0259yani m\u00fcayin\u0259d\u0259n ke\u00e7irm\u0259kl\u0259 m\u0259rk\u0259zl\u0259\u015fdirilmi\u015f qaydada x\u0259sar\u0259tin (yaralanman\u0131n, travman\u0131n, kontuziyan\u0131n), x\u0259st\u0259likl\u0259rin h\u0259rbi xidm\u0259tl\u0259 \u0259laq\u0259sinin m\u00fc\u0259yy\u0259nl\u0259\u015fdirilm\u0259si il\u0259 ba\u011fl\u0131 s\u0259n\u0259dl\u0259rin s\u00fcr\u0259tl\u0259 r\u0259smil\u0259\u015fdirilm\u0259sini t\u0259min ed\u0259c\u0259k. H\u0259m\u00e7inin komissiya \u0259lilliyin qiym\u0259tl\u0259ndirilm\u0259si m\u0259qs\u0259dil\u0259 tibbi-sosial ekspertiza m\u00fcayin\u0259sin\u0259 g\u00f6nd\u0259ri\u015fl\u0259ri \u201cTibbi-sosial ekspertiza m\u00fcayin\u0259sin\u0259 g\u00f6nd\u0259ri\u015fl\u0259rin reyestri\u201dn\u0259 daxil ed\u0259c\u0259k v\u0259 \u0259yani m\u00fcayin\u0259 ke\u00e7irm\u0259kl\u0259 \u0259lilliyin qiym\u0259tl\u0259ndirilm\u0259sini aparacaq.<\/p>\n\n\n\n<p>Komissiyaya \u0259lilliyi m\u00fc\u0259yy\u0259n olunmu\u015f h\u0259rbi qulluq\u00e7ular\u0131n reabilitasiya vasit\u0259l\u0259ri il\u0259 n\u00f6vb\u0259d\u0259nk\u0259nar t\u0259min edilm\u0259si, onlar\u0131n reabilitasiyas\u0131 il\u0259 \u0259laq\u0259dar z\u0259ruri t\u0259dbirl\u0259rin g\u00f6r\u00fclm\u0259si d\u0259 tap\u015f\u0131r\u0131l\u0131b. Qeyd edil\u0259n t\u0259dbirl\u0259rin birg\u0259 h\u0259yata ke\u00e7irilm\u0259si \u00fc\u00e7\u00fcn Q\u0259rarla komissiyadak\u0131 d\u00f6vl\u0259t orqanlar\u0131n\u0131n n\u00fcmay\u0259nd\u0259l\u0259rind\u0259n, m\u00fct\u0259x\u0259ssisl\u0259rd\u0259n, o c\u00fcml\u0259d\u0259n ekspertl\u0259rd\u0259n ibar\u0259t i\u015f\u00e7i qruplar\u0131 da yarad\u0131lacaq.<\/p>\n\n\n\n<p>Nazirl\u0259r Kabinetinin bu g\u00fcn q\u0259bul etdiyi dig\u0259r q\u0259rarla Az\u0259rbaycan Respublikas\u0131n\u0131n \u0259razi b\u00fct\u00f6vl\u00fcy\u00fc u\u011frunda apar\u0131lan h\u0259rbi \u0259m\u0259liyyatlarda i\u015ftirak etmi\u015f h\u0259rbi qulluq\u00e7ulara v\u0259 \u015f\u0259hid ail\u0259l\u0259rin\u0259 operativ, vaxt\u0131nda, keyfiyy\u0259tl\u0259 v\u0259 \u0259laq\u0259li \u015f\u0259kild\u0259 psixoloji yard\u0131m g\u00f6st\u0259rilm\u0259sini t\u0259min etm\u0259k m\u0259qs\u0259dil\u0259 d\u0259 komissiya yarad\u0131l\u0131b.<\/p>\n","protected":false},"excerpt":{"rendered":"<p>Nazirl\u0259r Kabinetinin 13 yanvar 2021-ci il tarixli \u201cAz\u0259rbaycan Respublikas\u0131n\u0131n \u0259razi b\u00fct\u00f6vl\u00fcy\u00fc u\u011frunda apar\u0131lan h\u0259rbi \u0259m\u0259liyyatlar zaman\u0131 x\u0259sar\u0259t (yaralanma, travma, kontuziya) alm\u0131\u015f h\u0259rbi qulluq\u00e7ular\u0131n tibbi-sosial<\/p>\n","protected":false},"author":2,"featured_media":26430,"comment_status":"closed","ping_status":"closed","sticky":false,"template":"","format":"standard","meta":{"footnotes":""},"categories":[12],"tags":[],"class_list":["post-26429","post","type-post","status-publish","format-standard","has-post-thumbnail","hentry","category-sosial"],"aioseo_notices":[],"_links":{"self":[{"href":"https:\/\/fedai.az\/index.php?rest_route=\/wp\/v2\/posts\/26429","targetHints":{"allow":["GET"]}}],"collection":[{"href":"https:\/\/fedai.az\/index.php?rest_route=\/wp\/v2\/posts"}],"about":[{"href":"https:\/\/fedai.az\/index.php?rest_route=\/wp\/v2\/types\/post"}],"author":[{"embeddable":true,"href":"https:\/\/fedai.az\/index.php?rest_route=\/wp\/v2\/users\/2"}],"replies":[{"embeddable":true,"href":"https:\/\/fedai.az\/index.php?rest_route=%2Fwp%2Fv2%2Fcomments&post=26429"}],"version-history":[{"count":1,"href":"https:\/\/fedai.az\/index.php?rest_route=\/wp\/v2\/posts\/26429\/revisions"}],"predecessor-version":[{"id":26431,"href":"https:\/\/fedai.az\/index.php?rest_route=\/wp\/v2\/posts\/26429\/revisions\/26431"}],"wp:featuredmedia":[{"embeddable":true,"href":"https:\/\/fedai.az\/index.php?rest_route=\/wp\/v2\/media\/26430"}],"wp:attachment":[{"href":"https:\/\/fedai.az\/index.php?rest_route=%2Fwp%2Fv2%2Fmedia&parent=26429"}],"wp:term":[{"taxonomy":"category","embeddable":true,"href":"https:\/\/fedai.az\/index.php?rest_route=%2Fwp%2Fv2%2Fcategories&post=26429"},{"taxonomy":"post_tag","embeddable":true,"href":"https:\/\/fedai.az\/index.php?rest_route=%2Fwp%2Fv2%2Ftags&post=26429"}],"curies":[{"name":"wp","href":"https:\/\/api.w.org\/{rel}","templated":true}]}}