{"id":26438,"date":"2021-01-14T00:27:23","date_gmt":"2021-01-13T20:27:23","guid":{"rendered":"https:\/\/fedai.az\/?p=26438"},"modified":"2021-01-14T00:27:25","modified_gmt":"2021-01-13T20:27:25","slug":"qazil%c9%99r%c9%99-v%c9%99-s%c9%99hid-ail%c9%99l%c9%99rin%c9%99-psixoloji-yardim-gost%c9%99r%c9%99n-komissiya-yaradilib","status":"publish","type":"post","link":"https:\/\/fedai.az\/?p=26438","title":{"rendered":"Qazil\u0259r\u0259 v\u0259 \u015f\u0259hid ail\u0259l\u0259rin\u0259 psixoloji yard\u0131m g\u00f6st\u0259r\u0259n komissiya yarad\u0131l\u0131b"},"content":{"rendered":"\n<p><strong>Ba\u015f nazir \u018fli \u018fs\u0259dov \u201cAz\u0259rbaycan Respublikas\u0131n\u0131n \u0259razi b\u00fct\u00f6vl\u00fcy\u00fc u\u011frunda apar\u0131lan h\u0259rbi \u0259m\u0259liyyatlarda i\u015ftirak etmi\u015f h\u0259rbi qulluq\u00e7ulara v\u0259 \u015f\u0259hid ail\u0259l\u0259rin\u0259 psixoloji yard\u0131mla ba\u011fl\u0131 b\u0259zi m\u0259s\u0259l\u0259l\u0259r bar\u0259d\u0259\u201d q\u0259rar imzalay\u0131b.<\/strong><\/p>\n\n\n\n<p>Q\u0259rara \u0259sas\u0259n, Az\u0259rbaycan Respublikas\u0131n\u0131n \u0259razi b\u00fct\u00f6vl\u00fcy\u00fc u\u011frunda apar\u0131lan h\u0259rbi \u0259m\u0259liyyatlarda i\u015ftirak etmi\u015f h\u0259rbi qulluq\u00e7ulara v\u0259 \u015f\u0259hid ail\u0259l\u0259rin\u0259 operativ, vaxt\u0131nda, keyfiyy\u0259tl\u0259 v\u0259 \u0259laq\u0259li \u015f\u0259kild\u0259 psixoloji yard\u0131m g\u00f6st\u0259rilm\u0259sini t\u0259min etm\u0259k m\u0259qs\u0259dil\u0259 a\u015fa\u011f\u0131dak\u0131 t\u0259rkibd\u0259 komissiya yarad\u0131l\u0131b.<\/p>\n\n\n\n<p>Q\u0259rara \u0259sas\u0259n, Az\u0259rbaycan Respublikas\u0131n\u0131n s\u0259hiyy\u0259 naziri Komissiyan\u0131n s\u0259dri t\u0259yin edilib.<\/p>\n\n\n\n<p>Komissiyan\u0131n \u00fczvl\u0259ri: Az\u0259rbaycan Respublikas\u0131 m\u00fcdafi\u0259 nazirinin m\u00fcavini Az\u0259rbaycan Respublikas\u0131 f\u00f6vq\u0259lad\u0259 hallar nazirinin m\u00fcavini Az\u0259rbaycan Respublikas\u0131 \u0259m\u0259k v\u0259 \u0259halinin sosial m\u00fcdafi\u0259si nazirinin m\u00fcavini<\/p>\n\n\n\n<p>Az\u0259rbaycan Respublikas\u0131 M\u00fcdafi\u0259 Nazirliyinin Tibb Ba\u015f \u0130dar\u0259sinin r\u0259isi \u0130cbari Tibbi S\u0131\u011forta \u00fczr\u0259 D\u00f6vl\u0259t Agentliyinin \u0130dar\u0259 Hey\u0259ti s\u0259drinin m\u00fcavini<\/p>\n\n\n\n<p>Tibbi \u018frazi B\u00f6lm\u0259l\u0259rini \u0130dar\u0259etm\u0259 Birliyinin (T\u018fB\u0130B) \u0130dar\u0259 Hey\u0259tinin s\u0259dri<\/p>\n\n\n\n<p>Az\u0259rbaycan Respublikas\u0131 \u018fm\u0259k v\u0259 \u018fhalinin Sosial M\u00fcdafi\u0259si Nazirliyinin tabeliyind\u0259 D\u00f6vl\u0259t Tibbi-Sosial Ekspertiza v\u0259 Reabilitasiya Agentliyinin \u0130dar\u0259 Hey\u0259tinin s\u0259dri Tabeliyind\u0259 h\u0259rbi-h\u0259kim komissiyalar\u0131 v\u0259 h\u0259kim-u\u00e7u\u015f komissiyalar\u0131 olan d\u00f6vl\u0259t orqanlar\u0131n\u0131n s\u0259lahiyy\u0259tli \u015f\u0259xsl\u0259ri.<\/p>\n\n\n\n<p>Komissiyaya tap\u015f\u0131r\u0131l\u0131b:<\/p>\n\n\n\n<p>&#8212; 2020-ci il 27 sentyabr tarixind\u0259n ba\u015flayan, Az\u0259rbaycan Respublikas\u0131n\u0131n \u0259razi b\u00fct\u00f6vl\u00fcy\u00fc u\u011frunda apar\u0131lan h\u0259rbi \u0259m\u0259liyyatlarda i\u015ftirak etmi\u015f h\u0259rbi qulluq\u00e7ulara v\u0259 \u015f\u0259hid ail\u0259l\u0259rin\u0259 operativ, vaxt\u0131nda, keyfiyy\u0259tl\u0259 v\u0259 \u0259laq\u0259li \u015f\u0259kild\u0259 \u201cPsixoloji yard\u0131m haqq\u0131nda\u201d Az\u0259rbaycan Respublikas\u0131n\u0131n Qanununa uy\u011fun olaraq psixoloji yard\u0131m g\u00f6st\u0259rilm\u0259sinin t\u0259min edilm\u0259si \u00fc\u00e7\u00fcn z\u0259ruri t\u0259dbirl\u0259r g\u00f6rs\u00fcn;<br>&#8212; bu Q\u0259rardan ir\u0259li g\u0259l\u0259n dig\u0259r t\u0259dbirl\u0259rin h\u0259yata ke\u00e7irilm\u0259sini t\u0259min etsin. 3. Az\u0259rbaycan Respublikas\u0131n\u0131n S\u0259hiyy\u0259 Nazirliyi, Az\u0259rbaycan Respublikas\u0131n\u0131n \u018fm\u0259k v\u0259 \u018fhalinin Sosial M\u00fcdafi\u0259si Nazirliyi, Az\u0259rbaycan Respublikas\u0131n\u0131n M\u00fcdafi\u0259 Nazirliyi v\u0259 \u0130cbari Tibbi S\u0131\u011forta \u00fczr\u0259 D\u00f6vl\u0259t Agentliyi bu Q\u0259rardan ir\u0259li g\u0259l\u0259n m\u0259s\u0259l\u0259l\u0259ri h\u0259ll etsinl\u0259r.<\/p>\n","protected":false},"excerpt":{"rendered":"<p>Ba\u015f nazir \u018fli \u018fs\u0259dov \u201cAz\u0259rbaycan Respublikas\u0131n\u0131n \u0259razi b\u00fct\u00f6vl\u00fcy\u00fc u\u011frunda apar\u0131lan h\u0259rbi \u0259m\u0259liyyatlarda i\u015ftirak etmi\u015f h\u0259rbi qulluq\u00e7ulara v\u0259 \u015f\u0259hid ail\u0259l\u0259rin\u0259 psixoloji yard\u0131mla ba\u011fl\u0131 b\u0259zi m\u0259s\u0259l\u0259l\u0259r<\/p>\n","protected":false},"author":2,"featured_media":26440,"comment_status":"closed","ping_status":"closed","sticky":false,"template":"","format":"standard","meta":{"footnotes":""},"categories":[12],"tags":[],"class_list":["post-26438","post","type-post","status-publish","format-standard","has-post-thumbnail","hentry","category-sosial"],"aioseo_notices":[],"_links":{"self":[{"href":"https:\/\/fedai.az\/index.php?rest_route=\/wp\/v2\/posts\/26438","targetHints":{"allow":["GET"]}}],"collection":[{"href":"https:\/\/fedai.az\/index.php?rest_route=\/wp\/v2\/posts"}],"about":[{"href":"https:\/\/fedai.az\/index.php?rest_route=\/wp\/v2\/types\/post"}],"author":[{"embeddable":true,"href":"https:\/\/fedai.az\/index.php?rest_route=\/wp\/v2\/users\/2"}],"replies":[{"embeddable":true,"href":"https:\/\/fedai.az\/index.php?rest_route=%2Fwp%2Fv2%2Fcomments&post=26438"}],"version-history":[{"count":1,"href":"https:\/\/fedai.az\/index.php?rest_route=\/wp\/v2\/posts\/26438\/revisions"}],"predecessor-version":[{"id":26441,"href":"https:\/\/fedai.az\/index.php?rest_route=\/wp\/v2\/posts\/26438\/revisions\/26441"}],"wp:featuredmedia":[{"embeddable":true,"href":"https:\/\/fedai.az\/index.php?rest_route=\/wp\/v2\/media\/26440"}],"wp:attachment":[{"href":"https:\/\/fedai.az\/index.php?rest_route=%2Fwp%2Fv2%2Fmedia&parent=26438"}],"wp:term":[{"taxonomy":"category","embeddable":true,"href":"https:\/\/fedai.az\/index.php?rest_route=%2Fwp%2Fv2%2Fcategories&post=26438"},{"taxonomy":"post_tag","embeddable":true,"href":"https:\/\/fedai.az\/index.php?rest_route=%2Fwp%2Fv2%2Ftags&post=26438"}],"curies":[{"name":"wp","href":"https:\/\/api.w.org\/{rel}","templated":true}]}}