{"id":26442,"date":"2021-01-14T00:30:12","date_gmt":"2021-01-13T20:30:12","guid":{"rendered":"https:\/\/fedai.az\/?p=26442"},"modified":"2021-01-14T00:30:15","modified_gmt":"2021-01-13T20:30:15","slug":"%c9%99sg%c9%99rl%c9%99r%c9%99-gond%c9%99ril%c9%99n-yardimlar-satisa-cixarilir-foto","status":"publish","type":"post","link":"https:\/\/fedai.az\/?p=26442","title":{"rendered":"\u018fsg\u0259rl\u0259r\u0259 g\u00f6nd\u0259ril\u0259n yard\u0131mlar sat\u0131\u015fa \u00e7\u0131xar\u0131l\u0131r -FOTO"},"content":{"rendered":"\n<p><strong>Novxan\u0131 k\u0259ndind\u0259n 5-ci sinif \u015fagirdi \u0259sg\u0259r\u0259 m\u0259ktub g\u00f6nd\u0259rib. O, &#171;S\u0259ninl\u0259 f\u0259xr edir\u0259m, Az\u0259rbaycan \u0259sg\u0259ri&#187; s\u00f6zl\u0259ri il\u0259 ba\u015flayan m\u0259kubu isti corab\u0131n i\u00e7ind\u0259 yollay\u0131b \u0259sg\u0259r\u0259.<\/strong><\/p>\n\n\n\n<p><br>Amma Az\u0259rbaycan \u0259sg\u0259ri n\u0259 o m\u0259ktubdan x\u0259b\u0259r tutdu, n\u0259 d\u0259 o corab\u0131 geyin\u0259 bildi. Daha do\u011frusu, m\u0259ktub \u00fcnvana \u00e7atmad\u0131.<\/p>\n\n\n\n<p><br>A\u011fsuda marketd\u0259n al\u0131nan corab\u0131n i\u00e7ind\u0259n \u00e7\u0131xan m\u0259ktubu indi ham\u0131 g\u00f6rd\u00fc. F\u0259xrl\u0259 yox, utancla.<\/p>\n\n\n\n<p><br>Mediapress.az-a veril\u0259n m\u0259lumata g\u00f6r\u0259, \u0259sg\u0259rl\u0259r\u0259 g\u00f6nd\u0259ril\u0259n yard\u0131mlar t\u0259\u0259ss\u00fcf ki, hal-haz\u0131rda marketl\u0259rd\u0259 sat\u0131\u015fdad\u0131r&#8230;<\/p>\n\n\n\n<p><br>\u00dcmid edirik, laz\u0131mi orqanlar, x\u00fcsusil\u0259 d\u0259 Az\u0259rbaycan Respublikas\u0131 M\u00fcdafi\u0259 Nazirliyi m\u0259s\u0259l\u0259 il\u0259 ba\u011fl\u0131 ara\u015fd\u0131rmalara ba\u015flayacaq.<\/p>\n\n\n\n<p><br><strong>K\u00f6n\u00fcl Aypara<\/strong> (Dominant.az)<\/p>\n","protected":false},"excerpt":{"rendered":"<p>Novxan\u0131 k\u0259ndind\u0259n 5-ci sinif \u015fagirdi \u0259sg\u0259r\u0259 m\u0259ktub g\u00f6nd\u0259rib. O, &#171;S\u0259ninl\u0259 f\u0259xr edir\u0259m, Az\u0259rbaycan \u0259sg\u0259ri&#187; s\u00f6zl\u0259ri il\u0259 ba\u015flayan m\u0259kubu isti corab\u0131n i\u00e7ind\u0259 yollay\u0131b \u0259sg\u0259r\u0259. Amma<\/p>\n","protected":false},"author":2,"featured_media":26443,"comment_status":"closed","ping_status":"closed","sticky":false,"template":"","format":"standard","meta":{"footnotes":""},"categories":[15],"tags":[],"class_list":["post-26442","post","type-post","status-publish","format-standard","has-post-thumbnail","hentry","category-atmaca"],"aioseo_notices":[],"_links":{"self":[{"href":"https:\/\/fedai.az\/index.php?rest_route=\/wp\/v2\/posts\/26442","targetHints":{"allow":["GET"]}}],"collection":[{"href":"https:\/\/fedai.az\/index.php?rest_route=\/wp\/v2\/posts"}],"about":[{"href":"https:\/\/fedai.az\/index.php?rest_route=\/wp\/v2\/types\/post"}],"author":[{"embeddable":true,"href":"https:\/\/fedai.az\/index.php?rest_route=\/wp\/v2\/users\/2"}],"replies":[{"embeddable":true,"href":"https:\/\/fedai.az\/index.php?rest_route=%2Fwp%2Fv2%2Fcomments&post=26442"}],"version-history":[{"count":1,"href":"https:\/\/fedai.az\/index.php?rest_route=\/wp\/v2\/posts\/26442\/revisions"}],"predecessor-version":[{"id":26444,"href":"https:\/\/fedai.az\/index.php?rest_route=\/wp\/v2\/posts\/26442\/revisions\/26444"}],"wp:featuredmedia":[{"embeddable":true,"href":"https:\/\/fedai.az\/index.php?rest_route=\/wp\/v2\/media\/26443"}],"wp:attachment":[{"href":"https:\/\/fedai.az\/index.php?rest_route=%2Fwp%2Fv2%2Fmedia&parent=26442"}],"wp:term":[{"taxonomy":"category","embeddable":true,"href":"https:\/\/fedai.az\/index.php?rest_route=%2Fwp%2Fv2%2Fcategories&post=26442"},{"taxonomy":"post_tag","embeddable":true,"href":"https:\/\/fedai.az\/index.php?rest_route=%2Fwp%2Fv2%2Ftags&post=26442"}],"curies":[{"name":"wp","href":"https:\/\/api.w.org\/{rel}","templated":true}]}}