{"id":26445,"date":"2021-01-14T00:32:36","date_gmt":"2021-01-13T20:32:36","guid":{"rendered":"https:\/\/fedai.az\/?p=26445"},"modified":"2021-01-14T00:32:38","modified_gmt":"2021-01-13T20:32:38","slug":"hokum%c9%99td%c9%99n-v%c9%99t%c9%99n-muharib%c9%99sind%c9%99-x%c9%99sar%c9%99t-almis-h%c9%99rbcil%c9%99rin-tibbi-sosial-ekspertizasi-il%c9%99-bagli-q%c9%99rar","status":"publish","type":"post","link":"https:\/\/fedai.az\/?p=26445","title":{"rendered":"H\u00f6kum\u0259td\u0259n V\u0259t\u0259n m\u00fcharib\u0259sind\u0259 x\u0259sar\u0259t alm\u0131\u015f h\u0259rb\u00e7il\u0259rin tibbi-sosial ekspertizas\u0131 il\u0259 ba\u011fl\u0131 q\u0259rar"},"content":{"rendered":"\n<p><strong>Nazirl\u0259r Kabineti Az\u0259rbaycan Respublikas\u0131n\u0131n \u0259razi b\u00fct\u00f6vl\u00fcy\u00fc u\u011frunda apar\u0131lan h\u0259rbi \u0259m\u0259liyyatlar zaman\u0131 x\u0259sar\u0259t (yaralanma, travma, kontuziya) alm\u0131\u015f h\u0259rbi qulluq\u00e7ular\u0131n tibbi-sosial ekspertizas\u0131 il\u0259 ba\u011fl\u0131 b\u0259zi m\u0259s\u0259l\u0259l\u0259r bar\u0259d\u0259 q\u0259rar verib.<\/strong><\/p>\n\n\n\n<p><a href=\"https:\/\/report.az\/daxili-siyaset\/hokumetden-veten-muharibesinde-xesaret-almis-herbcilerin-tibbi-sosial-ekspertizasi-ile-bagli-qerar\/\" target=\"_blank\" rel=\"noreferrer noopener\">&#171;Report&#187;<\/a>&nbsp;x\u0259b\u0259r verir ki, bununla ba\u011fl\u0131 Ba\u015f nazir&nbsp;<strong>\u018fli \u018fs\u0259dov<\/strong>&nbsp;q\u0259rar imzalay\u0131b.<\/p>\n\n\n\n<p>Q\u0259rara \u0259sas\u0259n, Az\u0259rbaycan Respublikas\u0131n\u0131n \u0259razi b\u00fct\u00f6vl\u00fcy\u00fc u\u011frunda apar\u0131lan h\u0259rbi \u0259m\u0259liyyatlar (bundan sonra \u2013 h\u0259rbi \u0259m\u0259liyyatlar) zaman\u0131 x\u0259sar\u0259t (yaralanma, travma, kontuziya) alm\u0131\u015f h\u0259rbi qulluq\u00e7ular\u0131n tibbi-sosial ekspertizas\u0131 il\u0259 ba\u011fl\u0131 m\u0259s\u0259l\u0259l\u0259rin operativ, vaxt\u0131nda, keyfiyy\u0259tl\u0259 v\u0259 m\u0259rk\u0259zl\u0259\u015fmi\u015f \u015f\u0259kild\u0259 h\u0259llinin t\u0259min edilm\u0259si m\u0259qs\u0259dil\u0259 a\u015fa\u011f\u0131dak\u0131 t\u0259rkibd\u0259 komissiya yarad\u0131l\u0131b:<\/p>\n\n\n\n<p><strong>Komissiyan\u0131n s\u0259dri:<\/strong><\/p>\n\n\n\n<p>Az\u0259rbaycan Respublikas\u0131n\u0131n \u0259m\u0259k v\u0259 \u0259halinin sosial m\u00fcdafi\u0259si naziri<\/p>\n\n\n\n<p><strong>Komissiyan\u0131n \u00fczvl\u0259ri:<\/strong><\/p>\n\n\n\n<p>Az\u0259rbaycan Respublikas\u0131 m\u00fcdafi\u0259 nazirinin m\u00fcavini<\/p>\n\n\n\n<p>Az\u0259rbaycan Respublikas\u0131 s\u0259hiyy\u0259 nazirinin m\u00fcavini<\/p>\n\n\n\n<p>Az\u0259rbaycan Respublikas\u0131 M\u00fcdafi\u0259 Nazirliyinin Tibb Ba\u015f \u0130dar\u0259sinin r\u0259isi<\/p>\n\n\n\n<p>\u0130cbari Tibbi S\u0131\u011forta \u00fczr\u0259 D\u00f6vl\u0259t Agentliyinin \u0130dar\u0259 Hey\u0259ti s\u0259drinin m\u00fcavini<\/p>\n\n\n\n<p>Tibbi \u018frazi B\u00f6lm\u0259l\u0259rini \u0130dar\u0259etm\u0259 Birliyinin (T\u018fB\u0130B) \u0130dar\u0259 Hey\u0259tinin s\u0259dri<\/p>\n\n\n\n<p>Az\u0259rbaycan Respublikas\u0131 \u018fm\u0259k v\u0259 \u018fhalinin Sosial M\u00fcdafi\u0259si<\/p>\n\n\n\n<p>Nazirliyinin tabeliyind\u0259 D\u00f6vl\u0259t Tibbi-Sosial Ekspertiza v\u0259 Reabilitasiya Agentliyinin \u0130dar\u0259 Hey\u0259tinin s\u0259dri<\/p>\n\n\n\n<p>Tabeliyind\u0259 h\u0259rbi-h\u0259kim komissiyalar\u0131 v\u0259 h\u0259kim-u\u00e7u\u015f komissiyalar\u0131 olan d\u00f6vl\u0259t orqanlar\u0131n\u0131n s\u0259lahiyy\u0259tli \u015f\u0259xsl\u0259ri.<\/p>\n\n\n\n<p>Komissiyaya tap\u015f\u0131r\u0131l\u0131b ki, 2020-ci il 27 sentyabr tarixind\u0259n ba\u015flayan h\u0259rbi \u0259m\u0259liyyatlar zaman\u0131 x\u0259sar\u0259t (yaralanma, travma, kontuziya) alm\u0131\u015f h\u0259rbi qulluq\u00e7ular\u0131 birg\u0259 \u0259yani m\u00fcayin\u0259d\u0259n ke\u00e7irm\u0259kl\u0259 m\u0259rk\u0259zl\u0259\u015fdirilmi\u015f qaydada a\u015fa\u011f\u0131dak\u0131lar\u0131 t\u0259min etsin:<\/p>\n\n\n\n<p>&#8212; x\u0259sar\u0259tin (yaralanman\u0131n, travman\u0131n, kontuziyan\u0131n), x\u0259st\u0259likl\u0259rin h\u0259rbi xidm\u0259tl\u0259 \u0259laq\u0259sinin m\u00fc\u0259yy\u0259nl\u0259\u015fdirilm\u0259si il\u0259 ba\u011fl\u0131 s\u0259n\u0259dl\u0259rin s\u00fcr\u0259tl\u0259 r\u0259smil\u0259\u015fdirilm\u0259sini;<\/p>\n\n\n\n<p>&#8212; \u0259lilliyin qiym\u0259tl\u0259ndirilm\u0259si m\u0259qs\u0259dil\u0259 tibbi-sosial ekspertiza m\u00fcayin\u0259sin\u0259 g\u00f6nd\u0259ri\u015fl\u0259rin \u201cTibbi-sosial ekspertiza m\u00fcayin\u0259sin\u0259 g\u00f6nd\u0259ri\u015fl\u0259rin reyestri\u201dn\u0259 daxil edilm\u0259sini;<\/p>\n\n\n\n<p>&#8212; \u0259yani m\u00fcayin\u0259 ke\u00e7irm\u0259kl\u0259 \u0259lilliyin qiym\u0259tl\u0259ndirilm\u0259sini;<\/p>\n\n\n\n<p>&#8212; \u0259lilliyi m\u00fc\u0259yy\u0259n olunmu\u015f h\u0259rbi qulluq\u00e7ular\u0131n reabilitasiya vasit\u0259l\u0259ri il\u0259 n\u00f6vb\u0259d\u0259nk\u0259nar t\u0259min edilm\u0259sini;<\/p>\n\n\n\n<p>&#8212; \u0259lilliyi m\u00fc\u0259yy\u0259n edilmi\u015f h\u0259rbi qulluq\u00e7ular\u0131n reabilitasiyas\u0131 il\u0259 \u0259laq\u0259dar z\u0259ruri t\u0259dbirl\u0259rin g\u00f6r\u00fclm\u0259sini;<\/p>\n\n\n\n<p>&#8212; bu Q\u0259rar\u0131n 2.1-ci b\u0259ndind\u0259n ir\u0259li g\u0259l\u0259n t\u0259dbirl\u0259rin birg\u0259 h\u0259yata ke\u00e7irilm\u0259si \u00fc\u00e7\u00fcn bu Q\u0259rar\u0131n 1-ci hiss\u0259sind\u0259 n\u0259z\u0259rd\u0259 tutulan d\u00f6vl\u0259t orqanlar\u0131n\u0131n n\u00fcmay\u0259nd\u0259l\u0259rind\u0259n, m\u00fct\u0259x\u0259ssisl\u0259rd\u0259n, o c\u00fcml\u0259d\u0259n ekspertl\u0259rd\u0259n ibar\u0259t i\u015f\u00e7i qruplar\u0131n yarad\u0131lmas\u0131n\u0131 t\u0259min etsin.<\/p>\n\n\n\n<p>\u018fm\u0259k v\u0259 \u018fhalinin Sosial M\u00fcdafi\u0259si Nazirliyi, M\u00fcdafi\u0259 Nazirliyi, S\u0259hiyy\u0259 Nazirliyi v\u0259 \u0130cbari Tibbi S\u0131\u011forta \u00fczr\u0259 D\u00f6vl\u0259t Agentliyi bu Q\u0259rardan ir\u0259li g\u0259l\u0259n m\u0259s\u0259l\u0259l\u0259ri h\u0259ll etm\u0259lidirl\u0259r.<\/p>\n","protected":false},"excerpt":{"rendered":"<p>Nazirl\u0259r Kabineti Az\u0259rbaycan Respublikas\u0131n\u0131n \u0259razi b\u00fct\u00f6vl\u00fcy\u00fc u\u011frunda apar\u0131lan h\u0259rbi \u0259m\u0259liyyatlar zaman\u0131 x\u0259sar\u0259t (yaralanma, travma, kontuziya) alm\u0131\u015f h\u0259rbi qulluq\u00e7ular\u0131n tibbi-sosial ekspertizas\u0131 il\u0259 ba\u011fl\u0131 b\u0259zi m\u0259s\u0259l\u0259l\u0259r<\/p>\n","protected":false},"author":2,"featured_media":26446,"comment_status":"closed","ping_status":"closed","sticky":false,"template":"","format":"standard","meta":{"footnotes":""},"categories":[12],"tags":[],"class_list":["post-26445","post","type-post","status-publish","format-standard","has-post-thumbnail","hentry","category-sosial"],"aioseo_notices":[],"_links":{"self":[{"href":"https:\/\/fedai.az\/index.php?rest_route=\/wp\/v2\/posts\/26445","targetHints":{"allow":["GET"]}}],"collection":[{"href":"https:\/\/fedai.az\/index.php?rest_route=\/wp\/v2\/posts"}],"about":[{"href":"https:\/\/fedai.az\/index.php?rest_route=\/wp\/v2\/types\/post"}],"author":[{"embeddable":true,"href":"https:\/\/fedai.az\/index.php?rest_route=\/wp\/v2\/users\/2"}],"replies":[{"embeddable":true,"href":"https:\/\/fedai.az\/index.php?rest_route=%2Fwp%2Fv2%2Fcomments&post=26445"}],"version-history":[{"count":1,"href":"https:\/\/fedai.az\/index.php?rest_route=\/wp\/v2\/posts\/26445\/revisions"}],"predecessor-version":[{"id":26447,"href":"https:\/\/fedai.az\/index.php?rest_route=\/wp\/v2\/posts\/26445\/revisions\/26447"}],"wp:featuredmedia":[{"embeddable":true,"href":"https:\/\/fedai.az\/index.php?rest_route=\/wp\/v2\/media\/26446"}],"wp:attachment":[{"href":"https:\/\/fedai.az\/index.php?rest_route=%2Fwp%2Fv2%2Fmedia&parent=26445"}],"wp:term":[{"taxonomy":"category","embeddable":true,"href":"https:\/\/fedai.az\/index.php?rest_route=%2Fwp%2Fv2%2Fcategories&post=26445"},{"taxonomy":"post_tag","embeddable":true,"href":"https:\/\/fedai.az\/index.php?rest_route=%2Fwp%2Fv2%2Ftags&post=26445"}],"curies":[{"name":"wp","href":"https:\/\/api.w.org\/{rel}","templated":true}]}}