{"id":26468,"date":"2021-01-14T02:04:14","date_gmt":"2021-01-13T22:04:14","guid":{"rendered":"https:\/\/fedai.az\/?p=26468"},"modified":"2021-01-14T02:05:59","modified_gmt":"2021-01-13T22:05:59","slug":"q%c9%99hr%c9%99manlar-can-verir-yurdu-yasatmaq-ucun-h%c9%99md%c9%99m-agayev","status":"publish","type":"post","link":"https:\/\/fedai.az\/?p=26468","title":{"rendered":"&#171;Q\u0259hr\u0259manlar can verir yurdu ya\u015fatmaq \u00fc\u00e7\u00fcn&#187;: H\u018fMD\u018fM A\u011fayev"},"content":{"rendered":"\n<p><strong>V\u0259t\u0259n m\u00fcharib\u0259sinin \u015e\u0259hidi, polkovnik-leytenant A\u011fayev H\u0259md\u0259m May\u0131l o\u011flu 1975-ci il sentyabr\u0131n 9-da A\u011fd\u0259r\u0259 (A\u011fdam) rayonunun S\u0131rxav\u0259nd k\u0259ndind\u0259 anadan olub.<\/strong><\/p>\n\n\n\n<p>1993-1994-c\u00fc ill\u0259rd\u0259 Birinci Qaraba\u011f m\u00fcharib\u0259sind\u0259 A\u011fd\u0259r\u0259 rayonunun m\u00fcdafi\u0259si u\u011frunda d\u00f6y\u00fc\u015fl\u0259rd\u0259 sava\u015f\u0131b. 1994-c\u00fc ilin may\u0131 ay\u0131nda At\u0259\u015fk\u0259s elan olunduqdan sonra daha bir il xidm\u0259t ed\u0259n H\u0259md\u0259m A\u011fayev 1995 &#8212; ci ild\u0259 d\u00f6y\u00fc\u015fd\u0259 v\u0259 xidm\u0259td\u0259 f\u0259rql\u0259ndiyin\u0259 g\u00f6r\u0259 Bak\u0131 Ali Birl\u0259\u015fmi\u015f Komandanl\u0131q M\u0259kt\u0259bin\u0259 h\u0259rbi t\u0259hsil almaq \u00fc\u00e7\u00fcn g\u00f6nd\u0259rilir. H\u0259min il m\u0259kt\u0259b\u0259 daxil olur v\u0259 1999-cu ild\u0259 t\u0259hsilini m\u00fcv\u0259ff\u0259qiyy\u0259tl\u0259 ba\u015fa vuraraq Az\u0259rbaycan Silahl\u0131 Q\u00fcvv\u0259l\u0259rinin s\u0131ralar\u0131nda zabit kimi xidm\u0259tin\u0259 davam etm\u0259y\u0259 ba\u015flay\u0131r. <\/p>\n\n\n\n<p>H\u0259md\u0259m A\u011fayev Az\u0259rbaycan Prezidenti \u0130lham \u018fliyevin 24 iyun 2010-cu il tarixli S\u0259r\u0259ncam\u0131na \u0259sas\u0259n &#171;H\u0259rbi xidm\u0259tl\u0259r\u0259 g\u00f6r\u0259&#187; medal\u0131 il\u0259 t\u0259ltif edilib. Az\u0259rbaycan Ordusunun polkovnik-leytenant\u0131 olan H\u0259md\u0259m A\u011fayev 2020-ci il sentyabr\u0131n 27-d\u0259 Az\u0259rbaycan Silahl\u0131 Q\u00fcvv\u0259l\u0259ri t\u0259r\u0259find\u0259n Erm\u0259nistan i\u015f\u011fal\u0131 alt\u0131nda olan \u0259razil\u0259rin azad edilm\u0259si \u00fc\u00e7\u00fcn ba\u015flanan V\u0259t\u0259n m\u00fcharib\u0259si zaman\u0131 F\u00fczulinin azadl\u0131\u011f\u0131 u\u011frunda ged\u0259n d\u00f6y\u00fc\u015fl\u0259rd\u0259 sava\u015f\u0131b. <\/p>\n\n\n\n<p>H\u0259md\u0259m A\u011fayev oktyabr\u0131n 9-da F\u00fczuli d\u00f6y\u00fc\u015fl\u0259ri zaman\u0131 \u015f\u0259hid olub. III F\u0259xri Xiyabanda d\u0259fn olunub.<\/p>\n\n\n\n<p>Az\u0259rbaycan\u0131n \u0259razi b\u00fct\u00f6vl\u00fcy\u00fcn\u00fcn t\u0259min edilm\u0259si u\u011frunda d\u00f6y\u00fc\u015f \u0259m\u0259liyyatlar\u0131na qat\u0131lan v\u0259 h\u0259rbi hiss\u0259 qar\u015f\u0131s\u0131nda qoyulmu\u015f qap\u015f\u0131r\u0131qlar\u0131n icras\u0131 zaman\u0131 v\u0259zif\u0259 borcunu \u015f\u0259r\u0259fl\u0259 yerin\u0259 yetirdiyi \u00fc\u00e7\u00fcn Az\u0259rbaycan Prezidenti \u0130lham \u018fliyevin 15.12.2020-ci il tarixli S\u0259r\u0259ncam\u0131na \u0259sas\u0259n H\u0259md\u0259m A\u011fayev \u00f6l\u00fcm\u00fcnd\u0259n sonra &#171;V\u0259t\u0259n u\u011frunda&#187; medal\u0131 il\u0259 t\u0259ltif edildi. <\/p>\n\n\n\n<figure class=\"wp-block-image size-large is-resized\"><img loading=\"lazy\" decoding=\"async\" src=\"https:\/\/fedai.az\/wp-content\/uploads\/2021\/01\/138768897_4971969359541183_7705091265569287564_n.jpg\" alt=\"\" class=\"wp-image-26469\" width=\"866\" height=\"1540\" srcset=\"https:\/\/fedai.az\/wp-content\/uploads\/2021\/01\/138768897_4971969359541183_7705091265569287564_n.jpg 540w, https:\/\/fedai.az\/wp-content\/uploads\/2021\/01\/138768897_4971969359541183_7705091265569287564_n-169x300.jpg 169w, https:\/\/fedai.az\/wp-content\/uploads\/2021\/01\/138768897_4971969359541183_7705091265569287564_n-84x150.jpg 84w\" sizes=\"auto, (max-width: 866px) 100vw, 866px\" \/><\/figure>\n\n\n\n<p>Az\u0259rbaycan\u0131n \u0259razi b\u00fct\u00f6vl\u00fcy\u00fcn\u00fcn b\u0259rpa edilm\u0259si zaman\u0131 d\u00f6y\u00fc\u015f \u0259m\u0259liyyatlar\u0131n\u0131n r\u0259hb\u0259ri olan, d\u00fc\u015fm\u0259nin canl\u0131 q\u00fcvv\u0259sinin v\u0259 d\u00f6y\u00fc\u015f texni\u043aas\u0131n\u0131n m\u0259hv edilm\u0259sind\u0259 r\u0259\u015fad\u0259t g\u00f6st\u0259r\u0259n, v\u0259zif\u0259 borcunu l\u0259qay\u0259tl\u0259 v\u0259 vicdanla yerin\u0259 yetirdiyin\u0259 g\u00f6r\u0259 Az\u0259rbaycan Prezidenti \u0130lham \u018fliyevin 15.12.2020-ci il tarixli S\u0259r\u0259ncam\u0131na \u0259sas\u0259n H\u0259md\u0259m A\u011fayev \u00f6l\u00fcm\u00fcnd\u0259n sonra &#171;Az\u0259rbaycan Bayra\u011f\u0131&#187; ordeni il\u0259 t\u0259ltif edildi. <\/p>\n\n\n\n<p>Az\u0259rbaycan\u0131n F\u00fczuli rayonunun i\u015f\u011faldan azad edilm\u0259si u\u011frunda apar\u0131lan d\u00f6y\u00fc\u015f \u0259m\u0259liyyatlar\u0131na qat\u0131laraq \u015f\u0259xsi igidliyi v\u0259 \u015f\u00fcca\u0259ti n\u00fcmayi\u015f etdirdiyin\u0259 g\u00f6r\u0259 Az\u0259rbaycan Prezidenti \u0130lham \u018fliyevin 25.12.2020-ci il tarixli S\u0259r\u0259ncam\u0131na \u0259sas\u0259n, H\u0259md\u0259m A\u011fayev \u00f6l\u00fcm\u00fcnd\u0259n sonra &#171;F\u00fczulinin azad olunmas\u0131na g\u00f6r\u0259&#187; medal\u0131 il\u0259 t\u0259ltif edildi. <\/p>\n\n\n\n<p>Ail\u0259li idi. Ziya ad\u0131nda o\u011flu, Aysu v\u0259 Aysun ad\u0131ndan is\u0259 q\u0131zlar\u0131 var idi. <\/p>\n\n\n\n<p><strong>ALLAH R\u018fHM\u018fT EL\u018fS\u0130N!<\/strong><\/p>\n\n\n\n<p><strong>RUHU \u015eAD, M\u018fKANI C\u018fNN\u018fT OLSUN!<\/strong><\/p>\n\n\n\n<p><strong>Leyla H\u0259s\u0259nova<\/strong><\/p>\n","protected":false},"excerpt":{"rendered":"<p>V\u0259t\u0259n m\u00fcharib\u0259sinin \u015e\u0259hidi, polkovnik-leytenant A\u011fayev H\u0259md\u0259m May\u0131l o\u011flu 1975-ci il sentyabr\u0131n 9-da A\u011fd\u0259r\u0259 (A\u011fdam) rayonunun S\u0131rxav\u0259nd k\u0259ndind\u0259 anadan olub. 1993-1994-c\u00fc ill\u0259rd\u0259 Birinci Qaraba\u011f m\u00fcharib\u0259sind\u0259<\/p>\n","protected":false},"author":2,"featured_media":26473,"comment_status":"closed","ping_status":"closed","sticky":false,"template":"","format":"standard","meta":{"footnotes":""},"categories":[4],"tags":[],"class_list":["post-26468","post","type-post","status-publish","format-standard","has-post-thumbnail","hentry","category-qarabag"],"aioseo_notices":[],"_links":{"self":[{"href":"https:\/\/fedai.az\/index.php?rest_route=\/wp\/v2\/posts\/26468","targetHints":{"allow":["GET"]}}],"collection":[{"href":"https:\/\/fedai.az\/index.php?rest_route=\/wp\/v2\/posts"}],"about":[{"href":"https:\/\/fedai.az\/index.php?rest_route=\/wp\/v2\/types\/post"}],"author":[{"embeddable":true,"href":"https:\/\/fedai.az\/index.php?rest_route=\/wp\/v2\/users\/2"}],"replies":[{"embeddable":true,"href":"https:\/\/fedai.az\/index.php?rest_route=%2Fwp%2Fv2%2Fcomments&post=26468"}],"version-history":[{"count":1,"href":"https:\/\/fedai.az\/index.php?rest_route=\/wp\/v2\/posts\/26468\/revisions"}],"predecessor-version":[{"id":26471,"href":"https:\/\/fedai.az\/index.php?rest_route=\/wp\/v2\/posts\/26468\/revisions\/26471"}],"wp:featuredmedia":[{"embeddable":true,"href":"https:\/\/fedai.az\/index.php?rest_route=\/wp\/v2\/media\/26473"}],"wp:attachment":[{"href":"https:\/\/fedai.az\/index.php?rest_route=%2Fwp%2Fv2%2Fmedia&parent=26468"}],"wp:term":[{"taxonomy":"category","embeddable":true,"href":"https:\/\/fedai.az\/index.php?rest_route=%2Fwp%2Fv2%2Fcategories&post=26468"},{"taxonomy":"post_tag","embeddable":true,"href":"https:\/\/fedai.az\/index.php?rest_route=%2Fwp%2Fv2%2Ftags&post=26468"}],"curies":[{"name":"wp","href":"https:\/\/api.w.org\/{rel}","templated":true}]}}