{"id":26717,"date":"2021-01-16T06:08:27","date_gmt":"2021-01-16T02:08:27","guid":{"rendered":"https:\/\/fedai.az\/?p=26717"},"modified":"2021-01-16T06:08:28","modified_gmt":"2021-01-16T02:08:28","slug":"prokurorlar-kapitoliy%c9%99-basqin-ed%c9%99nl%c9%99rin-konqresmenl%c9%99r%c9%99-sui-q%c9%99sd-planlarini-aciqlayib","status":"publish","type":"post","link":"https:\/\/fedai.az\/?p=26717","title":{"rendered":"Prokurorlar, Kapitoliy\u0259 basq\u0131n ed\u0259nl\u0259rin konqresmenl\u0259r\u0259 sui-q\u0259sd planlar\u0131n\u0131 a\u00e7\u0131qlay\u0131b"},"content":{"rendered":"\n<p><strong>The New York Times yaz\u0131r ki, 6 yanvarda Va\u015finqtonda ba\u015f ver\u0259n qiyam\u0131n i\u015ftirak\u00e7\u0131lar\u0131, federal prokurorlar\u0131n v\u0259sat\u0259tin\u0259 \u0259sas\u0259n &#171;se\u00e7ilmi\u015f \u015f\u0259xsl\u0259ri \u0259l\u0259 ke\u00e7irib \u00f6ld\u00fcrm\u0259k&#187; niyy\u0259tind\u0259 olublar.<\/strong><\/p>\n\n\n\n<p>S\u0259n\u0259dd\u0259 deyilir: &#171;\u00c7anslinin \u00f6z\u00fcn\u00fcn Kapitoliyd\u0259ki s\u00f6zl\u0259ri v\u0259 h\u0259r\u0259k\u0259tl\u0259ri daxil olmaqla g\u00fccl\u00fc d\u0259lill\u0259r, qiyam\u00e7\u0131lar\u0131n m\u0259qs\u0259dinin b\u0259zi m\u0259murlar\u0131 \u0259l\u0259 ke\u00e7irm\u0259k v\u0259 \u00f6ld\u00fcrm\u0259k oldu\u011funu g\u00f6st\u0259rir&#187;.<\/p>\n\n\n\n<p>Prokurorlar qeyd etdil\u0259r ki, konqres salonunda \u00c7ansli k\u00fcrs\u00fcy\u0259 \u00e7\u0131xd\u0131 v\u0259 \u00f6lk\u0259nin vitse-prezidenti Mi\u00e7el Pencey\u0259 t\u0259hdid dolu bir qeyd buraxd\u0131.<br>Mesajda: &#171;Bu zaman m\u0259s\u0259l\u0259sidir, \u0259dal\u0259t g\u0259lir&#187; &#8212; deyilirdi.<\/p>\n\n\n\n<p>Eyni zamanda Federal V\u0259kil v\u0259zif\u0259sini icra ed\u0259n Mi\u00e7el \u015eerwin, Kapitoliy\u0259 basq\u0131n ed\u0259nl\u0259rin Konqres \u00fczvl\u0259rini \u0259l\u0259 ke\u00e7irm\u0259yi v\u0259 ya \u00f6ld\u00fcrm\u0259yi planla\u015fd\u0131rd\u0131qlar\u0131na dair birba\u015fa s\u00fcbut olmad\u0131\u011f\u0131n\u0131 da s\u00f6yl\u0259yib. O, hadis\u0259nin istintaq\u0131n\u0131n paytaxt b\u00f6lg\u0259sind\u0259n k\u0259nara \u00e7\u0131xd\u0131\u011f\u0131n\u0131 v\u0259 h\u00fccum i\u015ftirak\u00e7\u0131lar\u0131n\u0131n \u00f6lk\u0259nin h\u0259r yerind\u0259 tutularaq dindirildiyini qeyd etdi. Bu s\u0259b\u0259bl\u0259 d\u0259 ziddiyy\u0259tli m\u0259lumatlar da daxil ola bil\u0259r, dey\u0259 \u015eerwin i\u015far\u0259 edib.<\/p>\n\n\n\n<p>Prokuror, Kapitolinin tutulmas\u0131ndan sonra 100-\u0259 yax\u0131n cinay\u0259t i\u015fi a\u00e7\u0131ld\u0131\u011f\u0131n\u0131 v\u0259 300-\u0259 yax\u0131n \u015f\u00fcbh\u0259li haqq\u0131nda s\u0259n\u0259dl\u0259rin d\u0259 y\u0131\u011f\u0131ld\u0131\u011f\u0131n\u0131 s\u00f6yl\u0259di.<\/p>\n\n\n\n<p>Xat\u0131rladaq ki, Tramp t\u0259r\u0259fdarlar\u0131 6 yanvarda Kapitoliy\u0259 basq\u0131n etmi\u015fdi. Demokrat Cozef Baydenin qazand\u0131\u011f\u0131 prezident se\u00e7kil\u0259rinin t\u0259sdiql\u0259nm\u0259sin\u0259 mane olmaq \u00fc\u00e7\u00fcn Konqres binas\u0131na girdil\u0259r. Daha sonra s\u0259lahiyy\u0259tlil\u0259in verdiyi m\u0259lumata g\u00f6r\u0259, r etiraz aksiyas\u0131 zaman\u0131 bir polis m\u0259muru da daxil olmaqla be\u015f n\u0259f\u0259rin \u00f6ld\u00fcy\u00fc s\u00f6yl\u0259nildi.<\/p>\n\n\n\n<p>Konqresd\u0259ki Demokratlar Tramp\u0131 qiyam qald\u0131rmaqda g\u00fcnahland\u0131rd\u0131 v\u0259 onun hakimiyy\u0259td\u0259n uzaqla\u015fd\u0131r\u0131lmas\u0131n\u0131 ist\u0259dil\u0259r. 13 yanvarda N\u00fcmay\u0259nd\u0259l\u0259r Palatas\u0131n\u0131n on respublika\u00e7\u0131 da daxil olmaqla 232 \u00fczv\u00fc Tramp\u0131n impi\u00e7mentin\u0259 s\u0259s verdi. 197 konqresmen qar\u015f\u0131 \u00e7\u0131xd\u0131. M\u0259s\u0259l\u0259y\u0259 bax\u0131lmas\u0131 v\u0259 prezidentin m\u0259hk\u0259m\u0259si r\u0259smi olaraq d\u00f6vl\u0259t ba\u015f\u00e7\u0131s\u0131 v\u0259zif\u0259sind\u0259n istefa etdikd\u0259n sonra davam ed\u0259 bil\u0259r. Bu v\u0259ziyy\u0259td\u0259 senatorlar onun g\u0259l\u0259c\u0259kd\u0259 d\u00f6vl\u0259t v\u0259zif\u0259sind\u0259 \u00e7al\u0131\u015fmas\u0131n\u0131 qada\u011fan ed\u0259 bil\u0259rl\u0259r.<\/p>\n","protected":false},"excerpt":{"rendered":"<p>The New York Times yaz\u0131r ki, 6 yanvarda Va\u015finqtonda ba\u015f ver\u0259n qiyam\u0131n i\u015ftirak\u00e7\u0131lar\u0131, federal prokurorlar\u0131n v\u0259sat\u0259tin\u0259 \u0259sas\u0259n &#171;se\u00e7ilmi\u015f \u015f\u0259xsl\u0259ri \u0259l\u0259 ke\u00e7irib \u00f6ld\u00fcrm\u0259k&#187; niyy\u0259tind\u0259 olublar.<\/p>\n","protected":false},"author":2,"featured_media":26718,"comment_status":"closed","ping_status":"closed","sticky":false,"template":"","format":"standard","meta":{"footnotes":""},"categories":[13],"tags":[],"class_list":["post-26717","post","type-post","status-publish","format-standard","has-post-thumbnail","hentry","category-xarici"],"aioseo_notices":[],"_links":{"self":[{"href":"https:\/\/fedai.az\/index.php?rest_route=\/wp\/v2\/posts\/26717","targetHints":{"allow":["GET"]}}],"collection":[{"href":"https:\/\/fedai.az\/index.php?rest_route=\/wp\/v2\/posts"}],"about":[{"href":"https:\/\/fedai.az\/index.php?rest_route=\/wp\/v2\/types\/post"}],"author":[{"embeddable":true,"href":"https:\/\/fedai.az\/index.php?rest_route=\/wp\/v2\/users\/2"}],"replies":[{"embeddable":true,"href":"https:\/\/fedai.az\/index.php?rest_route=%2Fwp%2Fv2%2Fcomments&post=26717"}],"version-history":[{"count":1,"href":"https:\/\/fedai.az\/index.php?rest_route=\/wp\/v2\/posts\/26717\/revisions"}],"predecessor-version":[{"id":26719,"href":"https:\/\/fedai.az\/index.php?rest_route=\/wp\/v2\/posts\/26717\/revisions\/26719"}],"wp:featuredmedia":[{"embeddable":true,"href":"https:\/\/fedai.az\/index.php?rest_route=\/wp\/v2\/media\/26718"}],"wp:attachment":[{"href":"https:\/\/fedai.az\/index.php?rest_route=%2Fwp%2Fv2%2Fmedia&parent=26717"}],"wp:term":[{"taxonomy":"category","embeddable":true,"href":"https:\/\/fedai.az\/index.php?rest_route=%2Fwp%2Fv2%2Fcategories&post=26717"},{"taxonomy":"post_tag","embeddable":true,"href":"https:\/\/fedai.az\/index.php?rest_route=%2Fwp%2Fv2%2Ftags&post=26717"}],"curies":[{"name":"wp","href":"https:\/\/api.w.org\/{rel}","templated":true}]}}