{"id":26724,"date":"2021-01-16T06:51:23","date_gmt":"2021-01-16T02:51:23","guid":{"rendered":"https:\/\/fedai.az\/?p=26724"},"modified":"2021-01-16T09:53:36","modified_gmt":"2021-01-16T05:53:36","slug":"onlar-unudulmurlar-onlar-%c9%99b%c9%99didirl%c9%99r","status":"publish","type":"post","link":"https:\/\/fedai.az\/?p=26724","title":{"rendered":"Onlar unudulmurlar, onlar \u0259b\u0259didirl\u0259r&#8230;"},"content":{"rendered":"\n<p><strong>21 sentyabr 2020-ci ild\u0259 18 zabit yenid\u0259n ordu s\u0131ralar\u0131na Ana V\u0259t\u0259n Az\u0259rbaycan\u0131m\u0131z\u0131n i\u015f\u011fal alt\u0131nda olan torpaqlar\u0131n\u0131 Azad olunmas\u0131na \u00e7a\u011fr\u0131ld\u0131q.<\/strong><\/p>\n\n\n\n<p>Bir h\u0259ft\u0259 \u0259rzind\u0259 h\u0259min 18 zabit (18 yad bir insan) bu q\u0131sa m\u00fcdd\u0259td\u0259 bir birimiz\u0259 dayaq, d\u0259st\u0259k yax\u0131n dost olduq.<\/p>\n\n\n\n<p>Lakin a\u011f\u0131r d\u00f6y\u00fc\u015fl\u0259r ged\u0259rk\u0259n torpaqlar\u0131m\u0131z i\u015f\u011faldan azad olunan zaman <strong>B\u0130R DOSTUMUZ, ZAB\u0130T YOLDA\u015eIMIZ D\u00dc\u015eM\u018fN\u0130N Z\u0130REHL\u0130 TEXN\u0130KASINI v\u0259 B\u0130R NE\u00c7\u018f CANLI Q\u00dcVV\u018fS\u0130N\u0130 M\u018fHV ED\u018fN MAYOR NAZ\u0130M H\u00dcSEYNOV Q\u018fHR\u018fMANCASINA D\u00d6Y\u00dc\u015e\u018fR\u018fK \u015e\u018fH\u0130D OLDU.<\/strong><\/p>\n\n\n\n<p><strong>ALLAH R\u018fHM\u018fT EL\u018fS\u0130N!<\/strong><\/p>\n\n\n\n<p>\u00d6z\u00fcm\u00fcz\u0259 borc bil\u0130b, d\u00f6y\u00fc\u015f\u00e7\u00fc yolda\u015flar\u0131m\u0131zla DOSTUMUZ \u015e\u018fH\u0130D MAYOR NAZ\u0130M H\u00dcSEYNOVUN O\u011eLU H\u00dcSEYN BALAMIZA BA\u015e \u00c7\u018fKD\u0130K!<\/p>\n\n\n\n<figure class=\"wp-block-image size-large is-resized\"><img loading=\"lazy\" decoding=\"async\" src=\"https:\/\/fedai.az\/wp-content\/uploads\/2021\/01\/vbv.jpg\" alt=\"\" class=\"wp-image-26730\" width=\"265\" height=\"300\" srcset=\"https:\/\/fedai.az\/wp-content\/uploads\/2021\/01\/vbv.jpg 741w, https:\/\/fedai.az\/wp-content\/uploads\/2021\/01\/vbv-265x300.jpg 265w, https:\/\/fedai.az\/wp-content\/uploads\/2021\/01\/vbv-132x150.jpg 132w\" sizes=\"auto, (max-width: 265px) 100vw, 265px\" \/><\/figure>\n\n\n\n<p><strong>\u0130lkin Rzaquliyev<\/strong><\/p>\n\n\n\n<p><strong><em>V\u0259t\u0259n M\u00fcharb\u0259si d\u00f6y\u00fc\u015f\u00e7\u00fcs\u00fc<\/em><\/strong><\/p>\n","protected":false},"excerpt":{"rendered":"<p>21 sentyabr 2020-ci ild\u0259 18 zabit yenid\u0259n ordu s\u0131ralar\u0131na Ana V\u0259t\u0259n Az\u0259rbaycan\u0131m\u0131z\u0131n i\u015f\u011fal alt\u0131nda olan torpaqlar\u0131n\u0131 Azad olunmas\u0131na \u00e7a\u011fr\u0131ld\u0131q. Bir h\u0259ft\u0259 \u0259rzind\u0259 h\u0259min 18<\/p>\n","protected":false},"author":2,"featured_media":26726,"comment_status":"closed","ping_status":"closed","sticky":false,"template":"","format":"standard","meta":{"footnotes":""},"categories":[5],"tags":[],"class_list":["post-26724","post","type-post","status-publish","format-standard","has-post-thumbnail","hentry","category-veteran"],"aioseo_notices":[],"_links":{"self":[{"href":"https:\/\/fedai.az\/index.php?rest_route=\/wp\/v2\/posts\/26724","targetHints":{"allow":["GET"]}}],"collection":[{"href":"https:\/\/fedai.az\/index.php?rest_route=\/wp\/v2\/posts"}],"about":[{"href":"https:\/\/fedai.az\/index.php?rest_route=\/wp\/v2\/types\/post"}],"author":[{"embeddable":true,"href":"https:\/\/fedai.az\/index.php?rest_route=\/wp\/v2\/users\/2"}],"replies":[{"embeddable":true,"href":"https:\/\/fedai.az\/index.php?rest_route=%2Fwp%2Fv2%2Fcomments&post=26724"}],"version-history":[{"count":2,"href":"https:\/\/fedai.az\/index.php?rest_route=\/wp\/v2\/posts\/26724\/revisions"}],"predecessor-version":[{"id":26731,"href":"https:\/\/fedai.az\/index.php?rest_route=\/wp\/v2\/posts\/26724\/revisions\/26731"}],"wp:featuredmedia":[{"embeddable":true,"href":"https:\/\/fedai.az\/index.php?rest_route=\/wp\/v2\/media\/26726"}],"wp:attachment":[{"href":"https:\/\/fedai.az\/index.php?rest_route=%2Fwp%2Fv2%2Fmedia&parent=26724"}],"wp:term":[{"taxonomy":"category","embeddable":true,"href":"https:\/\/fedai.az\/index.php?rest_route=%2Fwp%2Fv2%2Fcategories&post=26724"},{"taxonomy":"post_tag","embeddable":true,"href":"https:\/\/fedai.az\/index.php?rest_route=%2Fwp%2Fv2%2Ftags&post=26724"}],"curies":[{"name":"wp","href":"https:\/\/api.w.org\/{rel}","templated":true}]}}