{"id":26732,"date":"2021-01-16T10:48:50","date_gmt":"2021-01-16T06:48:50","guid":{"rendered":"https:\/\/fedai.az\/?p=26732"},"modified":"2021-01-16T10:58:22","modified_gmt":"2021-01-16T06:58:22","slug":"s%c9%99hidim-and-yerim-25-gunluk-doyus-yolu","status":"publish","type":"post","link":"https:\/\/fedai.az\/?p=26732","title":{"rendered":"\u015e\u0259hidim-and yerim!..25 G\u00dcNL\u00dcK D\u00d6Y\u00dc\u015e YOLU"},"content":{"rendered":"\n<p><strong>Birincilik, liderlik onda sad\u0259c\u0259 h\u0259v\u0259s olmay\u0131b. Buna can atmay\u0131b da. Amma i\u00e7d\u0259n g\u0259l\u0259n, qana ba\u011fl\u0131 b\u0259zi x\u00fcsusiyy\u0259tl\u0259r var ki, onlar\u0131 gizl\u0259m\u0259k m\u00fcmk\u00fcn deyil, vulkan kimi p\u00fcsk\u00fcr\u0259r\u0259k \u00fcz\u0259 \u00e7\u0131x\u0131r. To\u011frul ta u\u015faql\u0131qdan bel\u0259 olub. M\u00fck\u0259mm\u0259l, \u00f6nd\u0259 ged\u0259n, v\u0259t\u0259nsev\u0259r, i\u015fin \u0259n a\u011f\u0131r\u0131ndan yap\u0131\u015fan.<\/strong><\/p>\n\n\n\n<p>Hac\u0131yev To\u011frul Siyav\u015fah o\u011flu haqq\u0131ndad\u0131 bu hekay\u0259. Oxudu\u011fu G\u00f6y\u00e7ay rayon \u00c7ayarx\u0131 k\u0259nd orta m\u0259kt\u0259binin g\u00f6z\u0259t\u00e7isi v\u0259 xadim\u0259si olan ata-anas\u0131n\u0131n ortanc\u0131l \u00f6vlad\u0131 idi. Ail\u0259d\u0259 iki qarda\u015f, on bir ild\u0259n sonra d\u00fcnyaya g\u0259l\u0259n Arzu bac\u0131lar\u0131 b\u0259rab\u0259r b\u00f6y\u00fcy\u00fcbl\u0259r. Halall\u0131qla yo\u011frulmu\u015f bu ail\u0259d\u0259 Siyab\u015fah ata, Reyhan ana onlar\u0131 do\u011fru-d\u00fczg\u00fcn, vicdanl\u0131, b\u00f6y\u00fck-ki\u00e7ik yeri bil\u0259n, v\u0259t\u0259np\u0259rv\u0259r, q\u00fcrurlu v\u0259 m\u0259rd b\u00f6y\u00fctm\u00fc\u015fl\u0259r. B\u00f6y\u00fck qarda\u015f \u015eakir anadan sa\u011flam do\u011fulsa da, h\u0259kimin s\u0259hvi ucbat\u0131ndan aya\u011f\u0131nda v\u0259 di\u011f\u0259r orqanlar\u0131nda q\u00fcsur yaran\u0131b. Bu \u00fczd\u0259n \u0259sg\u0259ri xidm\u0259t\u0259 \u00e7a\u011f\u0131r\u0131lmay\u0131b. To\u011frul is\u0259 boy-buxunlu, sa\u011flam b\u0259d\u0259nli idi. \u018fsg\u0259rliyini 2009-2010-cu ill\u0259rd\u0259 888 sayl\u0131 h\u0259rbi hiss\u0259nin tank taborunda ke\u00e7mi\u015fdi. Ev\u0259 g\u0259l\u0259rk\u0259n n\u00fcmun\u0259vi xidm\u0259tin\u0259 g\u00f6r\u0259 komandanl\u0131\u011f\u0131n ona yazd\u0131\u011f\u0131 F\u0259xri f\u0259rmanlar\u0131, t\u0259rifnam\u0259l\u0259ri d\u0259 \u00f6z\u00fcyl\u0259 g\u0259tirmi\u015fdi. Sanki bununla valideynl\u0259rin\u0259 dem\u0259k ist\u0259yirdi ki, bax\u0131n, h\u0259r yerd\u0259 sizin ba\u015f\u0131n\u0131z\u0131 uca, \u00fcz\u00fcn\u00fcz\u00fc a\u011f edir\u0259m.<\/p>\n\n\n\n<figure class=\"wp-block-gallery columns-2 is-cropped wp-block-gallery-1 is-layout-flex wp-block-gallery-is-layout-flex\"><ul class=\"blocks-gallery-grid\"><li class=\"blocks-gallery-item\"><figure><img loading=\"lazy\" decoding=\"async\" width=\"526\" height=\"526\" src=\"https:\/\/fedai.az\/wp-content\/uploads\/2021\/01\/139042427_3866342656775464_7487653127203936622_o.jpg\" alt=\"\" data-id=\"26733\" data-link=\"https:\/\/fedai.az\/?attachment_id=26733\" class=\"wp-image-26733\" srcset=\"https:\/\/fedai.az\/wp-content\/uploads\/2021\/01\/139042427_3866342656775464_7487653127203936622_o.jpg 526w, https:\/\/fedai.az\/wp-content\/uploads\/2021\/01\/139042427_3866342656775464_7487653127203936622_o-300x300.jpg 300w, https:\/\/fedai.az\/wp-content\/uploads\/2021\/01\/139042427_3866342656775464_7487653127203936622_o-150x150.jpg 150w, https:\/\/fedai.az\/wp-content\/uploads\/2021\/01\/139042427_3866342656775464_7487653127203936622_o-215x215.jpg 215w\" sizes=\"auto, (max-width: 526px) 100vw, 526px\" \/><\/figure><\/li><li class=\"blocks-gallery-item\"><figure><img loading=\"lazy\" decoding=\"async\" width=\"720\" height=\"540\" src=\"https:\/\/fedai.az\/wp-content\/uploads\/2021\/01\/139109333_3866343803442016_7619435927044045864_o.jpg\" alt=\"\" data-id=\"26734\" data-full-url=\"https:\/\/fedai.az\/wp-content\/uploads\/2021\/01\/139109333_3866343803442016_7619435927044045864_o.jpg\" data-link=\"https:\/\/fedai.az\/?attachment_id=26734\" class=\"wp-image-26734\" srcset=\"https:\/\/fedai.az\/wp-content\/uploads\/2021\/01\/139109333_3866343803442016_7619435927044045864_o.jpg 720w, https:\/\/fedai.az\/wp-content\/uploads\/2021\/01\/139109333_3866343803442016_7619435927044045864_o-300x225.jpg 300w, https:\/\/fedai.az\/wp-content\/uploads\/2021\/01\/139109333_3866343803442016_7619435927044045864_o-150x113.jpg 150w\" sizes=\"auto, (max-width: 720px) 100vw, 720px\" \/><\/figure><\/li><\/ul><\/figure>\n\n\n\n<p>To\u011frul 1997-2006-c\u0131 ill\u0259rd\u0259 \u00c7ayarx\u0131 k\u0259nd \u00fcmumi orta m\u0259kt\u0259bd\u0259 9 illik t\u0259hsil ald\u0131qdan sonra rayondak\u0131 106 sayl\u0131 pe\u015f\u0259 m\u0259kt\u0259bin\u0259 daxil olur. \u018fsg\u0259ri xidm\u0259td\u0259n qay\u0131td\u0131qdan sonra is\u0259 Aznar zavodunda traktor\u00e7u i\u015fl\u0259yirdi. Ail\u0259 qurmu\u015fdu sevib-se\u00e7diyi G\u00fclnar\u0259 xan\u0131mla. 2017-ci ild\u0259 L\u0259man, 2019-cu ild\u0259 is\u0259 Tunar d\u00fcnyaya g\u0259lmi\u015fdi. H\u0259yat e\u015fqi co\u015fub da\u015f\u0131rd\u0131. \u00c7ox zarafatc\u0131l idi, deyib-g\u00fcl\u0259n, \u0259yl\u0259nc\u0259li, g\u0259zm\u0259yi xo\u015flayan, dostlar\u0131na \u00f6n\u0259m ver\u0259n biri idi. Ham\u0131n\u0131n sevimlisi idi.<\/p>\n\n\n\n<p><strong>To\u011frulun qon\u015fusu, 90-c\u0131 ill\u0259r Qaraba\u011f sava\u015f\u0131n\u0131n q\u0259hr\u0259manlar\u0131ndan, OMON-nun s\u0131ralar\u0131nda erm\u0259nil\u0259r\u0259 qan udduran, yax\u0131ndan tan\u0131d\u0131\u011f\u0131m El\u00e7in R\u0259sulov deyir:<\/strong><\/p>\n\n\n\n<figure class=\"wp-block-gallery columns-3 is-cropped wp-block-gallery-2 is-layout-flex wp-block-gallery-is-layout-flex\"><ul class=\"blocks-gallery-grid\"><li class=\"blocks-gallery-item\"><figure><img loading=\"lazy\" decoding=\"async\" width=\"526\" height=\"701\" src=\"https:\/\/fedai.az\/wp-content\/uploads\/2021\/01\/139415156_3866343073442089_6691577593062522463_o-1.jpg\" alt=\"\" data-id=\"26737\" data-link=\"https:\/\/fedai.az\/?attachment_id=26737\" class=\"wp-image-26737\" srcset=\"https:\/\/fedai.az\/wp-content\/uploads\/2021\/01\/139415156_3866343073442089_6691577593062522463_o-1.jpg 526w, https:\/\/fedai.az\/wp-content\/uploads\/2021\/01\/139415156_3866343073442089_6691577593062522463_o-1-225x300.jpg 225w, https:\/\/fedai.az\/wp-content\/uploads\/2021\/01\/139415156_3866343073442089_6691577593062522463_o-1-113x150.jpg 113w\" sizes=\"auto, (max-width: 526px) 100vw, 526px\" \/><\/figure><\/li><li class=\"blocks-gallery-item\"><figure><img loading=\"lazy\" decoding=\"async\" width=\"526\" height=\"701\" src=\"https:\/\/fedai.az\/wp-content\/uploads\/2021\/01\/139737212_3866345283441868_5659732695209903247_o.jpg\" alt=\"\" data-id=\"26738\" data-link=\"https:\/\/fedai.az\/?attachment_id=26738\" class=\"wp-image-26738\" srcset=\"https:\/\/fedai.az\/wp-content\/uploads\/2021\/01\/139737212_3866345283441868_5659732695209903247_o.jpg 526w, https:\/\/fedai.az\/wp-content\/uploads\/2021\/01\/139737212_3866345283441868_5659732695209903247_o-225x300.jpg 225w, https:\/\/fedai.az\/wp-content\/uploads\/2021\/01\/139737212_3866345283441868_5659732695209903247_o-113x150.jpg 113w\" sizes=\"auto, (max-width: 526px) 100vw, 526px\" \/><\/figure><\/li><li class=\"blocks-gallery-item\"><figure><img loading=\"lazy\" decoding=\"async\" width=\"526\" height=\"701\" src=\"https:\/\/fedai.az\/wp-content\/uploads\/2021\/01\/139107135_3866345543441842_8388915564342214364_o.jpg\" alt=\"\" data-id=\"26739\" data-full-url=\"https:\/\/fedai.az\/wp-content\/uploads\/2021\/01\/139107135_3866345543441842_8388915564342214364_o.jpg\" data-link=\"https:\/\/fedai.az\/?attachment_id=26739\" class=\"wp-image-26739\" srcset=\"https:\/\/fedai.az\/wp-content\/uploads\/2021\/01\/139107135_3866345543441842_8388915564342214364_o.jpg 526w, https:\/\/fedai.az\/wp-content\/uploads\/2021\/01\/139107135_3866345543441842_8388915564342214364_o-225x300.jpg 225w, https:\/\/fedai.az\/wp-content\/uploads\/2021\/01\/139107135_3866345543441842_8388915564342214364_o-113x150.jpg 113w\" sizes=\"auto, (max-width: 526px) 100vw, 526px\" \/><\/figure><\/li><\/ul><\/figure>\n\n\n\n<p>-To\u011frul h\u0259r d\u0259f\u0259 m\u0259ni g\u00f6r\u0259nd\u0259 d\u00f6y\u00fc\u015f yolumdan dan\u0131\u015fma\u011f\u0131m\u0131 xahi\u015f edirdi. D\u00f6y\u00fc\u015f\u00fcn \u0259n ki\u00e7ik epizodlar\u0131n\u0131 bel\u0259 \u00e7ox maraqla dinl\u0259yirdi. Silahlardan, h\u00fccumlar\u0131m\u0131zdan, d\u00fc\u015fm\u0259ni nec\u0259 m\u0259hv etm\u0259yimizd\u0259n, \u015f\u0259hid yolda\u015flar\u0131m\u0131zadan v\u0259 s. suallar verirdi. Aprel d\u00f6y\u00fc\u015fl\u0259ri zaman\u0131 h\u0259rbi s\u0259f\u0259rb\u0259rlik xidm\u0259tin\u0259 ged\u0259r\u0259k ad\u0131n\u0131 k\u00f6n\u00fcll\u00fc yazd\u0131rm\u0131\u015fd\u0131. Amma \u00e7a\u011f\u0131r\u0131lmad\u0131qda \u00e7ox m\u0259yus olmu\u015fdu. Sentyabr\u0131n 26-da k\u0259ndimizd\u0259n bir-ne\u00e7\u0259 n\u0259f\u0259r s\u0259f\u0259rb\u0259r olmu\u015fdu. To\u011frul onlara \u00fcr\u0259k-dir\u0259k ver\u0259r\u0259k deyirdi ki, he\u00e7 n\u0259d\u0259n qorxmay\u0131n. D\u00fc\u015fm\u0259nin \u00fcz\u0259rin\u0259 el\u0259 gedin ki, vahim\u0259d\u0259n \u00fcr\u0259kl\u0259ri partlas\u0131n. Siz \u00f6l\u00fcm\u00fc yenm\u0259lisiz. Qorxaqcas\u0131na, h\u0259y\u0259canla d\u00f6y\u00fc\u015f\u0259 girm\u0259k olmaz. V\u0259t\u0259n h\u0259r \u015feyd\u0259n \u00f6nc\u0259di. Biz o\u011fullar dar g\u00fcnd\u0259 V\u0259t\u0259ni qorumasaq dik yerim\u0259y\u0259 haqq\u0131m\u0131z bel\u0259 olmaz. El\u0259 bil uzun bir d\u00f6y\u00fc\u015f yolu ke\u00e7mi\u015fdi To\u011frul. Dan\u0131\u015f\u0131qlar\u0131ndan sezilm\u0259zdi ki, onun he\u00e7 d\u00f6y\u00fc\u015f t\u0259cr\u00fcb\u0259si yoxdu&#8230;<\/p>\n\n\n\n<p><strong>Qarda\u015f\u0131 Hac\u0131yev \u015eakir:<\/strong><\/p>\n\n\n\n<p>-Sentyabr\u0131n 28-d\u0259 ax\u015fam saat 10-da ev\u0259 y\u00fcks\u0259k \u0259hval-ruhiyy\u0259d\u0259 g\u0259ldi. Sevin\u0259-sevin\u0259 dedi ki, m\u0259n\u0259 d\u0259 s\u0259f\u0259rb\u0259rlikd\u0259n \u00e7a\u011f\u0131r\u0131\u015f g\u0259ldi. Sabah m\u00fcharib\u0259y\u0259 gedir\u0259m. V\u0259t\u0259n qar\u015f\u0131s\u0131ndak\u0131 borcumu \u00f6d\u0259m\u0259y\u0259. Ail\u0259d\u0259 ham\u0131 t\u0259la\u015flanm\u0131\u015fd\u0131, h\u0259y\u0259can i\u00e7\u0259risind\u0259 idi. Anam\u0131n, atam\u0131n, h\u0259yat yolda\u015f\u0131n\u0131n, el\u0259 m\u0259nim d\u0259 g\u00f6zl\u0259rimiz dolmu\u015fdu. Amma bunu ona sezdirm\u0259m\u0259y\u0259 \u00e7al\u0131\u015f\u0131rd\u0131q. To\u011frul is\u0259 \u0259ksin\u0259, el\u0259 bil toya, bayrama gedirdi. \u018fhval-ruhiyy\u0259si el\u0259 y\u00fcks\u0259k idi ki&#8230; S\u0259h\u0259ri onu yola sald\u0131q A\u011fcab\u0259diy\u0259. Ordan da Beyl\u0259qana v\u0259 sonra h\u0259ml\u0259-k\u0259\u015ffiyyat qrupunun t\u0259rkibind\u0259 \u00f6n c\u0259bh\u0259y\u0259 yolland\u0131. Biz El\u00e7in R\u0259sulovla bir ne\u00e7\u0259 d\u0259f\u0259 c\u0259bh\u0259 b\u00f6lg\u0259sin\u0259 yard\u0131m apard\u0131q. Amma bir d\u0259f\u0259 d\u0259 olsun To\u011frulu g\u00f6r\u0259 bilm\u0259dik. \u00d6n m\u00f6vqed\u0259dir,- dedil\u0259r. To\u011frulun ad\u0131n\u0131 \u00e7\u0259k\u0259n kimi tan\u0131y\u0131rd\u0131lar. Hac\u0131yev To\u011frulu deyirsiz, canavar l\u0259q\u0259bli o igid o\u011flan\u0131. Qorxmazl\u0131\u011f\u0131na, liderlik x\u00fcsusiyy\u0259tl\u0259rin\u0259 g\u00f6r\u0259 ona canavar To\u011frul deyirdil\u0259r. Komandiri deyir ki, To\u011frul be\u015fc\u0259 g\u00fcnd\u0259 \u00f6z\u00fcn\u00fc nec\u0259 laz\u0131md\u0131sa el\u0259 d\u0259 g\u00f6st\u0259rdi. T\u0259p\u0259d\u0259n d\u0131rna\u011fa v\u0259t\u0259np\u0259rv\u0259r o\u011ful idi. Dostcanl\u0131 idi, \u0259n \u0259vv\u0259l yolda\u015flar\u0131n\u0131 d\u00fc\u015f\u00fcn\u00fcrd\u00fc. Yem\u0259k yey\u0259nd\u0259 bel\u0259 g\u00f6zl\u0259yirdi ki, \u0259vv\u0259l yolda\u015flar\u0131 yeyib doysunlar, sonra qalan\u0131 \u00f6z\u00fc yeyirdi. M\u0259hz bu x\u00fcsusiyy\u0259tl\u0259rin\u0259 g\u00f6r\u0259 d\u0259, To\u011frulu \u00f6zl\u0259rin\u0259 ba\u015fbil\u0259n, b\u00f6y\u00fck se\u00e7mi\u015fdil\u0259r. M\u00fcharib\u0259d\u0259 oldu\u011fu bir ayad\u0259k m\u00fcdd\u0259t \u0259rzind\u0259 \u00e7ox yax\u015f\u0131 ad \u00e7\u0131xarm\u0131\u015fd\u0131. To\u011frul bir n\u0259slin, bir elin ba\u015fucal\u0131\u011f\u0131 idi. Onu igidliyin\u0259 v\u0259 h\u0259rbi s\u0259ri\u015ft\u0259sin\u0259 g\u00f6r\u0259 x\u00fcsusi t\u0259yinatl\u0131lar d\u0259st\u0259sin\u0259 d\u0259v\u0259t etmi\u015fdil\u0259r. Bir \u00e7ox \u00e7\u0259tin \u0259m\u0259liyyatlara onlarla birg\u0259 getmi\u015fdi To\u011frul. El\u0259 bil h\u0259r yerd\u0259, h\u0259r \u015feyd\u0259 birinciliy\u0259 can at\u0131rd\u0131. 70 n\u0259f\u0259rlik d\u0259st\u0259 i\u00e7\u0259risind\u0259 se\u00e7il\u0259nl\u0259rd\u0259n olmu\u015fdu.<\/p>\n\n\n\n<figure class=\"wp-block-embed is-type-video is-provider-youtube wp-block-embed-youtube wp-embed-aspect-16-9 wp-has-aspect-ratio\"><div class=\"wp-block-embed__wrapper\">\n<iframe loading=\"lazy\" title=\"Z\u0259f\u0259r yolu\" width=\"715\" height=\"402\" src=\"https:\/\/www.youtube.com\/embed\/05J3g-7-sAU?feature=oembed\" frameborder=\"0\" allow=\"accelerometer; autoplay; clipboard-write; encrypted-media; gyroscope; picture-in-picture\" allowfullscreen><\/iframe>\n<\/div><\/figure>\n\n\n\n<p>To\u011frulla b\u0259rab\u0259r G\u00f6y\u00e7ay rayonundan daha 4 n\u0259f\u0259r d\u00f6y\u00fc\u015f\u00fcrd\u00fc. Onlar m\u00fcharib\u0259y\u0259 ged\u0259n ilk g\u00fcnd\u0259n sonad\u0259k b\u0259rab\u0259r olmu\u015fdular. Onlar F\u00fczuli, C\u0259bray\u0131l, Z\u0259ngilan, Qubadl\u0131 rayonlar\u0131 v\u0259 onlar\u0131n k\u0259ndl\u0259ri u\u011frunda ged\u0259n qanl\u0131 d\u00f6y\u00fc\u015fl\u0259rd\u0259 \u0259sl f\u0259dakarl\u0131q n\u00fcmun\u0259si g\u00f6st\u0259rmi\u015fl\u0259r. Yaral\u0131 yolda\u015flar\u0131na yard\u0131m ed\u0259r\u0259k onlar\u0131 d\u00f6y\u00fc\u015f zonas\u0131ndan \u00e7\u0131xararaq t\u0259cili yard\u0131m ma\u015f\u0131nlar\u0131na \u00e7atd\u0131rm\u0131\u015flar. Yeri g\u0259l\u0259nd\u0259 el\u0259 g\u00fcll\u0259 ya\u011f\u0131\u015f\u0131n\u0131n alt\u0131ndaca yaral\u0131lara ilk tibbi yard\u0131m\u0131 g\u00f6st\u0259rmi\u015fl\u0259r.<\/p>\n\n\n\n<p>Oktyabr\u0131n 25-d\u0259 F\u00fczulinin A\u015fa\u011f\u0131 \u018fbd\u00fcrr\u0259hmanl\u0131 k\u0259ndi u\u011frunda q\u0131z\u011f\u0131n d\u00f6y\u00fc\u015fl\u0259r gedirdi. Onlar 4 saatad\u0259k m\u00fchasir\u0259 v\u0259ziyy\u0259tind\u0259 d\u00fc\u015fm\u0259n\u0259 m\u00fcqavim\u0259t g\u00f6st\u0259rmi\u015fl\u0259r. Q\u00fcvv\u0259l\u0259r nisb\u0259ti b\u0259rab\u0259r olmad\u0131\u011f\u0131ndan d\u00f6y\u00fc\u015f\u0259-d\u00f6y\u00fc\u015f\u0259 m\u00fchasir\u0259ni yararaq m\u00f6vqel\u0259rimiz\u0259 \u00e7\u0259kilmi\u015fl\u0259r. G\u00f6yd\u0259n ya\u011f\u0131\u015f kimi ya\u011fan g\u00fcll\u0259l\u0259rin alt\u0131nda sa\u011f qalacaqlar\u0131na inamlar\u0131 \u00e7ox azalm\u0131\u015fd\u0131. To\u011frul yolda\u015flar\u0131na deyirmi\u015f ki, \u0259sla \u0259sir d\u00fc\u015fm\u0259yin, son g\u00fcll\u0259nizi \u00f6z\u00fcn\u00fcz\u0259 saxlay\u0131n. Bu d\u00f6y\u00fc\u015fd\u0259 To\u011frul a\u011f\u0131r q\u0259lp\u0259 yaras\u0131 al\u0131r. Onu d\u00f6y\u00fc\u015f meydan\u0131ndan G\u00f6y\u00e7ay\u0131n \u015eahsoltanl\u0131 k\u0259ndind\u0259n olan M\u0259mm\u0259dov Asif Hikm\u0259t o\u011flu \u00e7\u0131xar\u0131r. T\u0259\u0259ss\u00fcf ki, onu tibbi yard\u0131m ma\u015f\u0131n\u0131nda x\u0259st\u0259xanaya \u00e7atd\u0131rmaq m\u00fcmk\u00fcn olmur. \u015e\u0259had\u0259t\u0259 y\u00fcks\u0259lir. Onun 25 g\u00fcnl\u00fck d\u00f6y\u00fc\u015f yolu oktyabr\u0131n 25-d\u0259 tamamlan\u0131r. T\u0259\u0259ss\u00fcf ki, \u015f\u0259hidliyi il\u0259&#8230;<\/p>\n\n\n\n<figure class=\"wp-block-gallery columns-2 is-cropped wp-block-gallery-3 is-layout-flex wp-block-gallery-is-layout-flex\"><ul class=\"blocks-gallery-grid\"><li class=\"blocks-gallery-item\"><figure><img loading=\"lazy\" decoding=\"async\" width=\"526\" height=\"701\" src=\"https:\/\/fedai.az\/wp-content\/uploads\/2021\/01\/139415156_3866343073442089_6691577593062522463_o.jpg\" alt=\"\" data-id=\"26735\" data-link=\"https:\/\/fedai.az\/?attachment_id=26735\" class=\"wp-image-26735\" srcset=\"https:\/\/fedai.az\/wp-content\/uploads\/2021\/01\/139415156_3866343073442089_6691577593062522463_o.jpg 526w, https:\/\/fedai.az\/wp-content\/uploads\/2021\/01\/139415156_3866343073442089_6691577593062522463_o-225x300.jpg 225w, https:\/\/fedai.az\/wp-content\/uploads\/2021\/01\/139415156_3866343073442089_6691577593062522463_o-113x150.jpg 113w\" sizes=\"auto, (max-width: 526px) 100vw, 526px\" \/><\/figure><\/li><li class=\"blocks-gallery-item\"><figure><img loading=\"lazy\" decoding=\"async\" width=\"720\" height=\"540\" src=\"https:\/\/fedai.az\/wp-content\/uploads\/2021\/01\/139229068_3866345093441887_3353240349616518043_o.jpg\" alt=\"\" data-id=\"26736\" data-full-url=\"https:\/\/fedai.az\/wp-content\/uploads\/2021\/01\/139229068_3866345093441887_3353240349616518043_o.jpg\" data-link=\"https:\/\/fedai.az\/?attachment_id=26736\" class=\"wp-image-26736\" srcset=\"https:\/\/fedai.az\/wp-content\/uploads\/2021\/01\/139229068_3866345093441887_3353240349616518043_o.jpg 720w, https:\/\/fedai.az\/wp-content\/uploads\/2021\/01\/139229068_3866345093441887_3353240349616518043_o-300x225.jpg 300w, https:\/\/fedai.az\/wp-content\/uploads\/2021\/01\/139229068_3866345093441887_3353240349616518043_o-150x113.jpg 150w\" sizes=\"auto, (max-width: 720px) 100vw, 720px\" \/><\/figure><\/li><\/ul><\/figure>\n\n\n\n<p>Fevral\u0131n 4-d\u0259 To\u011frulun 30 ya\u015f\u0131 olacaqd\u0131. Do\u011fmalar\u0131 onun ad g\u00fcn\u00fcn\u00fc t\u0259brik ed\u0259c\u0259k, q\u0131zlar\u0131 atalar\u0131n\u0131n boununa sar\u0131laraq onu xo\u015fb\u0259xtlikd\u0259n g\u00f6yl\u0259rin yeddinci qat\u0131na \u00e7\u0131xaracaqd\u0131lar. Amma olmad\u0131. M\u0259nfur d\u00fc\u015fm\u0259n daha zal\u0131m \u00e7\u0131xd\u0131. To\u011frul v\u0259 onun kimi y\u00fczl\u0259rl\u0259 g\u0259ncimizin h\u0259yatlar\u0131n\u0131 yar\u0131m\u00e7\u0131q qoydu&#8230;<\/p>\n\n\n\n<p>To\u011fruldan sonra onun yax\u015f\u0131 \u0259m\u0259ll\u0259ri v\u0259 qazand\u0131\u011f\u0131 g\u00f6z\u0259l ad\u0131 qald\u0131. Bir d\u0259 L\u0259man v\u0259 Tunar\u0131&#8230;Bir d\u0259 g\u00f6z\u00fc ya\u015fl\u0131 qoydu\u011fu h\u0259yat yolda\u015f\u0131&#8230; ata-anas\u0131, bac\u0131-qarda\u015f\u0131&#8230;qohumlar\u0131&#8230;dostlar\u0131&#8230;onu tan\u0131yanlar v\u0259 q\u0259hr\u0259manl\u0131\u011f\u0131 haqq\u0131nda e\u015fid\u0259nl\u0259r&#8230;q\u0259dirbil\u0259n xalq\u0131m\u0131z&#8230; \u00c7\u00fcnki, To\u011frul v\u0259 onun kimi \u015f\u0259hidlik zirv\u0259sin\u0259 y\u00fcks\u0259l\u0259nl\u0259r \u00f6lm\u00fcrl\u0259r, \u0259b\u0259diya\u015farl\u0131q qazan\u0131rlar&#8230;<\/p>\n\n\n\n<figure class=\"wp-block-image size-large is-resized\"><img loading=\"lazy\" decoding=\"async\" src=\"https:\/\/fedai.az\/wp-content\/uploads\/2021\/01\/klj.jpg\" alt=\"\" class=\"wp-image-26740\" width=\"1035\" height=\"1475\" srcset=\"https:\/\/fedai.az\/wp-content\/uploads\/2021\/01\/klj.jpg 520w, https:\/\/fedai.az\/wp-content\/uploads\/2021\/01\/klj-211x300.jpg 211w, https:\/\/fedai.az\/wp-content\/uploads\/2021\/01\/klj-105x150.jpg 105w\" sizes=\"auto, (max-width: 1035px) 100vw, 1035px\" \/><\/figure>\n\n\n\n<p><strong>\u00d6l\u00fcm\u00fcnd\u0259n sonra Hac\u0131yev To\u011frul Siyab\u015fah o\u011flu \u201cV\u0259t\u0259n u\u011frunda\u201d, \u201cC\u0259bray\u0131l\u0131n azad olunmas\u0131 u\u011frunda\u201d, \u201cF\u00fczulinin azad olunmas\u0131 u\u011frunda\u201d, \u201c\u015e\u0259xsi igidliy\u0259 g\u00f6r\u0259\u201d medallar\u0131 il\u0259 t\u0259ltif olunmu\u015fdur. Bu t\u0259ltifl\u0259rin say\u0131 arta da bil\u0259r. V\u0259 bu m\u00fckafatlar To\u011frul v\u0259 onun kimi \u015f\u0259hidl\u0259rimizi aram\u0131za qaytarmasa da, onlar\u0131n m\u00fcq\u0259dd\u0259s ruhlar\u0131n\u0131n \u015fad olmas\u0131na s\u0259b\u0259bdi. Nur i\u00e7ind\u0259 uyuyun g\u00fcl \u00fczl\u00fc \u015f\u0259hidl\u0259rimiz&#8230; <\/strong><\/p>\n\n\n\n<p><strong>Xalq\u0131m\u0131z durduqca siz d\u0259 q\u0259lbl\u0259rd\u0259 olacaqs\u0131n\u0131z.<\/strong><\/p>\n\n\n\n<p><strong>\u018fntiq\u0259 Qonaq, <em>\u0259m\u0259kdar jurnalist<\/em><\/strong><\/p>\n","protected":false},"excerpt":{"rendered":"<p>Birincilik, liderlik onda sad\u0259c\u0259 h\u0259v\u0259s olmay\u0131b. Buna can atmay\u0131b da. Amma i\u00e7d\u0259n g\u0259l\u0259n, qana ba\u011fl\u0131 b\u0259zi x\u00fcsusiyy\u0259tl\u0259r var ki, onlar\u0131 gizl\u0259m\u0259k m\u00fcmk\u00fcn deyil, vulkan<\/p>\n","protected":false},"author":2,"featured_media":26742,"comment_status":"closed","ping_status":"closed","sticky":false,"template":"","format":"standard","meta":{"footnotes":""},"categories":[4],"tags":[],"class_list":["post-26732","post","type-post","status-publish","format-standard","has-post-thumbnail","hentry","category-qarabag"],"aioseo_notices":[],"_links":{"self":[{"href":"https:\/\/fedai.az\/index.php?rest_route=\/wp\/v2\/posts\/26732","targetHints":{"allow":["GET"]}}],"collection":[{"href":"https:\/\/fedai.az\/index.php?rest_route=\/wp\/v2\/posts"}],"about":[{"href":"https:\/\/fedai.az\/index.php?rest_route=\/wp\/v2\/types\/post"}],"author":[{"embeddable":true,"href":"https:\/\/fedai.az\/index.php?rest_route=\/wp\/v2\/users\/2"}],"replies":[{"embeddable":true,"href":"https:\/\/fedai.az\/index.php?rest_route=%2Fwp%2Fv2%2Fcomments&post=26732"}],"version-history":[{"count":4,"href":"https:\/\/fedai.az\/index.php?rest_route=\/wp\/v2\/posts\/26732\/revisions"}],"predecessor-version":[{"id":26746,"href":"https:\/\/fedai.az\/index.php?rest_route=\/wp\/v2\/posts\/26732\/revisions\/26746"}],"wp:featuredmedia":[{"embeddable":true,"href":"https:\/\/fedai.az\/index.php?rest_route=\/wp\/v2\/media\/26742"}],"wp:attachment":[{"href":"https:\/\/fedai.az\/index.php?rest_route=%2Fwp%2Fv2%2Fmedia&parent=26732"}],"wp:term":[{"taxonomy":"category","embeddable":true,"href":"https:\/\/fedai.az\/index.php?rest_route=%2Fwp%2Fv2%2Fcategories&post=26732"},{"taxonomy":"post_tag","embeddable":true,"href":"https:\/\/fedai.az\/index.php?rest_route=%2Fwp%2Fv2%2Ftags&post=26732"}],"curies":[{"name":"wp","href":"https:\/\/api.w.org\/{rel}","templated":true}]}}