{"id":26750,"date":"2021-01-16T11:23:28","date_gmt":"2021-01-16T07:23:28","guid":{"rendered":"https:\/\/fedai.az\/?p=26750"},"modified":"2021-01-16T11:48:57","modified_gmt":"2021-01-16T07:48:57","slug":"kafe-v%c9%99-restoranlarla-bagli-q%c9%99rar-verildi","status":"publish","type":"post","link":"https:\/\/fedai.az\/?p=26750","title":{"rendered":"Kafe v\u0259 restoranlarla ba\u011fl\u0131 Q\u018fRAR VER\u0130LD\u0130"},"content":{"rendered":"\n<p><strong>1 fevral saat 00:00-dan etibar\u0259n \u00f6lk\u0259 \u0259razisind\u0259 ictimai ia\u015f\u0259 obyektl\u0259ri, el\u0259c\u0259 d\u0259 restoran, kafe v\u0259 \u00e7ay evl\u0259ri v\u0259 bu kimi dig\u0259r m\u0259kanlarda m\u00fc\u015ft\u0259ril\u0259r\u0259 saat 06:00-dan 00:00-d\u0259k yerind\u0259 xidm\u0259tl\u0259r b\u0259rpa olunur.<\/strong><\/p>\n\n\n\n<p>Bu bar\u0259d\u0259 Nazirl\u0259r Kabineti yan\u0131nda Operativ Q\u0259rargah\u0131n karantin rejiminin yum\u015fald\u0131lmas\u0131 il\u0259 ba\u011fl\u0131 q\u0259rar\u0131nda bildirilir.<\/p>\n\n\n\n<p>&nbsp;2021-ci il 25 yanvar saat 00:00-dan etibar\u0259n \u00f6lk\u0259 \u0259razisind\u0259 a\u015fa\u011f\u0131dak\u0131 i\u015f v\u0259 xidm\u0259tl\u0259rin f\u0259aliyy\u0259tin\u0259 icaz\u0259 verilir:<\/p>\n\n\n\n<p>\u25cf ticar\u0259t obyektl\u0259rinin f\u0259aliyy\u0259ti (ictimai ia\u015f\u0259 obyektl\u0259ri, kafe, \u00e7ay evl\u0259ri v\u0259 bu kimi m\u0259kanlarda m\u00fc\u015ft\u0259ril\u0259r\u0259 yerind\u0259 xidm\u0259t v\u0259 iri ticar\u0259t m\u0259rk\u0259zl\u0259rinin, \u201cMall\u201dlar\u0131n f\u0259aliyy\u0259ti istisna olmaqla);<\/p>\n\n\n\n<p>\u25cf b\u0259rb\u0259rxanalar\u0131n, g\u00f6z\u0259llik salonlar\u0131n\u0131n f\u0259aliyy\u0259ti v\u0259 kosmetik xidm\u0259tl\u0259r (o c\u00fcml\u0259d\u0259n, bu sah\u0259l\u0259rd\u0259 m\u00fc\u015ft\u0259rinin evind\u0259 v\u0259 ya dig\u0259r m\u0259kanda xidm\u0259t);<\/p>\n\n\n\n<p>\u25cf muzey v\u0259 s\u0259rgi zallar\u0131n\u0131n f\u0259aliyy\u0259ti;<\/p>\n\n\n\n<p>\u25cf \u015f\u0259h\u0259rl\u0259raras\u0131 v\u0259 rayonlararas\u0131 h\u0259r\u0259k\u0259t.&nbsp;<\/p>\n\n\n\n<p>Qeyd olunub ki, f\u0259aliyy\u0259tin\u0259 icaz\u0259 veril\u0259n i\u015f v\u0259 xidm\u0259t sah\u0259l\u0259rind\u0259 pandemiya d\u00f6vr\u00fc il\u0259 \u0259laq\u0259dar Nazirl\u0259r Kabinetinin m\u00fcvafiq q\u0259rarlar\u0131 il\u0259 m\u00fc\u0259yy\u0259n edilmi\u015f m\u0259hdudiyy\u0259t v\u0259 t\u0259l\u0259bl\u0259r\u0259 ciddi riay\u0259t olunmal\u0131d\u0131r.<\/p>\n","protected":false},"excerpt":{"rendered":"<p>1 fevral saat 00:00-dan etibar\u0259n \u00f6lk\u0259 \u0259razisind\u0259 ictimai ia\u015f\u0259 obyektl\u0259ri, el\u0259c\u0259 d\u0259 restoran, kafe v\u0259 \u00e7ay evl\u0259ri v\u0259 bu kimi dig\u0259r m\u0259kanlarda m\u00fc\u015ft\u0259ril\u0259r\u0259 saat<\/p>\n","protected":false},"author":2,"featured_media":26751,"comment_status":"closed","ping_status":"closed","sticky":false,"template":"","format":"standard","meta":{"footnotes":""},"categories":[12],"tags":[],"class_list":["post-26750","post","type-post","status-publish","format-standard","has-post-thumbnail","hentry","category-sosial"],"aioseo_notices":[],"_links":{"self":[{"href":"https:\/\/fedai.az\/index.php?rest_route=\/wp\/v2\/posts\/26750","targetHints":{"allow":["GET"]}}],"collection":[{"href":"https:\/\/fedai.az\/index.php?rest_route=\/wp\/v2\/posts"}],"about":[{"href":"https:\/\/fedai.az\/index.php?rest_route=\/wp\/v2\/types\/post"}],"author":[{"embeddable":true,"href":"https:\/\/fedai.az\/index.php?rest_route=\/wp\/v2\/users\/2"}],"replies":[{"embeddable":true,"href":"https:\/\/fedai.az\/index.php?rest_route=%2Fwp%2Fv2%2Fcomments&post=26750"}],"version-history":[{"count":2,"href":"https:\/\/fedai.az\/index.php?rest_route=\/wp\/v2\/posts\/26750\/revisions"}],"predecessor-version":[{"id":26753,"href":"https:\/\/fedai.az\/index.php?rest_route=\/wp\/v2\/posts\/26750\/revisions\/26753"}],"wp:featuredmedia":[{"embeddable":true,"href":"https:\/\/fedai.az\/index.php?rest_route=\/wp\/v2\/media\/26751"}],"wp:attachment":[{"href":"https:\/\/fedai.az\/index.php?rest_route=%2Fwp%2Fv2%2Fmedia&parent=26750"}],"wp:term":[{"taxonomy":"category","embeddable":true,"href":"https:\/\/fedai.az\/index.php?rest_route=%2Fwp%2Fv2%2Fcategories&post=26750"},{"taxonomy":"post_tag","embeddable":true,"href":"https:\/\/fedai.az\/index.php?rest_route=%2Fwp%2Fv2%2Ftags&post=26750"}],"curies":[{"name":"wp","href":"https:\/\/api.w.org\/{rel}","templated":true}]}}