{"id":26763,"date":"2021-01-16T15:59:26","date_gmt":"2021-01-16T11:59:26","guid":{"rendered":"https:\/\/fedai.az\/?p=26763"},"modified":"2021-01-16T15:59:27","modified_gmt":"2021-01-16T11:59:27","slug":"abs-in-yeni-prezidentinin-ag-evd%c9%99-erm%c9%99ni-t%c9%99yinati","status":"publish","type":"post","link":"https:\/\/fedai.az\/?p=26763","title":{"rendered":"AB\u015e-\u0131n yeni prezidentinin A\u011f Evd\u0259 erm\u0259ni t\u0259yinat\u0131"},"content":{"rendered":"\n<p><strong>AB\u015e-\u0131n yeni se\u00e7il\u0259n prezident Co Bayden erm\u0259ni \u0259silli Hayk Hac\u0131nazaryan\u0131 A\u011f Evin Regional Kommunikasiya Departamentinin r\u0259hb\u0259ri t\u0259yin edib.<\/strong><\/p>\n\n\n\n<p><br>Fedai.az\u00a0 Erm\u0259nistan m\u0259tbuat\u0131na istinad\u0259n bildirir ki, Hayk Hac\u0131nazaryan Baydenin Q\u0259rbi Pensilvaniyada se\u00e7ki kampaniyas\u0131n\u0131n m\u0259tbuat katibi olub.\u00a0<\/p>\n\n\n\n<p>\u00a0<br>M\u0259lumatda bildirilir ki, Hac\u0131nazaryan Ohayo \u015ftat\u0131n\u0131n Kolumbus \u015f\u0259h\u0259rind\u0259 Livandan g\u0259l\u0259n m\u00fchacir erm\u0259ni ail\u0259sind\u0259 anadan olub.<\/p>\n","protected":false},"excerpt":{"rendered":"<p>AB\u015e-\u0131n yeni se\u00e7il\u0259n prezident Co Bayden erm\u0259ni \u0259silli Hayk Hac\u0131nazaryan\u0131 A\u011f Evin Regional Kommunikasiya Departamentinin r\u0259hb\u0259ri t\u0259yin edib. Fedai.az\u00a0 Erm\u0259nistan m\u0259tbuat\u0131na istinad\u0259n bildirir ki,<\/p>\n","protected":false},"author":2,"featured_media":26765,"comment_status":"closed","ping_status":"closed","sticky":false,"template":"","format":"standard","meta":{"footnotes":""},"categories":[13],"tags":[],"class_list":["post-26763","post","type-post","status-publish","format-standard","has-post-thumbnail","hentry","category-xarici"],"aioseo_notices":[],"_links":{"self":[{"href":"https:\/\/fedai.az\/index.php?rest_route=\/wp\/v2\/posts\/26763","targetHints":{"allow":["GET"]}}],"collection":[{"href":"https:\/\/fedai.az\/index.php?rest_route=\/wp\/v2\/posts"}],"about":[{"href":"https:\/\/fedai.az\/index.php?rest_route=\/wp\/v2\/types\/post"}],"author":[{"embeddable":true,"href":"https:\/\/fedai.az\/index.php?rest_route=\/wp\/v2\/users\/2"}],"replies":[{"embeddable":true,"href":"https:\/\/fedai.az\/index.php?rest_route=%2Fwp%2Fv2%2Fcomments&post=26763"}],"version-history":[{"count":1,"href":"https:\/\/fedai.az\/index.php?rest_route=\/wp\/v2\/posts\/26763\/revisions"}],"predecessor-version":[{"id":26766,"href":"https:\/\/fedai.az\/index.php?rest_route=\/wp\/v2\/posts\/26763\/revisions\/26766"}],"wp:featuredmedia":[{"embeddable":true,"href":"https:\/\/fedai.az\/index.php?rest_route=\/wp\/v2\/media\/26765"}],"wp:attachment":[{"href":"https:\/\/fedai.az\/index.php?rest_route=%2Fwp%2Fv2%2Fmedia&parent=26763"}],"wp:term":[{"taxonomy":"category","embeddable":true,"href":"https:\/\/fedai.az\/index.php?rest_route=%2Fwp%2Fv2%2Fcategories&post=26763"},{"taxonomy":"post_tag","embeddable":true,"href":"https:\/\/fedai.az\/index.php?rest_route=%2Fwp%2Fv2%2Ftags&post=26763"}],"curies":[{"name":"wp","href":"https:\/\/api.w.org\/{rel}","templated":true}]}}