{"id":26790,"date":"2021-01-17T06:12:39","date_gmt":"2021-01-17T02:12:39","guid":{"rendered":"https:\/\/fedai.az\/?p=26790"},"modified":"2021-01-17T06:12:44","modified_gmt":"2021-01-17T02:12:44","slug":"baxcali-susada-m%c9%99kt%c9%99b-tikm%c9%99k-ist%c9%99yir","status":"publish","type":"post","link":"https:\/\/fedai.az\/?p=26790","title":{"rendered":"Bax\u00e7al\u0131 \u015eu\u015fada m\u0259kt\u0259b tikm\u0259k ist\u0259yir"},"content":{"rendered":"\n<p><strong>\u201cPrezident R\u0259c\u0259b Tayyib \u018frdo\u011fan\u0131n icaz\u0259si olarsa, Az\u0259rbaycan Prezidenti \u0130lham \u018fliyev d\u0259 uy\u011fun hesab ed\u0259rs\u0259, \u015f\u0259xsi t\u0259limat\u0131mla \u201c\u00dclk\u00fc Ocaqlar\u0131\u201d t\u0259hsil v\u0259 m\u0259d\u0259niyy\u0259t v\u0259qfi t\u0259r\u0259find\u0259n \u015eu\u015fada ibtidai m\u0259kt\u0259bin in\u015fas\u0131 h\u0259d\u0259fimizdir\u201d.<\/strong><\/p>\n\n\n\n<p>Bu s\u00f6zl\u0259ri T\u00fcrkiy\u0259nin Milliy\u0259t\u00e7i H\u0259r\u0259kat Partiyas\u0131n\u0131n (MHP) lideri D\u00f6vl\u0259t Bax\u00e7al\u0131 deyib.<\/p>\n\n\n\n<p>\u201cStrateji m\u00f6vqeyi il\u0259 yana\u015f\u0131, \u015eu\u015fa el\u0259 bir yerdir ki, t\u00fcrk m\u0259d\u0259niyy\u0259t v\u0259 tarixinin simvoluna \u00e7evrilib. Az\u0259rbaycan s\u0259n\u0259t v\u0259 d\u00fc\u015f\u00fcnc\u0259 h\u0259yat\u0131n\u0131n qaynaqlar\u0131ndan biri olan \u015eu\u015fan\u0131n inki\u015faf\u0131 v\u0259 burada ya\u015fayan u\u015faqlar\u0131n g\u0259l\u0259c\u0259yi ham\u0131m\u0131z\u0131n m\u0259n\u0259vi m\u0259suliyy\u0259tidir. Bu q\u0259dim t\u00fcrk \u015f\u0259h\u0259rinin t\u0259lim-t\u0259dris h\u0259yat\u0131na d\u0259st\u0259k verm\u0259k g\u00f6zard\u0131 edilm\u0259y\u0259c\u0259k boyun borcumuzdur. Prezident R\u0259c\u0259b Tayyib \u018frdo\u011fan\u0131n icaz\u0259si olarsa, Az\u0259rbaycan Prezidenti \u0130lham \u018fliyev d\u0259 uy\u011fun hesab ed\u0259rs\u0259, \u015f\u0259xsi t\u0259limat\u0131mla \u201c\u00dclk\u00fc Ocaqlar\u0131\u201d t\u0259hsil v\u0259 m\u0259d\u0259niyy\u0259t v\u0259qfi t\u0259r\u0259find\u0259n \u015eu\u015fada ibtidai m\u0259kt\u0259bin in\u015fas\u0131 h\u0259d\u0259fimizdir. Bu m\u0259s\u0259l\u0259d\u0259 sahib oldu\u011fumuz b\u00fct\u00fcn imkanlar\u0131 s\u0259f\u0259rb\u0259r ed\u0259c\u0259k v\u0259 laz\u0131mi i\u015fl\u0259ri d\u0259rhal g\u00f6r\u0259c\u0259yik\u201d.<\/p>\n\n\n\n<p>Bax\u00e7al\u0131 Az\u0259rbaycan Milli Mar\u015f\u0131n\u0131n 30 yanvar 1920-ci ild\u0259 q\u0259bul edilm\u0259sin\u0259 diqq\u0259t \u00e7\u0259k\u0259r\u0259k mar\u015f\u0131n s\u00f6z yazar\u0131 \u018fhm\u0259d Cavad, b\u0259st\u0259kar\u0131 is\u0259 \u015eu\u015fada anadan olan \u00dczeyir Hac\u0131b\u0259yli oldu\u011funu xat\u0131lad\u0131b: \u201c\u0130n\u015fas\u0131n\u0131 arzulad\u0131\u011f\u0131m\u0131z m\u0259kt\u0259bin ad\u0131 \u00dczeyir Hac\u0131b\u0259yli, t\u0259m\u0259lqoyma g\u00fcn\u00fc is\u0259 30 yanvar 2021-ci il ola bil\u0259r. T\u0259lim-t\u0259dris bir mill\u0259tin istiqbal\u0131n\u0131n sanca\u011f\u0131d\u0131r. Bu sanca\u011f\u0131n varl\u0131\u011f\u0131 n\u0259sill\u0259rin \u015f\u00fcurla yeti\u015fib, \u0259xlaqla \u00f6rt\u00fclm\u0259sini t\u0259min edir\u201d.(Publika)<\/p>\n","protected":false},"excerpt":{"rendered":"<p>\u201cPrezident R\u0259c\u0259b Tayyib \u018frdo\u011fan\u0131n icaz\u0259si olarsa, Az\u0259rbaycan Prezidenti \u0130lham \u018fliyev d\u0259 uy\u011fun hesab ed\u0259rs\u0259, \u015f\u0259xsi t\u0259limat\u0131mla \u201c\u00dclk\u00fc Ocaqlar\u0131\u201d t\u0259hsil v\u0259 m\u0259d\u0259niyy\u0259t v\u0259qfi t\u0259r\u0259find\u0259n \u015eu\u015fada<\/p>\n","protected":false},"author":2,"featured_media":26791,"comment_status":"closed","ping_status":"closed","sticky":false,"template":"","format":"standard","meta":{"footnotes":""},"categories":[4],"tags":[],"class_list":["post-26790","post","type-post","status-publish","format-standard","has-post-thumbnail","hentry","category-qarabag"],"aioseo_notices":[],"_links":{"self":[{"href":"https:\/\/fedai.az\/index.php?rest_route=\/wp\/v2\/posts\/26790","targetHints":{"allow":["GET"]}}],"collection":[{"href":"https:\/\/fedai.az\/index.php?rest_route=\/wp\/v2\/posts"}],"about":[{"href":"https:\/\/fedai.az\/index.php?rest_route=\/wp\/v2\/types\/post"}],"author":[{"embeddable":true,"href":"https:\/\/fedai.az\/index.php?rest_route=\/wp\/v2\/users\/2"}],"replies":[{"embeddable":true,"href":"https:\/\/fedai.az\/index.php?rest_route=%2Fwp%2Fv2%2Fcomments&post=26790"}],"version-history":[{"count":1,"href":"https:\/\/fedai.az\/index.php?rest_route=\/wp\/v2\/posts\/26790\/revisions"}],"predecessor-version":[{"id":26792,"href":"https:\/\/fedai.az\/index.php?rest_route=\/wp\/v2\/posts\/26790\/revisions\/26792"}],"wp:featuredmedia":[{"embeddable":true,"href":"https:\/\/fedai.az\/index.php?rest_route=\/wp\/v2\/media\/26791"}],"wp:attachment":[{"href":"https:\/\/fedai.az\/index.php?rest_route=%2Fwp%2Fv2%2Fmedia&parent=26790"}],"wp:term":[{"taxonomy":"category","embeddable":true,"href":"https:\/\/fedai.az\/index.php?rest_route=%2Fwp%2Fv2%2Fcategories&post=26790"},{"taxonomy":"post_tag","embeddable":true,"href":"https:\/\/fedai.az\/index.php?rest_route=%2Fwp%2Fv2%2Ftags&post=26790"}],"curies":[{"name":"wp","href":"https:\/\/api.w.org\/{rel}","templated":true}]}}