{"id":26819,"date":"2021-01-17T08:48:20","date_gmt":"2021-01-17T04:48:20","guid":{"rendered":"https:\/\/fedai.az\/?p=26819"},"modified":"2021-01-17T08:48:22","modified_gmt":"2021-01-17T04:48:22","slug":"vazgen-manukyan-%c9%99n-azi-2-3-il-vaxt-lazimdir","status":"publish","type":"post","link":"https:\/\/fedai.az\/?p=26819","title":{"rendered":"Vazgen Manukyan: &#171;\u018fn az\u0131 2-3 il vaxt laz\u0131md\u0131r&#8230;&#187;"},"content":{"rendered":"\n<p><strong>&#171;Erm\u0259nistan ordusunun b\u0259rpa olunmas\u0131na \u0259n az\u0131 2-3 il vaxt laz\u0131md\u0131r, amma bu vaxt \u0259rzind\u0259 h\u0259rbi \u0259m\u0259liyyatlara ged\u0259c\u0259k axmaq tap\u0131lmayacaq&#187;.<\/strong><\/p>\n\n\n\n<p><strong><a target=\"_blank\" href=\"https:\/\/publika.az\/\" rel=\"noreferrer noopener\">Publika.az<\/a>&nbsp;<\/strong>\u201cnews.am\u201da istinadla x\u0259b\u0259r verir ki, bu bar\u0259d\u0259 Erm\u0259nistan\u0131n V\u0259t\u0259nin qurtulu\u015fu \u00fczr\u0259 H\u0259r\u0259kat\u0131ndan \u00f6lk\u0259nin ba\u015f naziri v\u0259zif\u0259sin\u0259 namiz\u0259d Vazgen Manukyan deyib.<\/p>\n\n\n\n<figure class=\"wp-block-image size-large is-resized\"><img loading=\"lazy\" decoding=\"async\" src=\"https:\/\/fedai.az\/wp-content\/uploads\/2021\/01\/vazgen.jpg\" alt=\"\" class=\"wp-image-26821\" width=\"1034\" height=\"582\" srcset=\"https:\/\/fedai.az\/wp-content\/uploads\/2021\/01\/vazgen.jpg 800w, https:\/\/fedai.az\/wp-content\/uploads\/2021\/01\/vazgen-300x169.jpg 300w, https:\/\/fedai.az\/wp-content\/uploads\/2021\/01\/vazgen-150x84.jpg 150w, https:\/\/fedai.az\/wp-content\/uploads\/2021\/01\/vazgen-768x432.jpg 768w\" sizes=\"auto, (max-width: 1034px) 100vw, 1034px\" \/><\/figure>\n\n\n\n<p>&#171;B\u0259z\u0259n deyirl\u0259r: \u0259g\u0259r Nikol Pa\u015finyan v\u0259zif\u0259d\u0259n gets\u0259, ba\u015fqalar\u0131 g\u0259ls\u0259, m\u00fcharib\u0259 yenid\u0259n ba\u015flayacaq. Xeyr, bel\u0259 ordu il\u0259 kim m\u00fcharib\u0259y\u0259 ba\u015flayacaq?\u201d, &#8212; o deyib.<\/p>\n\n\n\n<p>Vazgen Manukyan bildirib ki, Erm\u0259nistan orduya malik olmal\u0131d\u0131r, bunsuz d\u00f6vl\u0259t ola bilm\u0259z.<\/p>\n\n\n\n<p>Onun s\u00f6zl\u0259rin\u0259 g\u00f6r\u0259, r\u0259smi Yerevan son zamanlar Rusiya, \u00c7in v\u0259 \u0130ranla ba\u011fl\u0131 yanl\u0131\u015f diplomatik siyas\u0259t y\u00fcr\u00fcd\u00fcb. &#171;B\u00fct\u00fcn bunlar AB\u015e-\u0131n xo\u015funa g\u0259lm\u0259k \u00fc\u00e7\u00fcn haz\u0131rlan\u0131rd\u0131, b\u0259s biz n\u0259tic\u0259d\u0259 n\u0259 \u0259ld\u0259 etdik? He\u00e7 n\u0259, h\u0259r \u015fey itirildi, yad oyunun oyunca\u011f\u0131 oldu\u201d.<\/p>\n\n\n\n<p>Vazgen Manukyan\u0131n s\u00f6zl\u0259rin\u0259 g\u00f6r\u0259, Erm\u0259nistan T\u00fcrkiy\u0259 il\u0259 dostluq m\u00fcnasib\u0259tl\u0259ri qurmal\u0131d\u0131r. Ona g\u00f6r\u0259 ki, siyasi riyaziyyat bunu t\u0259l\u0259b edir.<\/p>\n","protected":false},"excerpt":{"rendered":"<p>&#171;Erm\u0259nistan ordusunun b\u0259rpa olunmas\u0131na \u0259n az\u0131 2-3 il vaxt laz\u0131md\u0131r, amma bu vaxt \u0259rzind\u0259 h\u0259rbi \u0259m\u0259liyyatlara ged\u0259c\u0259k axmaq tap\u0131lmayacaq&#187;. Publika.az&nbsp;\u201cnews.am\u201da istinadla x\u0259b\u0259r verir ki,<\/p>\n","protected":false},"author":2,"featured_media":26820,"comment_status":"closed","ping_status":"closed","sticky":false,"template":"","format":"standard","meta":{"footnotes":""},"categories":[1],"tags":[],"class_list":["post-26819","post","type-post","status-publish","format-standard","has-post-thumbnail","hentry","category-siyast"],"aioseo_notices":[],"_links":{"self":[{"href":"https:\/\/fedai.az\/index.php?rest_route=\/wp\/v2\/posts\/26819","targetHints":{"allow":["GET"]}}],"collection":[{"href":"https:\/\/fedai.az\/index.php?rest_route=\/wp\/v2\/posts"}],"about":[{"href":"https:\/\/fedai.az\/index.php?rest_route=\/wp\/v2\/types\/post"}],"author":[{"embeddable":true,"href":"https:\/\/fedai.az\/index.php?rest_route=\/wp\/v2\/users\/2"}],"replies":[{"embeddable":true,"href":"https:\/\/fedai.az\/index.php?rest_route=%2Fwp%2Fv2%2Fcomments&post=26819"}],"version-history":[{"count":1,"href":"https:\/\/fedai.az\/index.php?rest_route=\/wp\/v2\/posts\/26819\/revisions"}],"predecessor-version":[{"id":26822,"href":"https:\/\/fedai.az\/index.php?rest_route=\/wp\/v2\/posts\/26819\/revisions\/26822"}],"wp:featuredmedia":[{"embeddable":true,"href":"https:\/\/fedai.az\/index.php?rest_route=\/wp\/v2\/media\/26820"}],"wp:attachment":[{"href":"https:\/\/fedai.az\/index.php?rest_route=%2Fwp%2Fv2%2Fmedia&parent=26819"}],"wp:term":[{"taxonomy":"category","embeddable":true,"href":"https:\/\/fedai.az\/index.php?rest_route=%2Fwp%2Fv2%2Fcategories&post=26819"},{"taxonomy":"post_tag","embeddable":true,"href":"https:\/\/fedai.az\/index.php?rest_route=%2Fwp%2Fv2%2Ftags&post=26819"}],"curies":[{"name":"wp","href":"https:\/\/api.w.org\/{rel}","templated":true}]}}