{"id":26842,"date":"2021-01-17T11:00:44","date_gmt":"2021-01-17T07:00:44","guid":{"rendered":"https:\/\/fedai.az\/?p=26842"},"modified":"2021-01-17T11:00:49","modified_gmt":"2021-01-17T07:00:49","slug":"erm%c9%99nistanda-muxalif%c9%99t-lideri-nikol-pasinyani-%c9%99bulf%c9%99z-elcib%c9%99yl%c9%99-muqayis%c9%99-edib","status":"publish","type":"post","link":"https:\/\/fedai.az\/?p=26842","title":{"rendered":"Erm\u0259nistanda m\u00fcxalif\u0259t lideri Nikol Pa\u015finyan\u0131 \u018fb\u00fclf\u0259z El\u00e7ib\u0259yl\u0259 m\u00fcqayis\u0259 edib"},"content":{"rendered":"\n<p><strong>BBC YAZIR:<\/strong><\/p>\n\n\n\n<p><strong>Erm\u0259nistanda m\u00fcxalif\u0259t lideri Nikol Pa\u015finyan\u0131 \u018fb\u00fclf\u0259z El\u00e7ib\u0259yl\u0259 m\u00fcqayis\u0259 edib. Da\u011fl\u0131q Qaraba\u011fda xidm\u0259t ke\u00e7\u0259n \u0259sg\u0259rl\u0259rin valideynl\u0259ri Yerevanda etiraz aksiyas\u0131 edib, Amnesty \u0130nternational Az\u0259rbaycan v\u0259 Erm\u0259nistan\u0131n d\u00f6y\u00fc\u015fl\u0259r d\u00f6vr\u00fcnd\u0259 &#171;m\u00fcharib\u0259 qanunlar\u0131n\u0131 pozdu\u011funu&#187; bildirib, K\u0130VDF-nin ke\u00e7mi\u015f icra\u00e7\u0131 direktoru V\u00fcqar S\u0259f\u0259rli h\u0259bs edilib, Bak\u0131da t\u0259cili yard\u0131ma m\u00fcraci\u0259tl\u0259rin daha \u00e7ox n\u0259 il\u0259 ba\u011fl\u0131 oldu\u011fu m\u0259lum olub, bu g\u00fcn Prezident Trump-a ikinci d\u0259f\u0259 impi\u00e7ment elan olundu, Az\u0259rbaycan M\u00fcdafi\u0259 Nazirliyi iki g\u00fcn \u0259vv\u0259l \u015eu\u015fa istiqam\u0259tind\u0259 bir h\u0259rb\u00e7inin \u00f6ld\u00fcy\u00fcn\u00fc, ikisinin yaraland\u0131\u011f\u0131n\u0131 a\u00e7\u0131qlay\u0131b. Qan Bank\u0131 v\u0259t\u0259nda\u015flar\u0131 k\u00f6n\u00fcll\u00fc qan donoru olma\u011fa \u00e7a\u011f\u0131r\u0131b. Xocal\u0131 yol idar\u0259sinin \u0259m\u0259kda\u015f\u0131 minaya d\u00fc\u015f\u0259r\u0259k x\u0259sar\u0259t al\u0131b &#8212; bu v\u0259 dig\u0259r x\u0259b\u0259rl\u0259r BBC News Az\u0259rbaycancan\u0131n icmal\u0131nda.<\/strong><\/p>\n\n\n\n<p>Erm\u0259nistanda m\u00fcxalif\u0259tin ba\u015f nazirliy\u0259 namiz\u0259di Vazgen Manukyan Rusiya RBK agentliyin\u0259 m\u00fcsahib\u0259sind\u0259 2-ci Qaraba\u011f m\u00fcharib\u0259si zaman\u0131 Ba\u015f nazir Nikol Pa\u015finyan\u0131 1-ci Qaraba\u011f m\u00fcharib\u0259si zaman\u0131 Az\u0259rbaycana r\u0259hb\u0259rlik ed\u0259n \u018fb\u00fclf\u0259z El\u00e7ib\u0259yl\u0259 m\u00fcqayis\u0259 edib.<\/p>\n\n\n\n<p>Vazgen Manukyan\u0131n s\u00f6zl\u0259rin\u0259 g\u00f6r\u0259, <strong>&#171;R\u0259ngli inqilablar dal\u011fas\u0131nda hakimiyy\u0259t ba\u015f\u0131na \u0259sas\u0259n hakimiyy\u0259t idar\u0259 etm\u0259y\u0259 haz\u0131r olmayan s\u0259ri\u015ft\u0259siz insanlar g\u0259lir. &#171;Pa\u015finyan c\u0259miyy\u0259ti ke\u00e7mi\u015fl\u0259r\u0259 v\u0259 yenil\u0259r\u0259 b\u00f6l\u0259r\u0259k, onu par\u00e7alay\u0131b. R\u0259ngli inqilablar ba\u015f vermi\u015f Ukraynada v\u0259 ba\u015fqa yerl\u0259rd\u0259 d\u0259 bel\u0259 olub&#187;,<\/strong> &#8212; Vazgen Manukyan deyib.<\/p>\n\n\n\n<p><strong>&#171;Birinci Qaraba\u011f m\u00fcharib\u0259si zaman\u0131 1992-1994-c\u00fc ill\u0259rd\u0259 biz Az\u0259rbaycana qalib g\u0259ldik, biz\u0259 \u00f6lk\u0259y\u0259 \u018fb\u00fclf\u0259z El\u00e7ib\u0259yin r\u0259hb\u0259rlik etm\u0259si \u00e7ox k\u00f6m\u0259k etdi. O zaman h\u0259l\u0259 &#171;m\u0259xm\u0259ri inqilab&#187; termini yox idi, lakin o, m\u0259hz bel\u0259 n\u00f6qteyi-n\u0259z\u0259rd\u0259n \u00e7\u0131x\u0131\u015f ed\u0259n insan idi. \u0130ndi d\u0259 Az\u0259rbaycan bizim \u00f6z El\u00e7ib\u0259yimiz olmas\u0131ndan istifad\u0259 etdi&#187;, <\/strong>&#8212; Manukyan \u0259lav\u0259 edib.<\/p>\n\n\n\n<figure class=\"wp-block-image size-large is-resized\"><img loading=\"lazy\" decoding=\"async\" src=\"https:\/\/fedai.az\/wp-content\/uploads\/2021\/01\/pasik.jpg\" alt=\"\" class=\"wp-image-26844\" width=\"1035\" height=\"890\" srcset=\"https:\/\/fedai.az\/wp-content\/uploads\/2021\/01\/pasik.jpg 850w, https:\/\/fedai.az\/wp-content\/uploads\/2021\/01\/pasik-300x258.jpg 300w, https:\/\/fedai.az\/wp-content\/uploads\/2021\/01\/pasik-150x129.jpg 150w, https:\/\/fedai.az\/wp-content\/uploads\/2021\/01\/pasik-768x660.jpg 768w\" sizes=\"auto, (max-width: 1035px) 100vw, 1035px\" \/><\/figure>\n\n\n\n<p>Manukyan hesab edir ki, Serj Sarkisyan hakimiyy\u0259td\u0259 qalsayd\u0131, sad\u0259c\u0259 m\u00fcharib\u0259 ba\u015flanmazd\u0131. Onun s\u00f6zl\u0259rin\u0259 g\u00f6r\u0259, Pa\u015finyan Da\u011fl\u0131q Qaraba\u011f dan\u0131\u015f\u0131qlar\u0131n\u0131 \u0259ng\u0259ll\u0259di, bir s\u0131ra b\u0259yanatlar\u0131 il\u0259 ona g\u0259tirdi ki, Qaraba\u011f problemi \u0259razi davas\u0131d\u0131r, mill\u0259tin \u00f6z m\u00fcq\u0259dd\u0259rat\u0131n\u0131 m\u00fc\u0259yy\u0259n etm\u0259k m\u0259s\u0259l\u0259si deyil v\u0259 Az\u0259rbaycana &#171;m\u00fcharib\u0259 ba\u015flamaq olar&#187; fikrin\u0259 g\u0259lm\u0259y\u0259 imkan verdi.<\/p>\n\n\n\n<p>\u018fb\u00fclf\u0259z El\u00e7ib\u0259y 1992-93-c\u00fc ill\u0259rd\u0259 Az\u0259rbaycan Respublikas\u0131n\u0131n ikinci Prezidenti olub.<\/p>\n\n\n\n<p>O, Az\u0259rbaycan tarixind\u0259 xalq t\u0259r\u0259find\u0259n, demokratik se\u00e7kil\u0259r yolu il\u0259 se\u00e7il\u0259n ilk Prezident hesab olunur. O, az\u0259rbaycanl\u0131 d\u00f6vl\u0259t, siyasi v\u0259 ictimai xadim, Az\u0259rbaycan Xalq C\u0259bh\u0259sinin lideri v\u0259 Az\u0259rbaycan Milli Azadl\u0131q H\u0259r\u0259kat\u0131n\u0131n liderl\u0259rind\u0259n biri olub.<\/p>\n\n\n\n<p><strong>P.S. Bu BBC-nin v\u0259 Vazgen Manukyan\u0131n m\u00f6vqeyidir&#8230;<\/strong><\/p>\n","protected":false},"excerpt":{"rendered":"<p>BBC YAZIR: Erm\u0259nistanda m\u00fcxalif\u0259t lideri Nikol Pa\u015finyan\u0131 \u018fb\u00fclf\u0259z El\u00e7ib\u0259yl\u0259 m\u00fcqayis\u0259 edib. Da\u011fl\u0131q Qaraba\u011fda xidm\u0259t ke\u00e7\u0259n \u0259sg\u0259rl\u0259rin valideynl\u0259ri Yerevanda etiraz aksiyas\u0131 edib, Amnesty \u0130nternational Az\u0259rbaycan<\/p>\n","protected":false},"author":2,"featured_media":26843,"comment_status":"closed","ping_status":"closed","sticky":false,"template":"","format":"standard","meta":{"footnotes":""},"categories":[1],"tags":[],"class_list":["post-26842","post","type-post","status-publish","format-standard","has-post-thumbnail","hentry","category-siyast"],"aioseo_notices":[],"_links":{"self":[{"href":"https:\/\/fedai.az\/index.php?rest_route=\/wp\/v2\/posts\/26842","targetHints":{"allow":["GET"]}}],"collection":[{"href":"https:\/\/fedai.az\/index.php?rest_route=\/wp\/v2\/posts"}],"about":[{"href":"https:\/\/fedai.az\/index.php?rest_route=\/wp\/v2\/types\/post"}],"author":[{"embeddable":true,"href":"https:\/\/fedai.az\/index.php?rest_route=\/wp\/v2\/users\/2"}],"replies":[{"embeddable":true,"href":"https:\/\/fedai.az\/index.php?rest_route=%2Fwp%2Fv2%2Fcomments&post=26842"}],"version-history":[{"count":1,"href":"https:\/\/fedai.az\/index.php?rest_route=\/wp\/v2\/posts\/26842\/revisions"}],"predecessor-version":[{"id":26845,"href":"https:\/\/fedai.az\/index.php?rest_route=\/wp\/v2\/posts\/26842\/revisions\/26845"}],"wp:featuredmedia":[{"embeddable":true,"href":"https:\/\/fedai.az\/index.php?rest_route=\/wp\/v2\/media\/26843"}],"wp:attachment":[{"href":"https:\/\/fedai.az\/index.php?rest_route=%2Fwp%2Fv2%2Fmedia&parent=26842"}],"wp:term":[{"taxonomy":"category","embeddable":true,"href":"https:\/\/fedai.az\/index.php?rest_route=%2Fwp%2Fv2%2Fcategories&post=26842"},{"taxonomy":"post_tag","embeddable":true,"href":"https:\/\/fedai.az\/index.php?rest_route=%2Fwp%2Fv2%2Ftags&post=26842"}],"curies":[{"name":"wp","href":"https:\/\/api.w.org\/{rel}","templated":true}]}}