{"id":26849,"date":"2021-01-17T15:04:49","date_gmt":"2021-01-17T11:04:49","guid":{"rendered":"https:\/\/fedai.az\/?p=26849"},"modified":"2021-01-17T21:18:09","modified_gmt":"2021-01-17T17:18:09","slug":"mudafi%c9%99-nazirliyi-veteran-adi-m%c9%99s%c9%99l%c9%99sin%c9%99-baxmirsa-b%c9%99s-n%c9%99y%c9%99-baxir","status":"publish","type":"post","link":"https:\/\/fedai.az\/?p=26849","title":{"rendered":"M\u00fcdafi\u0259 Nazirliyi VETERAN ad\u0131 m\u0259s\u0259l\u0259sin\u0259 baxm\u0131rsa, b\u0259s n\u0259y\u0259 bax\u0131r?"},"content":{"rendered":"\n<p><strong>\u201cS\u0259f\u0259rb\u0259rlikd\u0259n t\u0259rxis edilmi\u015f \u015f\u0259xsl\u0259rin q\u0259bulunun ke\u00e7irilm\u0259si, onlar\u0131n m\u00fcraci\u0259tl\u0259rin\u0259 vaxt\u0131nda v\u0259 obyektiv bax\u0131lmas\u0131n\u0131n t\u0259min edilm\u0259si m\u0259qs\u0259dil\u0259 m\u00fcdafi\u0259 naziri general-polkovnik Zakir H\u0259s\u0259novun m\u00fcvafiq \u0259mri il\u0259 yarad\u0131lm\u0131\u015f komissiyaya \u201cveteran ad\u0131\u201d v\u0259 yaxud \u201cveteran kitab\u00e7as\u0131n\u0131n\u201d verilm\u0259si s\u0259lahiyy\u0259ti verilm\u0259yib\u201d.<\/strong><\/p>\n\n\n\n<p>Fedai.az x\u0259b\u0259r verir ki, bunu M\u00fcdafi\u0259 Nazirliyinin m\u0259tbuat katibi Anar Eyvazov deyib.<\/p>\n\n\n\n<p>\u201cBuna g\u00f6r\u0259 d\u0259 v\u0259t\u0259nda\u015flar\u0131m\u0131zdan xahi\u015f edirik ki, bu m\u0259s\u0259l\u0259 il\u0259 \u0259laq\u0259dar m\u00fcraci\u0259t etm\u0259sinl\u0259r\u201d, &#8212; nazirlik r\u0259smisi bildirib.<\/p>\n\n\n\n<p>Qeyd ed\u0259k ki, h\u0259r g\u00fcn veteran t\u0259\u015fkilat\u0131 kimi biz\u0259 d\u0259 m\u00fcraci\u0259tl\u0259r olur. \u018fsas\u0259n d\u00f6y\u00fc\u015fl\u0259rin h\u0259rbi biletl\u0259r\u0259 yaz\u0131lmamas\u0131 v\u0259 &#171;M\u00fcharib\u0259 veteran\u0131&#187; statusunun verilm\u0259si prosedurunu soru\u015furlar. Biz d\u0259 MN &#8212; nin yaratd\u0131\u011f\u0131 bu komissiyalara y\u00f6nl\u0259ndiririk. Bel\u0259 \u00e7\u0131x\u0131r ki, \u0259sas sual\u0131n cavab\u0131 ortada yoxdur, b\u0259s bu komissiya n\u0259y\u0259 bax\u0131r? M\u00fcraci\u0259tl\u0259ri n\u0259z\u0259r\u0259 al\u0131b bu bar\u0259d\u0259 geni\u015f ara\u015fd\u0131rma yaz\u0131s\u0131 t\u0259qdim ed\u0259c\u0259yik.<\/p>\n\n\n\n<p><\/p>\n\n\n\n<figure class=\"wp-block-embed is-type-video is-provider-youtube wp-block-embed-youtube wp-embed-aspect-16-9 wp-has-aspect-ratio\"><div class=\"wp-block-embed__wrapper\">\n<iframe loading=\"lazy\" title=\"M\u00fcdafi\u0259 Nazirliyind\u0259n CANLI BA\u011eLANTI (17.01.2021)\" width=\"715\" height=\"402\" src=\"https:\/\/www.youtube.com\/embed\/0EFdOczIZCc?feature=oembed\" frameborder=\"0\" allow=\"accelerometer; autoplay; clipboard-write; encrypted-media; gyroscope; picture-in-picture\" allowfullscreen><\/iframe>\n<\/div><\/figure>\n","protected":false},"excerpt":{"rendered":"<p>\u201cS\u0259f\u0259rb\u0259rlikd\u0259n t\u0259rxis edilmi\u015f \u015f\u0259xsl\u0259rin q\u0259bulunun ke\u00e7irilm\u0259si, onlar\u0131n m\u00fcraci\u0259tl\u0259rin\u0259 vaxt\u0131nda v\u0259 obyektiv bax\u0131lmas\u0131n\u0131n t\u0259min edilm\u0259si m\u0259qs\u0259dil\u0259 m\u00fcdafi\u0259 naziri general-polkovnik Zakir H\u0259s\u0259novun m\u00fcvafiq \u0259mri il\u0259 yarad\u0131lm\u0131\u015f<\/p>\n","protected":false},"author":2,"featured_media":26851,"comment_status":"closed","ping_status":"closed","sticky":false,"template":"","format":"standard","meta":{"footnotes":""},"categories":[5],"tags":[],"class_list":["post-26849","post","type-post","status-publish","format-standard","has-post-thumbnail","hentry","category-veteran"],"aioseo_notices":[],"_links":{"self":[{"href":"https:\/\/fedai.az\/index.php?rest_route=\/wp\/v2\/posts\/26849","targetHints":{"allow":["GET"]}}],"collection":[{"href":"https:\/\/fedai.az\/index.php?rest_route=\/wp\/v2\/posts"}],"about":[{"href":"https:\/\/fedai.az\/index.php?rest_route=\/wp\/v2\/types\/post"}],"author":[{"embeddable":true,"href":"https:\/\/fedai.az\/index.php?rest_route=\/wp\/v2\/users\/2"}],"replies":[{"embeddable":true,"href":"https:\/\/fedai.az\/index.php?rest_route=%2Fwp%2Fv2%2Fcomments&post=26849"}],"version-history":[{"count":5,"href":"https:\/\/fedai.az\/index.php?rest_route=\/wp\/v2\/posts\/26849\/revisions"}],"predecessor-version":[{"id":26872,"href":"https:\/\/fedai.az\/index.php?rest_route=\/wp\/v2\/posts\/26849\/revisions\/26872"}],"wp:featuredmedia":[{"embeddable":true,"href":"https:\/\/fedai.az\/index.php?rest_route=\/wp\/v2\/media\/26851"}],"wp:attachment":[{"href":"https:\/\/fedai.az\/index.php?rest_route=%2Fwp%2Fv2%2Fmedia&parent=26849"}],"wp:term":[{"taxonomy":"category","embeddable":true,"href":"https:\/\/fedai.az\/index.php?rest_route=%2Fwp%2Fv2%2Fcategories&post=26849"},{"taxonomy":"post_tag","embeddable":true,"href":"https:\/\/fedai.az\/index.php?rest_route=%2Fwp%2Fv2%2Ftags&post=26849"}],"curies":[{"name":"wp","href":"https:\/\/api.w.org\/{rel}","templated":true}]}}