{"id":26866,"date":"2021-01-17T19:26:22","date_gmt":"2021-01-17T15:26:22","guid":{"rendered":"https:\/\/fedai.az\/?p=26866"},"modified":"2021-01-17T19:27:28","modified_gmt":"2021-01-17T15:27:28","slug":"az%c9%99baycan-h%c9%99rbcil%c9%99ri-qarsa-bel%c9%99-yola-salindi","status":"publish","type":"post","link":"https:\/\/fedai.az\/?p=26866","title":{"rendered":"Az\u0259baycan h\u0259rb\u00e7il\u0259ri Qarsa bel\u0259 yola sal\u0131nd\u0131"},"content":{"rendered":"\n<p><strong>T\u00fcrkiy\u0259nin Qars \u015f\u0259h\u0259rind\u0259 ke\u00e7iril\u0259c\u0259k \u201cQ\u0131\u015f t\u0259limi-2021\u201dd\u0259 \u018flahidd\u0259 \u00dcmumqo\u015fun Ordunun h\u0259rbi qulluq\u00e7ular\u0131 da i\u015ftirak ed\u0259c\u0259k. T\u0259lim\u0259 c\u0259lb edilmi\u015f \u015f\u0259xsi hey\u0259t v\u0259 h\u0259rbi texnikalar\u0131n t\u0259lim yerin\u0259 yola sal\u0131nmas\u0131 m\u00fcnasib\u0259ti il\u0259 m\u0259rasim ke\u00e7irilib.<\/strong><\/p>\n\n\n\n<p>M\u00fcdafi\u0259 Nazirliyind\u0259n<strong>&nbsp;<\/strong>veril\u0259n m\u0259lumata g\u00f6r\u0259, yolasalma m\u0259rasimind\u0259 D\u00f6vl\u0259t Himni s\u0259sl\u0259ndirildikd\u0259n sonra \u00e7\u0131x\u0131\u015f ed\u0259n general-mayor Fazil A\u011falarov inki\u015faf ed\u0259n Az\u0259rbaycan-T\u00fcrkiy\u0259 h\u0259rbi-texniki \u0259m\u0259kda\u015fl\u0131\u011f\u0131ndan, h\u0259r il Nax\u00e7\u0131van v\u0259 Qars \u015f\u0259h\u0259rl\u0259rind\u0259 ke\u00e7iril\u0259n birg\u0259 h\u0259rbi t\u0259liml\u0259rin \u0259h\u0259miyy\u0259tind\u0259n, M\u00fcz\u0259ff\u0259r Ordumuzun V\u0259t\u0259n m\u00fcharib\u0259sind\u0259 qazand\u0131\u011f\u0131 \u015fanl\u0131 q\u0259l\u0259b\u0259d\u0259n dan\u0131\u015faraq \u201cQ\u0131\u015f t\u0259limi-2021\u201dd\u0259 i\u015ftirak ed\u0259c\u0259k b\u00f6lm\u0259l\u0259r\u0259 u\u011furlar arzulay\u0131b.<\/p>\n\n\n\n<p>\u00c7\u0131x\u0131\u015flar\u0131n ard\u0131ndan t\u0259lim\u0259 c\u0259lb edilmi\u015f b\u00f6lm\u0259l\u0259r Nax\u00e7\u0131van \u015f\u0259h\u0259rind\u0259n S\u0259d\u0259r\u0259k s\u0259rh\u0259d-ke\u00e7id m\u0259nt\u0259q\u0259sin\u0259 do\u011fru yola d\u00fc\u015f\u00fcbl\u0259r. Araz \u00e7ay\u0131 \u00fcz\u0259rind\u0259ki \u201c\u00dcmid\u201d k\u00f6rp\u00fcs\u00fcnd\u0259n ke\u00e7\u0259n b\u00f6lm\u0259l\u0259rimiz Qars \u015f\u0259h\u0259ri istiqam\u0259tind\u0259 h\u0259r\u0259k\u0259ti davam etdiribl\u0259r.<\/p>\n\n\n\n<figure class=\"wp-block-embed is-type-video is-provider-youtube wp-block-embed-youtube wp-embed-aspect-16-9 wp-has-aspect-ratio\"><div class=\"wp-block-embed__wrapper\">\n<iframe loading=\"lazy\" title=\"\u018flahidd\u0259 \u00dcmumqo\u015fun Ordunun h\u0259rbi qulluq\u00e7ular\u0131 \u201cQ\u0131\u015f t\u0259limi-2021\u201dd\u0259 i\u015ftirak ed\u0259c\u0259k\" width=\"715\" height=\"402\" src=\"https:\/\/www.youtube.com\/embed\/pCkoI0ITEfA?feature=oembed\" frameborder=\"0\" allow=\"accelerometer; autoplay; clipboard-write; encrypted-media; gyroscope; picture-in-picture\" allowfullscreen><\/iframe>\n<\/div><\/figure>\n","protected":false},"excerpt":{"rendered":"<p>T\u00fcrkiy\u0259nin Qars \u015f\u0259h\u0259rind\u0259 ke\u00e7iril\u0259c\u0259k \u201cQ\u0131\u015f t\u0259limi-2021\u201dd\u0259 \u018flahidd\u0259 \u00dcmumqo\u015fun Ordunun h\u0259rbi qulluq\u00e7ular\u0131 da i\u015ftirak ed\u0259c\u0259k. T\u0259lim\u0259 c\u0259lb edilmi\u015f \u015f\u0259xsi hey\u0259t v\u0259 h\u0259rbi texnikalar\u0131n t\u0259lim yerin\u0259<\/p>\n","protected":false},"author":2,"featured_media":26867,"comment_status":"closed","ping_status":"closed","sticky":false,"template":"","format":"standard","meta":{"footnotes":""},"categories":[3],"tags":[],"class_list":["post-26866","post","type-post","status-publish","format-standard","has-post-thumbnail","hentry","category-gundm"],"aioseo_notices":[],"_links":{"self":[{"href":"https:\/\/fedai.az\/index.php?rest_route=\/wp\/v2\/posts\/26866","targetHints":{"allow":["GET"]}}],"collection":[{"href":"https:\/\/fedai.az\/index.php?rest_route=\/wp\/v2\/posts"}],"about":[{"href":"https:\/\/fedai.az\/index.php?rest_route=\/wp\/v2\/types\/post"}],"author":[{"embeddable":true,"href":"https:\/\/fedai.az\/index.php?rest_route=\/wp\/v2\/users\/2"}],"replies":[{"embeddable":true,"href":"https:\/\/fedai.az\/index.php?rest_route=%2Fwp%2Fv2%2Fcomments&post=26866"}],"version-history":[{"count":3,"href":"https:\/\/fedai.az\/index.php?rest_route=\/wp\/v2\/posts\/26866\/revisions"}],"predecessor-version":[{"id":26870,"href":"https:\/\/fedai.az\/index.php?rest_route=\/wp\/v2\/posts\/26866\/revisions\/26870"}],"wp:featuredmedia":[{"embeddable":true,"href":"https:\/\/fedai.az\/index.php?rest_route=\/wp\/v2\/media\/26867"}],"wp:attachment":[{"href":"https:\/\/fedai.az\/index.php?rest_route=%2Fwp%2Fv2%2Fmedia&parent=26866"}],"wp:term":[{"taxonomy":"category","embeddable":true,"href":"https:\/\/fedai.az\/index.php?rest_route=%2Fwp%2Fv2%2Fcategories&post=26866"},{"taxonomy":"post_tag","embeddable":true,"href":"https:\/\/fedai.az\/index.php?rest_route=%2Fwp%2Fv2%2Ftags&post=26866"}],"curies":[{"name":"wp","href":"https:\/\/api.w.org\/{rel}","templated":true}]}}