{"id":26876,"date":"2021-01-17T23:44:48","date_gmt":"2021-01-17T19:44:48","guid":{"rendered":"https:\/\/fedai.az\/?p=26876"},"modified":"2021-01-17T23:47:00","modified_gmt":"2021-01-17T19:47:00","slug":"%c9%99liyev-%c9%99rdogana-z%c9%99ng-edib","status":"publish","type":"post","link":"https:\/\/fedai.az\/?p=26876","title":{"rendered":"\u018fliyev \u018frdo\u011fana z\u0259ng edib"},"content":{"rendered":"\n<p><strong>Yanvar\u0131n 16-da Az\u0259rbaycan Prezidenti \u0130lham \u018fliyev T\u00fcrkiy\u0259 Prezidenti Recep Tayyip \u018frdo\u011fana telefonla z\u0259ng edib.<\/strong><\/p>\n\n\n\n<p>\u018fliyev v\u0259 \u018frdo\u011fan &#171;A\u011fdamda T\u00fcrkiy\u0259-Rusiya Birg\u0259 Monitorinq M\u0259rk\u0259zinin tezlikl\u0259 f\u0259aliyy\u0259t\u0259 ba\u015flamas\u0131ndan dan\u0131\u015f\u0131b, bu M\u0259rk\u0259zin f\u0259aliyy\u0259tinin uzunm\u00fcdd\u0259tli s\u00fclh\u00fcn t\u0259min olunmas\u0131 i\u015fin\u0259 xidm\u0259t ed\u0259c\u0259yini bildiribl\u0259r,&#187; Az\u0259rbaycan Prezidentinin M\u0259tbuat Xidm\u0259tinin m\u0259lumat\u0131nda deyilir.<\/p>\n\n\n\n<p>T\u00fcrkiy\u0259 Prezidenti bundan sonra da \u00f6lk\u0259sinin Az\u0259rbaycana d\u0259st\u0259k ver\u0259c\u0259yini vur\u011fulay\u0131b.<\/p>\n\n\n\n<p>\u0130lham \u018fliyev T\u00fcrkiy\u0259 Prezidentini i\u015f\u011faldan azad olunmu\u015f \u0259razil\u0259rd\u0259 b\u0259rpa v\u0259 yenid\u0259nqurma i\u015fl\u0259rinin ba\u015flanmas\u0131 bar\u0259d\u0259 m\u0259lumatland\u0131r\u0131b v\u0259 art\u0131q bu i\u015fl\u0259rd\u0259 T\u00fcrkiy\u0259 \u015firk\u0259tl\u0259rinin f\u0259al i\u015ftirak etdiyini m\u0259mnunluq hissi il\u0259 qeyd edib, bunun \u00f6lk\u0259l\u0259rimiz aras\u0131nda \u0259laq\u0259l\u0259rin daha da m\u00f6hk\u0259ml\u0259nm\u0259si i\u015fin\u0259 xidm\u0259t etdiyini bildirib.<\/p>\n\n\n\n<p>Recep Tayyip \u018frdo\u011fan \u0130lham \u018fliyev\u0259 m\u0259lumat\u0131na g\u00f6r\u0259 minn\u0259tdarl\u0131\u011f\u0131n\u0131 bildirib v\u0259 T\u00fcrkiy\u0259 \u015firk\u0259tl\u0259rinin Az\u0259rbaycan\u0131n i\u015f\u011faldan azad olunmu\u015f torpaqlar\u0131nda b\u0259rpa v\u0259 yenid\u0259nqurma i\u015fl\u0259rind\u0259 i\u015ftirak\u0131ndan m\u0259mnunluq ifad\u0259 edib, Bu bar\u0259d\u0259 M\u0259tbuat Xidm\u0259tinin m\u0259lumat\u0131nda deyilib.<\/p>\n","protected":false},"excerpt":{"rendered":"<p>Yanvar\u0131n 16-da Az\u0259rbaycan Prezidenti \u0130lham \u018fliyev T\u00fcrkiy\u0259 Prezidenti Recep Tayyip \u018frdo\u011fana telefonla z\u0259ng edib. \u018fliyev v\u0259 \u018frdo\u011fan &#171;A\u011fdamda T\u00fcrkiy\u0259-Rusiya Birg\u0259 Monitorinq M\u0259rk\u0259zinin tezlikl\u0259 f\u0259aliyy\u0259t\u0259<\/p>\n","protected":false},"author":2,"featured_media":26880,"comment_status":"closed","ping_status":"closed","sticky":false,"template":"","format":"standard","meta":{"footnotes":""},"categories":[1],"tags":[],"class_list":["post-26876","post","type-post","status-publish","format-standard","has-post-thumbnail","hentry","category-siyast"],"aioseo_notices":[],"_links":{"self":[{"href":"https:\/\/fedai.az\/index.php?rest_route=\/wp\/v2\/posts\/26876","targetHints":{"allow":["GET"]}}],"collection":[{"href":"https:\/\/fedai.az\/index.php?rest_route=\/wp\/v2\/posts"}],"about":[{"href":"https:\/\/fedai.az\/index.php?rest_route=\/wp\/v2\/types\/post"}],"author":[{"embeddable":true,"href":"https:\/\/fedai.az\/index.php?rest_route=\/wp\/v2\/users\/2"}],"replies":[{"embeddable":true,"href":"https:\/\/fedai.az\/index.php?rest_route=%2Fwp%2Fv2%2Fcomments&post=26876"}],"version-history":[{"count":1,"href":"https:\/\/fedai.az\/index.php?rest_route=\/wp\/v2\/posts\/26876\/revisions"}],"predecessor-version":[{"id":26878,"href":"https:\/\/fedai.az\/index.php?rest_route=\/wp\/v2\/posts\/26876\/revisions\/26878"}],"wp:featuredmedia":[{"embeddable":true,"href":"https:\/\/fedai.az\/index.php?rest_route=\/wp\/v2\/media\/26880"}],"wp:attachment":[{"href":"https:\/\/fedai.az\/index.php?rest_route=%2Fwp%2Fv2%2Fmedia&parent=26876"}],"wp:term":[{"taxonomy":"category","embeddable":true,"href":"https:\/\/fedai.az\/index.php?rest_route=%2Fwp%2Fv2%2Fcategories&post=26876"},{"taxonomy":"post_tag","embeddable":true,"href":"https:\/\/fedai.az\/index.php?rest_route=%2Fwp%2Fv2%2Ftags&post=26876"}],"curies":[{"name":"wp","href":"https:\/\/api.w.org\/{rel}","templated":true}]}}