{"id":26881,"date":"2021-01-18T00:57:38","date_gmt":"2021-01-17T20:57:38","guid":{"rendered":"https:\/\/fedai.az\/?p=26881"},"modified":"2021-01-18T00:57:40","modified_gmt":"2021-01-17T20:57:40","slug":"trampla-putinin-gorusund%c9%99-olan-t%c9%99rcum%c9%99cinin-sensassion-qeydi-%c9%99l%c9%99-kecdi","status":"publish","type":"post","link":"https:\/\/fedai.az\/?p=26881","title":{"rendered":"Trampla Putinin g\u00f6r\u00fc\u015f\u00fcnd\u0259 olan t\u0259rc\u00fcm\u0259\u00e7inin sensassion qeydi \u0259l\u0259 ke\u00e7di"},"content":{"rendered":"\n<p><strong>AB\u015e-\u0131n haz\u0131rk\u0131 prezidenti Donald Tramp prezidentliyi tarixind\u0259 onu t\u0259hdid ed\u0259 bil\u0259c\u0259k s\u0259n\u0259dl\u0259rin saxlan\u0131lmas\u0131 qaydalar\u0131na qar\u015f\u0131 ehtiyats\u0131z davran\u0131b.<\/strong><\/p>\n\n\n\n<p>Oxu24.com&nbsp; bildirir ki, bu bar\u0259d\u0259 \u201cAssociated Press\u201d x\u0259b\u0259r verir.<\/p>\n\n\n\n<p>Bildirilir ki, Tramp\u0131n &#171;s\u0259n\u0259dl\u0259ri c\u0131rmaq v\u0259 sonra atmaq v\u0259rdi\u015fi&#187; var. Bu s\u0259b\u0259bd\u0259n d\u0259 A\u011f Evin s\u0259n\u0259dl\u0259rl\u0259 i\u015fl\u0259y\u0259n \u0259m\u0259kda\u015flar\u0131 onlar\u0131 saatlarla bir-birin\u0259 yap\u0131\u015fd\u0131rmaq m\u0259cburiyy\u0259tind\u0259 qal\u0131rlar.<\/p>\n\n\n\n<p>Agentliyin bildirdiyin\u0259 g\u00f6r\u0259, A\u011f Evd\u0259ki qeydl\u0259rin d\u00fczg\u00fcn qorunmamas\u0131 il\u0259 ba\u011fl\u0131 narahatl\u0131q var.<\/p>\n\n\n\n<p>A\u011f Evin arxiv analitiki Solomon Lartie agentliy\u0259 bildirib ki, Trampa deyildi ki, bunu etm\u0259sin, amma dayand\u0131rmaq m\u00fcmk\u00fcn olmad\u0131.<\/p>\n\n\n\n<p>Agentlik, Tramp\u0131n 2017-ci ild\u0259 Hamburqda Rusiya Prezidenti Vladimir Putinl\u0259 g\u00f6r\u00fc\u015f\u00fcnd\u0259 i\u015ftirak ed\u0259n bir t\u0259rc\u00fcm\u0259\u00e7inin qeydl\u0259rini &#171;\u0259l\u0259 ke\u00e7irdiyini&#187; bildirir.<\/p>\n\n\n\n<p>Bundan ba\u015fqa, bildirilir ki, Tramp\u0131n \u0259m\u0259kda\u015flar\u0131 yaz\u0131\u015fmalar zaman\u0131 \u015f\u0259xsi e-po\u00e7tdan v\u0259&nbsp; mesajla\u015fma t\u0259tbiql\u0259rind\u0259n istifad\u0259 etdil\u0259r. Median\u0131n yazd\u0131\u011f\u0131na g\u00f6r\u0259, A\u011f Evin ke\u00e7mi\u015f m\u00fc\u015faviri Don Makqan 2017-ci ilin fevral\u0131nda Tramp\u0131n \u0259m\u0259kda\u015flar\u0131na bu c\u00fcr \u015f\u00fcbh\u0259li t\u0259tbiqetm\u0259l\u0259rd\u0259n imtina etm\u0259l\u0259rini bildirib.<\/p>\n\n\n\n<p>Bununla bel\u0259 bildirilir ki, Tramp\u0131n s\u0259n\u0259dl\u0259rin saxlanmas\u0131n\u0131 t\u0259l\u0259b ed\u0259n qaydalara \u0259m\u0259l etm\u0259m\u0259si he\u00e7 bir qanuni m\u0259suliyy\u0259t yaratm\u0131r.<\/p>\n","protected":false},"excerpt":{"rendered":"<p>AB\u015e-\u0131n haz\u0131rk\u0131 prezidenti Donald Tramp prezidentliyi tarixind\u0259 onu t\u0259hdid ed\u0259 bil\u0259c\u0259k s\u0259n\u0259dl\u0259rin saxlan\u0131lmas\u0131 qaydalar\u0131na qar\u015f\u0131 ehtiyats\u0131z davran\u0131b. Oxu24.com&nbsp; bildirir ki, bu bar\u0259d\u0259 \u201cAssociated Press\u201d<\/p>\n","protected":false},"author":2,"featured_media":26882,"comment_status":"closed","ping_status":"closed","sticky":false,"template":"","format":"standard","meta":{"footnotes":""},"categories":[1],"tags":[],"class_list":["post-26881","post","type-post","status-publish","format-standard","has-post-thumbnail","hentry","category-siyast"],"aioseo_notices":[],"_links":{"self":[{"href":"https:\/\/fedai.az\/index.php?rest_route=\/wp\/v2\/posts\/26881","targetHints":{"allow":["GET"]}}],"collection":[{"href":"https:\/\/fedai.az\/index.php?rest_route=\/wp\/v2\/posts"}],"about":[{"href":"https:\/\/fedai.az\/index.php?rest_route=\/wp\/v2\/types\/post"}],"author":[{"embeddable":true,"href":"https:\/\/fedai.az\/index.php?rest_route=\/wp\/v2\/users\/2"}],"replies":[{"embeddable":true,"href":"https:\/\/fedai.az\/index.php?rest_route=%2Fwp%2Fv2%2Fcomments&post=26881"}],"version-history":[{"count":1,"href":"https:\/\/fedai.az\/index.php?rest_route=\/wp\/v2\/posts\/26881\/revisions"}],"predecessor-version":[{"id":26883,"href":"https:\/\/fedai.az\/index.php?rest_route=\/wp\/v2\/posts\/26881\/revisions\/26883"}],"wp:featuredmedia":[{"embeddable":true,"href":"https:\/\/fedai.az\/index.php?rest_route=\/wp\/v2\/media\/26882"}],"wp:attachment":[{"href":"https:\/\/fedai.az\/index.php?rest_route=%2Fwp%2Fv2%2Fmedia&parent=26881"}],"wp:term":[{"taxonomy":"category","embeddable":true,"href":"https:\/\/fedai.az\/index.php?rest_route=%2Fwp%2Fv2%2Fcategories&post=26881"},{"taxonomy":"post_tag","embeddable":true,"href":"https:\/\/fedai.az\/index.php?rest_route=%2Fwp%2Fv2%2Ftags&post=26881"}],"curies":[{"name":"wp","href":"https:\/\/api.w.org\/{rel}","templated":true}]}}