{"id":26901,"date":"2021-01-18T01:59:08","date_gmt":"2021-01-17T21:59:08","guid":{"rendered":"https:\/\/fedai.az\/?p=26901"},"modified":"2021-01-18T01:59:11","modified_gmt":"2021-01-17T21:59:11","slug":"abs-in-yeni-vitse-prezidenti-%c9%99vv%c9%99lki-v%c9%99zif%c9%99sind%c9%99n-istefa-verdi","status":"publish","type":"post","link":"https:\/\/fedai.az\/?p=26901","title":{"rendered":"AB\u015e-\u0131n yeni vitse-prezidenti \u0259vv\u0259lki v\u0259zif\u0259sind\u0259n istefa verdi"},"content":{"rendered":"\n<p><strong>Kaliforniya \u015ftat\u0131ndan senator se\u00e7il\u0259n AB\u015e-\u0131n yeni vitse-prezidenti Kamala Harris h\u0259ft\u0259nin ilk g\u00fcn\u00fc qanunvericil\u0259rin s\u0131ralar\u0131n\u0131 t\u0259rk ed\u0259c\u0259k.<\/strong><\/p>\n\n\n\n<p><a target=\"_blank\" href=\"https:\/\/teleqraf.com\/\" rel=\"noreferrer noopener\">Teleqraf.com<\/a>&nbsp;x\u0259b\u0259r verir ki, bu bar\u0259d\u0259 \u201cHill\u201d q\u0259zeti Harrisin k\u00f6m\u0259k\u00e7il\u0259rin\u0259 istinad\u0259n m\u0259lumat yay\u0131b.<\/p>\n\n\n\n<p>Art\u0131q xan\u0131m diplomat \u015ftat\u0131n qubernatoruna r\u0259smi m\u0259ktub \u00fcnvanlay\u0131b. Onun Senatda yerini \u015ftat\u0131n v\u0259kili Aleks Padill tutacaq.<\/p>\n","protected":false},"excerpt":{"rendered":"<p>Kaliforniya \u015ftat\u0131ndan senator se\u00e7il\u0259n AB\u015e-\u0131n yeni vitse-prezidenti Kamala Harris h\u0259ft\u0259nin ilk g\u00fcn\u00fc qanunvericil\u0259rin s\u0131ralar\u0131n\u0131 t\u0259rk ed\u0259c\u0259k. Teleqraf.com&nbsp;x\u0259b\u0259r verir ki, bu bar\u0259d\u0259 \u201cHill\u201d q\u0259zeti Harrisin<\/p>\n","protected":false},"author":2,"featured_media":26902,"comment_status":"closed","ping_status":"closed","sticky":false,"template":"","format":"standard","meta":{"footnotes":""},"categories":[13],"tags":[],"class_list":["post-26901","post","type-post","status-publish","format-standard","has-post-thumbnail","hentry","category-xarici"],"aioseo_notices":[],"_links":{"self":[{"href":"https:\/\/fedai.az\/index.php?rest_route=\/wp\/v2\/posts\/26901","targetHints":{"allow":["GET"]}}],"collection":[{"href":"https:\/\/fedai.az\/index.php?rest_route=\/wp\/v2\/posts"}],"about":[{"href":"https:\/\/fedai.az\/index.php?rest_route=\/wp\/v2\/types\/post"}],"author":[{"embeddable":true,"href":"https:\/\/fedai.az\/index.php?rest_route=\/wp\/v2\/users\/2"}],"replies":[{"embeddable":true,"href":"https:\/\/fedai.az\/index.php?rest_route=%2Fwp%2Fv2%2Fcomments&post=26901"}],"version-history":[{"count":1,"href":"https:\/\/fedai.az\/index.php?rest_route=\/wp\/v2\/posts\/26901\/revisions"}],"predecessor-version":[{"id":26903,"href":"https:\/\/fedai.az\/index.php?rest_route=\/wp\/v2\/posts\/26901\/revisions\/26903"}],"wp:featuredmedia":[{"embeddable":true,"href":"https:\/\/fedai.az\/index.php?rest_route=\/wp\/v2\/media\/26902"}],"wp:attachment":[{"href":"https:\/\/fedai.az\/index.php?rest_route=%2Fwp%2Fv2%2Fmedia&parent=26901"}],"wp:term":[{"taxonomy":"category","embeddable":true,"href":"https:\/\/fedai.az\/index.php?rest_route=%2Fwp%2Fv2%2Fcategories&post=26901"},{"taxonomy":"post_tag","embeddable":true,"href":"https:\/\/fedai.az\/index.php?rest_route=%2Fwp%2Fv2%2Ftags&post=26901"}],"curies":[{"name":"wp","href":"https:\/\/api.w.org\/{rel}","templated":true}]}}