{"id":26904,"date":"2021-01-18T02:04:30","date_gmt":"2021-01-17T22:04:30","guid":{"rendered":"https:\/\/fedai.az\/?p=26904"},"modified":"2021-01-18T02:04:32","modified_gmt":"2021-01-17T22:04:32","slug":"q%c9%99nir%c9%99-pasayeva-bir-qrup-tovuzlu-qazil%c9%99rl%c9%99-gorusdu","status":"publish","type":"post","link":"https:\/\/fedai.az\/?p=26904","title":{"rendered":"Q\u0259nir\u0259 Pa\u015fayeva bir qrup tovuzlu qazil\u0259rl\u0259 g\u00f6r\u00fc\u015fd\u00fc"},"content":{"rendered":"\n<p><strong>Milli M\u0259clisin M\u0259d\u0259niyy\u0259t komit\u0259sinin s\u0259dri Q\u0259nir\u0259 Pa\u015fayeva V\u0259t\u0259n m\u00fcharib\u0259sinin Tovuz rayonundan olan bir qrup qazisi il\u0259 g\u00f6r\u00fc\u015f\u00fcb, onlar\u0131n qay\u011f\u0131lar\u0131 il\u0259 yax\u0131ndan maraqlan\u0131b.<\/strong><\/p>\n\n\n\n<p>Mill\u0259t v\u0259kili qazil\u0259r<strong> R\u0259hman R\u0259himov, \u0130slam M\u0259mm\u0259dov, Elcan M\u0259mm\u0259dov, Mirbala Abdiyev, Musa M\u00fcrs\u0259lov, Qurban \u018fl\u0259kb\u0259rli, Tural H\u0259s\u0259nov, P\u0259rvin H\u0259s\u0259novu<\/strong> d\u00fc\u015fm\u0259n \u00fcz\u0259rind\u0259 tarixi z\u0259f\u0259r m\u00fcnasib\u0259ti il\u0259 t\u0259brik edib.<\/p>\n\n\n\n<p>Q.Pa\u015fayeva bildirib ki, m\u0259hz onlar\u0131n v\u0259 can\u0131n\u0131 V\u0259t\u0259n yolunda qurban ver\u0259n \u015f\u0259hidl\u0259rimizin say\u0259sind\u0259 torpaqlar\u0131m\u0131z i\u015f\u011faldan azad edildi, 30 illik h\u0259sr\u0259t\u0259 son qoyuldu.<\/p>\n\n\n\n<p>Mill\u0259t v\u0259kili qazil\u0259r\u0259 M\u0259d\u0259niyy\u0259t Komit\u0259si ad\u0131ndan t\u0259brik m\u0259ktubu t\u0259qdim edib.<\/p>\n\n\n\n<p>Qazil\u0259r mill\u0259t v\u0259kili il\u0259 \u00f6z c\u0259bh\u0259 xatir\u0259l\u0259rini b\u00f6l\u00fc\u015f\u00fcb v\u0259 s\u0259mimi g\u00f6r\u00fc\u015f \u00fc\u00e7\u00fcn t\u0259\u015f\u0259kk\u00fcr edib.<\/p>\n","protected":false},"excerpt":{"rendered":"<p>Milli M\u0259clisin M\u0259d\u0259niyy\u0259t komit\u0259sinin s\u0259dri Q\u0259nir\u0259 Pa\u015fayeva V\u0259t\u0259n m\u00fcharib\u0259sinin Tovuz rayonundan olan bir qrup qazisi il\u0259 g\u00f6r\u00fc\u015f\u00fcb, onlar\u0131n qay\u011f\u0131lar\u0131 il\u0259 yax\u0131ndan maraqlan\u0131b. Mill\u0259t v\u0259kili<\/p>\n","protected":false},"author":2,"featured_media":26905,"comment_status":"closed","ping_status":"closed","sticky":false,"template":"","format":"standard","meta":{"footnotes":""},"categories":[5],"tags":[],"class_list":["post-26904","post","type-post","status-publish","format-standard","has-post-thumbnail","hentry","category-veteran"],"aioseo_notices":[],"_links":{"self":[{"href":"https:\/\/fedai.az\/index.php?rest_route=\/wp\/v2\/posts\/26904","targetHints":{"allow":["GET"]}}],"collection":[{"href":"https:\/\/fedai.az\/index.php?rest_route=\/wp\/v2\/posts"}],"about":[{"href":"https:\/\/fedai.az\/index.php?rest_route=\/wp\/v2\/types\/post"}],"author":[{"embeddable":true,"href":"https:\/\/fedai.az\/index.php?rest_route=\/wp\/v2\/users\/2"}],"replies":[{"embeddable":true,"href":"https:\/\/fedai.az\/index.php?rest_route=%2Fwp%2Fv2%2Fcomments&post=26904"}],"version-history":[{"count":1,"href":"https:\/\/fedai.az\/index.php?rest_route=\/wp\/v2\/posts\/26904\/revisions"}],"predecessor-version":[{"id":26906,"href":"https:\/\/fedai.az\/index.php?rest_route=\/wp\/v2\/posts\/26904\/revisions\/26906"}],"wp:featuredmedia":[{"embeddable":true,"href":"https:\/\/fedai.az\/index.php?rest_route=\/wp\/v2\/media\/26905"}],"wp:attachment":[{"href":"https:\/\/fedai.az\/index.php?rest_route=%2Fwp%2Fv2%2Fmedia&parent=26904"}],"wp:term":[{"taxonomy":"category","embeddable":true,"href":"https:\/\/fedai.az\/index.php?rest_route=%2Fwp%2Fv2%2Fcategories&post=26904"},{"taxonomy":"post_tag","embeddable":true,"href":"https:\/\/fedai.az\/index.php?rest_route=%2Fwp%2Fv2%2Ftags&post=26904"}],"curies":[{"name":"wp","href":"https:\/\/api.w.org\/{rel}","templated":true}]}}