{"id":26963,"date":"2021-01-18T15:10:20","date_gmt":"2021-01-18T11:10:20","guid":{"rendered":"https:\/\/fedai.az\/?p=26963"},"modified":"2021-01-18T23:36:08","modified_gmt":"2021-01-18T19:36:08","slug":"lsvrov-qarabagin-must%c9%99qilliyi-haqqinda-danisib","status":"publish","type":"post","link":"https:\/\/fedai.az\/?p=26963","title":{"rendered":"Lavrov Qaraba\u011f\u0131n m\u00fcst\u0259qilliyi haqq\u0131nda dan\u0131\u015f\u0131b"},"content":{"rendered":"\n<p><strong>&#171;Da\u011fl\u0131q Qaraba\u011f\u0131n m\u00fcst\u0259qilliyi he\u00e7 k\u0259s t\u0259r\u0259find\u0259n tan\u0131nmay\u0131b. Onu Erm\u0259nistan bel\u0259 tan\u0131may\u0131b&#187;.<\/strong><\/p>\n\n\n\n<p>Bunu Rusiyan\u0131n Xarici \u0130\u015fl\u0259r naziri Sergey Lavrov 2020-ci ilin yekunlar\u0131na dair ke\u00e7iril\u0259n m\u0259tbuat konfrans\u0131nda erm\u0259ni jurnalistin sual\u0131n\u0131 cavabland\u0131rark\u0259n deyib.<\/p>\n\n\n\n<p>&#171;Bizim \u00fcmumiyy\u0259tl\u0259 Da\u011fl\u0131q Qaraba\u011f\u0131n m\u00fcst\u0259qilliyini tan\u0131maqla ba\u011fl\u0131 fikrimiz yoxdur\u201d, &#8212; S.Lavrov&nbsp;vur\u011fulay\u0131b.&nbsp;<\/p>\n","protected":false},"excerpt":{"rendered":"<p>&#171;Da\u011fl\u0131q Qaraba\u011f\u0131n m\u00fcst\u0259qilliyi he\u00e7 k\u0259s t\u0259r\u0259find\u0259n tan\u0131nmay\u0131b. Onu Erm\u0259nistan bel\u0259 tan\u0131may\u0131b&#187;. Bunu Rusiyan\u0131n Xarici \u0130\u015fl\u0259r naziri Sergey Lavrov 2020-ci ilin yekunlar\u0131na dair ke\u00e7iril\u0259n m\u0259tbuat<\/p>\n","protected":false},"author":2,"featured_media":26964,"comment_status":"closed","ping_status":"closed","sticky":false,"template":"","format":"standard","meta":{"footnotes":""},"categories":[4],"tags":[],"class_list":["post-26963","post","type-post","status-publish","format-standard","has-post-thumbnail","hentry","category-qarabag"],"aioseo_notices":[],"_links":{"self":[{"href":"https:\/\/fedai.az\/index.php?rest_route=\/wp\/v2\/posts\/26963","targetHints":{"allow":["GET"]}}],"collection":[{"href":"https:\/\/fedai.az\/index.php?rest_route=\/wp\/v2\/posts"}],"about":[{"href":"https:\/\/fedai.az\/index.php?rest_route=\/wp\/v2\/types\/post"}],"author":[{"embeddable":true,"href":"https:\/\/fedai.az\/index.php?rest_route=\/wp\/v2\/users\/2"}],"replies":[{"embeddable":true,"href":"https:\/\/fedai.az\/index.php?rest_route=%2Fwp%2Fv2%2Fcomments&post=26963"}],"version-history":[{"count":2,"href":"https:\/\/fedai.az\/index.php?rest_route=\/wp\/v2\/posts\/26963\/revisions"}],"predecessor-version":[{"id":26966,"href":"https:\/\/fedai.az\/index.php?rest_route=\/wp\/v2\/posts\/26963\/revisions\/26966"}],"wp:featuredmedia":[{"embeddable":true,"href":"https:\/\/fedai.az\/index.php?rest_route=\/wp\/v2\/media\/26964"}],"wp:attachment":[{"href":"https:\/\/fedai.az\/index.php?rest_route=%2Fwp%2Fv2%2Fmedia&parent=26963"}],"wp:term":[{"taxonomy":"category","embeddable":true,"href":"https:\/\/fedai.az\/index.php?rest_route=%2Fwp%2Fv2%2Fcategories&post=26963"},{"taxonomy":"post_tag","embeddable":true,"href":"https:\/\/fedai.az\/index.php?rest_route=%2Fwp%2Fv2%2Ftags&post=26963"}],"curies":[{"name":"wp","href":"https:\/\/api.w.org\/{rel}","templated":true}]}}