{"id":26971,"date":"2021-01-19T00:19:01","date_gmt":"2021-01-18T20:19:01","guid":{"rendered":"https:\/\/fedai.az\/?p=26971"},"modified":"2021-01-19T00:19:03","modified_gmt":"2021-01-18T20:19:03","slug":"%c9%99li-h%c9%99s%c9%99nov-hazirda-ev-dustagidir-tezlikl%c9%99-h%c9%99bs-edil%c9%99c%c9%99k-aciqlama","status":"publish","type":"post","link":"https:\/\/fedai.az\/?p=26971","title":{"rendered":"&#171;\u018fli H\u0259s\u0259nov haz\u0131rda ev dusta\u011f\u0131d\u0131r, tezlikl\u0259 h\u0259bs edil\u0259c\u0259k&#187; &#8212; A\u00c7IQLAMA"},"content":{"rendered":"\n<p>\u201c\u018fli H\u0259s\u0259nov haz\u0131rda ev dusta\u011f\u0131d\u0131r, tezlikl\u0259 bar\u0259sind\u0259 h\u0259bs-q\u0259timkan t\u0259dbiri se\u00e7il\u0259 bil\u0259r\u201d.<\/p>\n\n\n\n<p><a href=\"https:\/\/konkret.az\/\" target=\"_blank\" rel=\"noreferrer noopener\"><strong>KONKRET.az<\/strong><\/a>&nbsp;x\u0259b\u0259r verir ki, bu bar\u0259d\u0259 tan\u0131nm\u0131\u015f ictimai f\u0259al Cavan\u015fir H\u0259s\u0259nli \u00f6z\u00fcn\u00fcn facebook s\u0259hif\u0259sind\u0259 yaz\u0131b.<\/p>\n\n\n\n<p>Qeyd ed\u0259k ki, bu g\u00fcn \u018fli H\u0259s\u0259nov Az\u0259rbaycana g\u0259tirildiyi bar\u0259d\u0259 yay\u0131lan x\u0259b\u0259rl\u0259rl\u0259 yenid\u0259n g\u00fcnd\u0259m\u0259 g\u0259lib. O is\u0259 \u00f6z n\u00f6vb\u0259sind\u0259 a\u00e7\u0131qlama ver\u0259r\u0259k bildirib ki, oktyabr\u0131n 1-d\u0259n etibar\u0259n Bak\u0131dad\u0131r, ev \u015f\u0259raitind\u0259 m\u00fcalic\u0259 olunur v\u0259 yarad\u0131c\u0131l\u0131q f\u0259aliyy\u0259tini davam etdirir.<\/p>\n\n\n\n<p>Xat\u0131rladaq ki, \u201cM\u0259ni he\u00e7 bir i\u015f \u00fczr\u0259, he\u00e7 bir yerd\u0259 d\u0259 sor\u011fulamay\u0131blar\u201d, \u2013 dey\u0259n \u018fli H\u0259s\u0259nov l\u0259\u011fv edilmi\u015f K\u0130VDF-nin ke\u00e7mi\u015f icra\u00e7\u0131 direktoru V\u00fcqar S\u0259f\u0259rlinin h\u0259bsind\u0259n sonra g\u00fcnd\u0259mi z\u0259bt edib.(<strong>KONKRET.az<\/strong>)<\/p>\n","protected":false},"excerpt":{"rendered":"<p>\u201c\u018fli H\u0259s\u0259nov haz\u0131rda ev dusta\u011f\u0131d\u0131r, tezlikl\u0259 bar\u0259sind\u0259 h\u0259bs-q\u0259timkan t\u0259dbiri se\u00e7il\u0259 bil\u0259r\u201d. KONKRET.az&nbsp;x\u0259b\u0259r verir ki, bu bar\u0259d\u0259 tan\u0131nm\u0131\u015f ictimai f\u0259al Cavan\u015fir H\u0259s\u0259nli \u00f6z\u00fcn\u00fcn facebook s\u0259hif\u0259sind\u0259<\/p>\n","protected":false},"author":2,"featured_media":26972,"comment_status":"closed","ping_status":"closed","sticky":false,"template":"","format":"standard","meta":{"footnotes":""},"categories":[3],"tags":[],"class_list":["post-26971","post","type-post","status-publish","format-standard","has-post-thumbnail","hentry","category-gundm"],"aioseo_notices":[],"_links":{"self":[{"href":"https:\/\/fedai.az\/index.php?rest_route=\/wp\/v2\/posts\/26971","targetHints":{"allow":["GET"]}}],"collection":[{"href":"https:\/\/fedai.az\/index.php?rest_route=\/wp\/v2\/posts"}],"about":[{"href":"https:\/\/fedai.az\/index.php?rest_route=\/wp\/v2\/types\/post"}],"author":[{"embeddable":true,"href":"https:\/\/fedai.az\/index.php?rest_route=\/wp\/v2\/users\/2"}],"replies":[{"embeddable":true,"href":"https:\/\/fedai.az\/index.php?rest_route=%2Fwp%2Fv2%2Fcomments&post=26971"}],"version-history":[{"count":1,"href":"https:\/\/fedai.az\/index.php?rest_route=\/wp\/v2\/posts\/26971\/revisions"}],"predecessor-version":[{"id":26973,"href":"https:\/\/fedai.az\/index.php?rest_route=\/wp\/v2\/posts\/26971\/revisions\/26973"}],"wp:featuredmedia":[{"embeddable":true,"href":"https:\/\/fedai.az\/index.php?rest_route=\/wp\/v2\/media\/26972"}],"wp:attachment":[{"href":"https:\/\/fedai.az\/index.php?rest_route=%2Fwp%2Fv2%2Fmedia&parent=26971"}],"wp:term":[{"taxonomy":"category","embeddable":true,"href":"https:\/\/fedai.az\/index.php?rest_route=%2Fwp%2Fv2%2Fcategories&post=26971"},{"taxonomy":"post_tag","embeddable":true,"href":"https:\/\/fedai.az\/index.php?rest_route=%2Fwp%2Fv2%2Ftags&post=26971"}],"curies":[{"name":"wp","href":"https:\/\/api.w.org\/{rel}","templated":true}]}}