{"id":26974,"date":"2021-01-19T00:25:57","date_gmt":"2021-01-18T20:25:57","guid":{"rendered":"https:\/\/fedai.az\/?p=26974"},"modified":"2021-01-19T00:27:54","modified_gmt":"2021-01-18T20:27:54","slug":"hazirliq-kurslarinin-f%c9%99aliyy%c9%99tin%c9%99-d%c9%99-icaz%c9%99-veril%c9%99c%c9%99k","status":"publish","type":"post","link":"https:\/\/fedai.az\/?p=26974","title":{"rendered":"Haz\u0131rl\u0131q kurslar\u0131n\u0131n f\u0259aliyy\u0259tin\u0259 d\u0259 icaz\u0259 veril\u0259c\u0259k"},"content":{"rendered":"\n<p><strong>Yanvar\u0131n 25-d\u0259n etibar\u0259n haz\u0131rl\u0131q kurslar\u0131n\u0131n f\u0259aliyy\u0259tin\u0259 d\u0259 icaz\u0259 veril\u0259c\u0259k.<\/strong><\/p>\n\n\n\n<p>Bu bar\u0259d\u0259 Nazirl\u0259r Kabinetinin m\u0259tbuat katibinin r\u0259hb\u0259ri \u0130brahim M\u0259mm\u0259dov m\u0259lumat verib. \u0130.M\u0259mm\u0259dov deyib ki, Nazirl\u0259r Kabineti yan\u0131nda Operativ Q\u0259rargah\u0131n karantin rejiminin yum\u015fald\u0131lmas\u0131na dair yanvar\u0131n 16-da q\u0259bul etdiyi q\u0259rarda repetitor kurslar\u0131n\u0131n f\u0259aliyy\u0259tin\u0259 icaz\u0259 verilm\u0259si d\u0259 n\u0259z\u0259rd\u0259 tutulur.<\/p>\n\n\n\n<p>Q\u0259rara \u0259sas\u0259n, f\u0259aliyy\u0259t b\u0259rpa olunan i\u015f v\u0259 xidm\u0259t sah\u0259l\u0259rinin s\u0131ras\u0131nda f\u0259rdi t\u0259dris v\u0259 repetitor xidm\u0259tl\u0259ri d\u0259 var.<\/p>\n\n\n\n<p>Repetitorlar\u0131n f\u0259aliyy\u0259rin\u0259 b\u00f6y\u00fck qruplar hal\u0131nda m\u0259\u015f\u011f\u0259l\u0259l\u0259r aparmamaqla icaz\u0259 verilir. Bel\u0259 ki, haz\u0131rl\u0131q qruplar\u0131nda maksimum 9 \u015fagird m\u0259\u015f\u011ful ola bil\u0259r, bundan art\u0131q \u015fagirdin m\u0259\u015f\u011f\u0259l\u0259l\u0259r\u0259 c\u0259lb olunmas\u0131 karantin rejiminin pozulmas\u0131 hesab edil\u0259c\u0259k.<\/p>\n","protected":false},"excerpt":{"rendered":"<p>Yanvar\u0131n 25-d\u0259n etibar\u0259n haz\u0131rl\u0131q kurslar\u0131n\u0131n f\u0259aliyy\u0259tin\u0259 d\u0259 icaz\u0259 veril\u0259c\u0259k. Bu bar\u0259d\u0259 Nazirl\u0259r Kabinetinin m\u0259tbuat katibinin r\u0259hb\u0259ri \u0130brahim M\u0259mm\u0259dov m\u0259lumat verib. \u0130.M\u0259mm\u0259dov deyib ki, Nazirl\u0259r<\/p>\n","protected":false},"author":2,"featured_media":26977,"comment_status":"closed","ping_status":"closed","sticky":false,"template":"","format":"standard","meta":{"footnotes":""},"categories":[8],"tags":[],"class_list":["post-26974","post","type-post","status-publish","format-standard","has-post-thumbnail","hentry","category-thsil"],"aioseo_notices":[],"_links":{"self":[{"href":"https:\/\/fedai.az\/index.php?rest_route=\/wp\/v2\/posts\/26974","targetHints":{"allow":["GET"]}}],"collection":[{"href":"https:\/\/fedai.az\/index.php?rest_route=\/wp\/v2\/posts"}],"about":[{"href":"https:\/\/fedai.az\/index.php?rest_route=\/wp\/v2\/types\/post"}],"author":[{"embeddable":true,"href":"https:\/\/fedai.az\/index.php?rest_route=\/wp\/v2\/users\/2"}],"replies":[{"embeddable":true,"href":"https:\/\/fedai.az\/index.php?rest_route=%2Fwp%2Fv2%2Fcomments&post=26974"}],"version-history":[{"count":1,"href":"https:\/\/fedai.az\/index.php?rest_route=\/wp\/v2\/posts\/26974\/revisions"}],"predecessor-version":[{"id":26976,"href":"https:\/\/fedai.az\/index.php?rest_route=\/wp\/v2\/posts\/26974\/revisions\/26976"}],"wp:featuredmedia":[{"embeddable":true,"href":"https:\/\/fedai.az\/index.php?rest_route=\/wp\/v2\/media\/26977"}],"wp:attachment":[{"href":"https:\/\/fedai.az\/index.php?rest_route=%2Fwp%2Fv2%2Fmedia&parent=26974"}],"wp:term":[{"taxonomy":"category","embeddable":true,"href":"https:\/\/fedai.az\/index.php?rest_route=%2Fwp%2Fv2%2Fcategories&post=26974"},{"taxonomy":"post_tag","embeddable":true,"href":"https:\/\/fedai.az\/index.php?rest_route=%2Fwp%2Fv2%2Ftags&post=26974"}],"curies":[{"name":"wp","href":"https:\/\/api.w.org\/{rel}","templated":true}]}}