{"id":26982,"date":"2021-01-19T00:34:04","date_gmt":"2021-01-18T20:34:04","guid":{"rendered":"https:\/\/fedai.az\/?p=26982"},"modified":"2021-01-19T00:34:06","modified_gmt":"2021-01-18T20:34:06","slug":"lavrovun-dediyind%c9%99n-bel%c9%99-cixdi-ki-erm%c9%99nistan-r%c9%99smil%c9%99ri-qarabaga-icaz%c9%99siz-g%c9%99lib-ged%c9%99-bil%c9%99rl%c9%99r","status":"publish","type":"post","link":"https:\/\/fedai.az\/?p=26982","title":{"rendered":"\u201cLavrovun dediyind\u0259n bel\u0259 \u00e7\u0131xd\u0131 ki, Erm\u0259nistan r\u0259smil\u0259ri Qaraba\u011fa icaz\u0259siz g\u0259lib ged\u0259 bil\u0259rl\u0259r&#187;"},"content":{"rendered":"\n<p><strong>Bu g\u00fcn Rusiya X\u0130N ba\u015f\u00e7\u0131s\u0131 Sergey Lavrov onlayn m\u0259tbuat konfrans\u0131 ke\u00e7irib. Az\u0259rbaycan t\u0259r\u0259fd\u0259n RF nazirin\u0259 veril\u0259n suallardan biri Erm\u0259nistan r\u0259smil\u0259rinin icaz\u0259siz Az\u0259rbaycana \u2013 konkret olaraq Yuxar\u0131 Qaraba\u011fa g\u0259lm\u0259si il\u0259 ba\u011fl\u0131 olub. Sergey Lavrovun bu m\u0259s\u0259l\u0259y\u0259 m\u00fcnasib\u0259ti, cavab\u0131 olduqca narahatl\u0131q yarad\u0131r. Rusiya diplomatiyas\u0131n\u0131n ba\u015f\u00e7\u0131s\u0131 10 noyabr b\u0259yanat\u0131nda bel\u0259 bir qada\u011fan\u0131n olmamas\u0131n\u0131 vur\u011fulayaraq, \u00fcmumiyy\u0259tl\u0259 \u201cQaraba\u011f erm\u0259nil\u0259ri il\u0259 Erm\u0259nistan erm\u0259nil\u0259rinin \u0259laq\u0259sin\u0259 mane olmaq kimi he\u00e7 bir m\u0259hdudiyy\u0259t n\u0259z\u0259rd\u0259 tutulmay\u0131b v\u0259 bu on ill\u0259rl\u0259 bel\u0259 olub\u201d deyib. Lavrovun Erm\u0259nistan r\u0259smil\u0259rinin s\u0259f\u0259r zaman\u0131 s\u00f6yl\u0259dikl\u0259rin\u0259 irad bildirm\u0259si is\u0259 biz\u0259 xo\u015f g\u0259lm\u0259k \u00fc\u00e7\u00fcn deyil\u0259n s\u00f6zd\u00fcr v\u0259 \u0259h\u0259miyy\u0259t da\u015f\u0131m\u0131r. Y\u0259ni, Lavrovun dediyind\u0259n bel\u0259 \u00e7\u0131xd\u0131 ki, Erm\u0259nistan r\u0259smil\u0259ri Qaraba\u011fa icaz\u0259siz g\u0259lib ged\u0259 bil\u0259rl\u0259r, amma dan\u0131\u015fanda q\u0131c\u0131qland\u0131r\u0131c\u0131 s\u00f6z dem\u0259sinl\u0259r.&nbsp;<\/strong><\/p>\n\n\n\n<p>La\u00e7\u0131n d\u0259hlizi haqq\u0131nda Lavrovun s\u00f6yl\u0259dikl\u0259rinin d\u00f6vl\u0259t s\u0259rh\u0259din\u0259 he\u00e7 bir aidiyyat\u0131 yoxdur. &nbsp;Bel\u0259 \u00e7\u0131x\u0131r ki, Az\u0259rbaycanla Erm\u0259nistan\u0131n bu b\u00f6lg\u0259d\u0259 he\u00e7 vaxt d\u00f6vl\u0259t s\u0259rh\u0259di olmayacaq. Ax\u015fam \u0130r\u0259vanda konyak i\u00e7ib \u201cged\u0259k t\u00fcrkl\u0259ri q\u0131raq, Artsax\u0131 azad ed\u0259k\u201d dey\u0259n erm\u0259nil\u0259r ma\u015f\u0131n karvan\u0131 il\u0259 g\u0259lib rus s\u00fclhm\u0259raml\u0131lar\u0131na \u201cbarev\u201d deyib ke\u00e7\u0259c\u0259k, ruslar da onlar\u0131n t\u0259hl\u00fck\u0259sizliyini La\u00e7\u0131n d\u0259hlizind\u0259 t\u0259min edib Xank\u0259ndin\u0259 q\u0259d\u0259r m\u00fc\u015fay\u0259t ed\u0259c\u0259k, n\u00f6vb\u0259ti ax\u015fam da Qaraba\u011f erm\u0259nil\u0259ri il\u0259 birlikd\u0259 yeyib-i\u00e7ib \u015eu\u015fa postuna h\u00fccum \u00e7\u0259k\u0259c\u0259kl\u0259r. Art\u0131q bel\u0259 hallar\u0131n oldu\u011funu &nbsp;Fransan\u0131n \u201c Le Monde\u201d n\u0259\u015fri d\u0259 yazm\u0131\u015fd\u0131.<\/p>\n\n\n\n<p>Lavrovun cavab\u0131 s\u0259mimi deyil. Lavrovdan soru\u015fmaq laz\u0131md\u0131r ki, Kr\u0131mda ya\u015fayan ukraynal\u0131larla Ukrayna v\u0259t\u0259nda\u015flar\u0131n\u0131n mane\u0259siz gedi\u015f-g\u0259li\u015fi \u00fc\u00e7\u00fcn bel\u0259 bir n\u0259zar\u0259tsiz s\u0259rh\u0259d \u2013 d\u0259hliz qoymusunuzmu? &nbsp;V\u0259 ya Ukrayna v\u0259t\u0259nda\u015f\u0131 ruslar Rusiyaya bel\u0259 bir d\u0259hliz \u2013 s\u0259rh\u0259dd\u0259n ke\u00e7ib getm\u0259k imkanlar\u0131na malikdirmi? Rusiyan\u0131n ucsuz bucaqs\u0131z s\u0259rh\u0259dl\u0259rind\u0259 ne\u00e7\u0259 bel\u0259 mane\u0259siz d\u0259hliz var? Donbasda da varm\u0131? Yoxsa G\u00fcrc\u00fcstan r\u0259smil\u0259ri, g\u00fcrc\u00fc v\u0259t\u0259nda\u015flar rahat \u015f\u0259kild\u0259 Abxaziyaya, C\u0259nubi Osetiyaya Rusiya \u201cs\u00fclhm\u0259raml\u0131lar\u0131n\u0131n\u201d yan\u0131ndan ke\u00e7ib gedirl\u0259r?<\/p>\n\n\n\n<p>Lavrovdan soru\u015fmaq laz\u0131md\u0131r ki, Erm\u0259nistan erm\u0259nil\u0259ri Rusiya erm\u0259nil\u0259rinin yan\u0131na ged\u0259nd\u0259 Rusiya s\u0259rh\u0259dind\u0259 d\u0259 yoxlamadan ke\u00e7m\u0259mi\u015f d\u0259hlizd\u0259n istifad\u0259 edirmi? Erm\u0259nis\u0259ns\u0259 ke\u00e7 yuxar\u0131 ba\u015fa, d\u0259hlizd\u0259n ke\u00e7. Bu n\u0259 m\u0259ntiqdir?<\/p>\n\n\n\n<p>ASALA Beyrutda ke\u00e7\u0259n ay \u015euran\u0131n iclas\u0131n\u0131 \u00e7a\u011f\u0131r\u0131b v\u0259 Qaraba\u011fa terror\u00e7ular\u0131n\u0131 \u201cs\u00fclh g\u00f6y\u0259r\u00e7ini\u201d formas\u0131nda g\u00f6nd\u0259rm\u0259yi planla\u015fd\u0131r\u0131b. Erm\u0259ni terror\u00e7ular\u0131 d\u00fcnyan\u0131n d\u00f6rd bir yan\u0131na s\u0259p\u0259l\u0259nib. Onlar g\u0259l\u0259nd\u0259 nec\u0259 olacaq?<\/p>\n\n\n\n<p>\u00dcmumiyy\u0259tl\u0259, Az\u0259rbaycan t\u0259cili d\u00f6vl\u0259t s\u0259rh\u0259dini m\u0259lum yerd\u0259 n\u0259zar\u0259t\u0259 g\u00f6t\u00fcrm\u0259lidir v\u0259 bu istiqam\u0259td\u0259 dan\u0131\u015f\u0131qlara ba\u015flamal\u0131d\u0131r. Rusiya s\u00fclhm\u0259raml\u0131lar\u0131 La\u00e7\u0131n d\u0259hlizin\u0259 n\u0259zar\u0259t edir, s\u0259rh\u0259d\u0259 yox. M\u0259s\u0259l\u0259ni g\u0259rginl\u0259\u015fdirm\u0259m\u0259k \u00fc\u00e7\u00fcn s\u0259rh\u0259d\u0259 m\u00fcv\u0259qq\u0259ti olaraq Rusiya h\u0259rb\u00e7il\u0259ri il\u0259 birg\u0259 n\u0259zar\u0259tin h\u0259yata ke\u00e7irilm\u0259sini ir\u0259li s\u00fcrm\u0259k olar. Qaraba\u011f erm\u0259nil\u0259rinin gedi\u015f-g\u0259li\u015fi d\u0259 n\u0259zar\u0259td\u0259 olmal\u0131, Erm\u0259nistan v\u0259t\u0259nda\u015flar\u0131 is\u0259 b\u00fct\u00fcn xarici \u00f6lk\u0259l\u0259r\u0259 nec\u0259 gedirl\u0259rs\u0259, Az\u0259rbaycana (burda konkret olaraq n\u0259zar\u0259t ed\u0259 bilm\u0259diyimiz \u0259razi n\u0259z\u0259rd\u0259 tutulur) &nbsp;da o c\u00fcr giri\u015f qaydas\u0131ndan istifad\u0259 etm\u0259y\u0259 m\u0259cburdurlar.<\/p>\n\n\n\n<p>Az\u0259rbaycan X\u0130N Erm\u0259istanla &nbsp;m\u0259lum &nbsp;yerd\u0259 d\u00f6vl\u0259t s\u0259rh\u0259din\u0259 n\u0259zar\u0259t m\u0259s\u0259l\u0259sini Rusiya Federasiyas\u0131 il\u0259 h\u0259ll etm\u0259k istiqam\u0259tind\u0259 yubanmadan dan\u0131\u015f\u0131qlara ba\u015flamal\u0131d\u0131r. Bir \u00f6lk\u0259nin s\u0259rh\u0259di ki, birc\u0259 yerd\u0259 bo\u015f burax\u0131ld\u0131, oradan b\u00fct\u00fcn d\u00fc\u015fm\u0259nl\u0259r istifad\u0259 ed\u0259c\u0259k. Kim qarantiya verir ki, \u0130ran y\u00fck ma\u015f\u0131nlar\u0131 \u0259vv\u0259ll\u0259r oldu\u011fu kimi yen\u0259 d\u0259 h\u0259min d\u0259hlizd\u0259n ke\u00e7ib separat\u00e7\u0131 rejim\u0259 ucuz yanacaq da\u015f\u0131mayacaq? Rusiya \u00f6z\u00fc Qaraba\u011fdak\u0131 Erm\u0259nistan silahl\u0131 q\u00fcvv\u0259l\u0259rin\u0259 m\u00fcasir silahlar verm\u0259y\u0259c\u0259k?<\/p>\n\n\n\n<p>Bel\u0259 bir m\u0259s\u0259l var: \u201cKi\u015fi evin \u00e7\u0259p\u0259ridir, ki\u015fi olmayanda ora boylanan \u00e7ox olar\u201d. \u0130ndi s\u0259rh\u0259d d\u0259 d\u00f6vl\u0259tin \u00e7\u0259p\u0259ridir, olmayanda ora soxulan \u00e7ox olacaq. (yenisabah.az)<\/p>\n","protected":false},"excerpt":{"rendered":"<p>Bu g\u00fcn Rusiya X\u0130N ba\u015f\u00e7\u0131s\u0131 Sergey Lavrov onlayn m\u0259tbuat konfrans\u0131 ke\u00e7irib. Az\u0259rbaycan t\u0259r\u0259fd\u0259n RF nazirin\u0259 veril\u0259n suallardan biri Erm\u0259nistan r\u0259smil\u0259rinin icaz\u0259siz Az\u0259rbaycana \u2013 konkret<\/p>\n","protected":false},"author":2,"featured_media":26983,"comment_status":"closed","ping_status":"closed","sticky":false,"template":"","format":"standard","meta":{"footnotes":""},"categories":[4],"tags":[],"class_list":["post-26982","post","type-post","status-publish","format-standard","has-post-thumbnail","hentry","category-qarabag"],"aioseo_notices":[],"_links":{"self":[{"href":"https:\/\/fedai.az\/index.php?rest_route=\/wp\/v2\/posts\/26982","targetHints":{"allow":["GET"]}}],"collection":[{"href":"https:\/\/fedai.az\/index.php?rest_route=\/wp\/v2\/posts"}],"about":[{"href":"https:\/\/fedai.az\/index.php?rest_route=\/wp\/v2\/types\/post"}],"author":[{"embeddable":true,"href":"https:\/\/fedai.az\/index.php?rest_route=\/wp\/v2\/users\/2"}],"replies":[{"embeddable":true,"href":"https:\/\/fedai.az\/index.php?rest_route=%2Fwp%2Fv2%2Fcomments&post=26982"}],"version-history":[{"count":1,"href":"https:\/\/fedai.az\/index.php?rest_route=\/wp\/v2\/posts\/26982\/revisions"}],"predecessor-version":[{"id":26984,"href":"https:\/\/fedai.az\/index.php?rest_route=\/wp\/v2\/posts\/26982\/revisions\/26984"}],"wp:featuredmedia":[{"embeddable":true,"href":"https:\/\/fedai.az\/index.php?rest_route=\/wp\/v2\/media\/26983"}],"wp:attachment":[{"href":"https:\/\/fedai.az\/index.php?rest_route=%2Fwp%2Fv2%2Fmedia&parent=26982"}],"wp:term":[{"taxonomy":"category","embeddable":true,"href":"https:\/\/fedai.az\/index.php?rest_route=%2Fwp%2Fv2%2Fcategories&post=26982"},{"taxonomy":"post_tag","embeddable":true,"href":"https:\/\/fedai.az\/index.php?rest_route=%2Fwp%2Fv2%2Ftags&post=26982"}],"curies":[{"name":"wp","href":"https:\/\/api.w.org\/{rel}","templated":true}]}}