{"id":26985,"date":"2021-01-19T00:40:03","date_gmt":"2021-01-18T20:40:03","guid":{"rendered":"https:\/\/fedai.az\/?p=26985"},"modified":"2021-01-19T00:40:06","modified_gmt":"2021-01-18T20:40:06","slug":"nazir-vilay%c9%99t-eyvazov-daxili-qosunlarin-v%c9%99t%c9%99n-savasindaki-itkil%c9%99rini-aciqladi","status":"publish","type":"post","link":"https:\/\/fedai.az\/?p=26985","title":{"rendered":"Nazir Vilay\u0259t Eyvazov daxili qo\u015funlar\u0131n V\u0259t\u0259n sava\u015f\u0131ndak\u0131 itkil\u0259rini a\u00e7\u0131qlad\u0131"},"content":{"rendered":"\n<p><strong>2020-ci il \u00f6z\u00fcn\u00fcn b\u00fct\u00fcn \u00e7\u0259tinlik v\u0259 probleml\u0259rin\u0259 baxmayaraq, \u00f6lk\u0259miz \u00fc\u00e7\u00fcn \u0259n u\u011furlu ill\u0259rd\u0259n biri oldu.<\/strong><\/p>\n\n\n\n<p>Bu s\u00f6zl\u0259ri Daxili \u0130\u015fl\u0259r Naziri general-polkovnik Vilay\u0259t Eyvazov bu g\u00fcn Daxili \u0130\u015fl\u0259r Nazirliyind\u0259 2020-ci ild\u0259 cinay\u0259tkarl\u0131qla m\u00fcbariz\u0259, ictimai qaydan\u0131n qorunmas\u0131 v\u0259 ictimai t\u0259hl\u00fck\u0259sizliyin t\u0259mini sah\u0259sind\u0259 f\u0259aliyy\u0259tin yekunlar\u0131na v\u0259 cari ild\u0259 qar\u015f\u0131da duran v\u0259zif\u0259l\u0259r\u0259 h\u0259sr olunan Kollegiya iclas\u0131nda \u00e7\u0131x\u0131\u015f\u0131 zaman\u0131 deyib.&nbsp;<\/p>\n\n\n\n<p>Nazir qeyd edib ki, \u00f6t\u0259n il uzun ill\u0259r i\u015f\u011fal alt\u0131nda qalan torpaqlar\u0131m\u0131z Az\u0259rbaycan Respublikas\u0131n\u0131n Prezidenti, Silahl\u0131 Q\u00fcvv\u0259l\u0259rin Ali Ba\u015f Komandan\u0131 c\u0259nab \u0130lham \u018fliyevin r\u0259hb\u0259rliyi il\u0259 ordumuz t\u0259r\u0259find\u0259n d\u00fc\u015fm\u0259nd\u0259n azad edilib:&nbsp;&#171;\u0130ll\u0259r sonra tarixi \u0259dal\u0259t b\u0259rpa olunub. Bu d\u00f6y\u00fc\u015fl\u0259rd\u0259 Daxili Qo\u015funlar\u0131n y\u00fczl\u0259rl\u0259 h\u0259rbi qulluq\u00e7usu da i\u015ftirak ed\u0259r\u0259k c\u0259sar\u0259t v\u0259 igidlik n\u00fcmun\u0259l\u0259ri g\u00f6st\u0259rib, onlardan 65 n\u0259f\u0259ri \u015f\u0259hid olub, 347 n\u0259f\u0259ri yaralan\u0131b&#187;.&nbsp;<\/p>\n\n\n\n<p>Nazirin t\u0259klifi il\u0259 Kollegiya iclas\u0131 zaman\u0131 \u015f\u0259hidl\u0259rin xatir\u0259si bir d\u0259qiq\u0259lik s\u00fckutla yad edilib.&nbsp;<\/p>\n","protected":false},"excerpt":{"rendered":"<p>2020-ci il \u00f6z\u00fcn\u00fcn b\u00fct\u00fcn \u00e7\u0259tinlik v\u0259 probleml\u0259rin\u0259 baxmayaraq, \u00f6lk\u0259miz \u00fc\u00e7\u00fcn \u0259n u\u011furlu ill\u0259rd\u0259n biri oldu. Bu s\u00f6zl\u0259ri Daxili \u0130\u015fl\u0259r Naziri general-polkovnik Vilay\u0259t Eyvazov bu<\/p>\n","protected":false},"author":2,"featured_media":26986,"comment_status":"closed","ping_status":"closed","sticky":false,"template":"","format":"standard","meta":{"footnotes":""},"categories":[4],"tags":[],"class_list":["post-26985","post","type-post","status-publish","format-standard","has-post-thumbnail","hentry","category-qarabag"],"aioseo_notices":[],"_links":{"self":[{"href":"https:\/\/fedai.az\/index.php?rest_route=\/wp\/v2\/posts\/26985","targetHints":{"allow":["GET"]}}],"collection":[{"href":"https:\/\/fedai.az\/index.php?rest_route=\/wp\/v2\/posts"}],"about":[{"href":"https:\/\/fedai.az\/index.php?rest_route=\/wp\/v2\/types\/post"}],"author":[{"embeddable":true,"href":"https:\/\/fedai.az\/index.php?rest_route=\/wp\/v2\/users\/2"}],"replies":[{"embeddable":true,"href":"https:\/\/fedai.az\/index.php?rest_route=%2Fwp%2Fv2%2Fcomments&post=26985"}],"version-history":[{"count":1,"href":"https:\/\/fedai.az\/index.php?rest_route=\/wp\/v2\/posts\/26985\/revisions"}],"predecessor-version":[{"id":26987,"href":"https:\/\/fedai.az\/index.php?rest_route=\/wp\/v2\/posts\/26985\/revisions\/26987"}],"wp:featuredmedia":[{"embeddable":true,"href":"https:\/\/fedai.az\/index.php?rest_route=\/wp\/v2\/media\/26986"}],"wp:attachment":[{"href":"https:\/\/fedai.az\/index.php?rest_route=%2Fwp%2Fv2%2Fmedia&parent=26985"}],"wp:term":[{"taxonomy":"category","embeddable":true,"href":"https:\/\/fedai.az\/index.php?rest_route=%2Fwp%2Fv2%2Fcategories&post=26985"},{"taxonomy":"post_tag","embeddable":true,"href":"https:\/\/fedai.az\/index.php?rest_route=%2Fwp%2Fv2%2Ftags&post=26985"}],"curies":[{"name":"wp","href":"https:\/\/api.w.org\/{rel}","templated":true}]}}