{"id":26996,"date":"2021-01-19T01:13:56","date_gmt":"2021-01-18T21:13:56","guid":{"rendered":"https:\/\/fedai.az\/?p=26996"},"modified":"2021-01-19T01:15:04","modified_gmt":"2021-01-18T21:15:04","slug":"ir%c9%99vanda-muharib%c9%99-hazirligi-erm%c9%99nisunas-alim-erm%c9%99ni-s%c9%99rs%c9%99mliyind%c9%99n-danisdi","status":"publish","type":"post","link":"https:\/\/fedai.az\/?p=26996","title":{"rendered":"\u0130r\u0259vanda m\u00fcharib\u0259 haz\u0131rl\u0131\u011f\u0131: Erm\u0259ni\u015f\u00fcnas alim erm\u0259ni s\u0259rs\u0259mliyind\u0259n dan\u0131\u015fd\u0131"},"content":{"rendered":"\n<p><strong>Erm\u0259nistanda v\u0259ziyy\u0259t yax\u015f\u0131 deyil, qar\u015f\u0131durma getdikc\u0259 g\u00fccl\u0259nir. Pa\u015finyan istefa verm\u0259k ist\u0259mir, parlament se\u00e7kil\u0259rinin yenid\u0259n ke\u00e7irilm\u0259sini t\u0259l\u0259b edir. Amma ona qar\u015f\u0131 q\u00fcvv\u0259l\u0259r \u00e7ox aqressivdir. Qorxurlar ki, parlament se\u00e7kil\u0259ri zaman\u0131 Pa\u015finyan saxtakarl\u0131\u011fa yol versin v\u0259 yenid\u0259n se\u00e7ilsin. Pa\u015finyan iddia edir ki, b\u0259yanat\u0131 imzalamasayd\u0131, b\u00fct\u00fcn Erm\u0259nistan m\u0259hv\u0259 do\u011fru ged\u0259c\u0259kdi.<\/strong><\/p>\n\n\n\n<p><br><strong>Bu fikirl\u0259ri a\u00e7\u0131qlamas\u0131nda BDU-nun Erm\u0259ni ara\u015fd\u0131rmalar\u0131 elmi t\u0259dqiqat v\u0259 t\u0259dris M\u0259rk\u0259zinin b\u00f6y\u00fck elmi i\u015f\u00e7isi \u0130smay\u0131l Tanr\u0131verdi Erm\u0259nistandak\u0131 v\u0259ziyy\u0259t haqq\u0131nda dan\u0131\u015fark\u0259n deyib.<\/strong><\/p>\n\n\n\n<p><br>Onun s\u00f6zl\u0259rin\u0259 g\u00f6r\u0259, haz\u0131rda Z\u0259ng\u0259zur zonas\u0131nda bir ne\u00e7\u0259 k\u0259ndin Az\u0259rbaycan\u0131n n\u0259zar\u0259tin\u0259 ke\u00e7m\u0259sini erm\u0259nil\u0259r \u00e7ox pis qar\u015f\u0131lay\u0131rlar:<\/p>\n\n\n\n<p><br>&#171;Dem\u0259k olar ki, yeni m\u00fcharib\u0259 t\u0259hl\u00fck\u0259si m\u00f6vcuddur. Erm\u0259nistanda m\u0259s\u0259l\u0259 qald\u0131r\u0131l\u0131b ki, m\u00fcharib\u0259d\u0259n \u0259vv\u0259l, t\u0259xmin\u0259n 2 milyard dollara q\u0259d\u0259r Pa\u015finyan Rusiyadan \u0259v\u0259zi \u00f6d\u0259nilm\u0259d\u0259n silah al\u0131b. Ordumuz d\u00f6y\u00fc\u015fd\u0259 bu silahlar\u0131n bir qismini m\u0259hv etdi, qalan\u0131n\u0131 q\u0259nim\u0259t olaraq g\u00f6t\u00fcrd\u00fc.<\/p>\n\n\n\n<p><br>\u018fv\u0259zini \u00e7\u0131xmaq \u00fc\u00e7\u00fcn Erm\u0259nistan r\u0259hb\u0259rliyi diaspordan pul toplamaq ist\u0259yir. Moskvadan Samir Arutunyan diaspora 5 milyon dollar pul g\u00f6nd\u0259rib. Erm\u0259ni diasporu is\u0259 Pa\u015finyan hakimiyy\u0259td\u0259 oldu\u011fu m\u00fcdd\u0259td\u0259 pul verm\u0259k ist\u0259mir. Onlar g\u00f6zl\u0259yirl\u0259r ki, Pa\u015finyan\u0131n yerin\u0259 bir namiz\u0259d olsun. Lakin h\u0259l\u0259 el\u0259 bir namiz\u0259d tapa bilmirl\u0259r\u201d.<\/p>\n\n\n\n<p><br>\u0130smay\u0131l Tanr\u0131verdi bildirib ki, d\u00fc\u015fm\u0259n t\u0259r\u0259f yenid\u0259n m\u00fcharib\u0259y\u0259 haz\u0131rl\u0131qlar g\u00f6r\u00fcr: &#171;Yeni &#171;G\u0259l\u0259c\u0259k \u0259sg\u0259r&#187; adl\u0131 d\u0259rn\u0259k yarad\u0131blar. Bu d\u0259rn\u0259y\u0259 10 ya\u015f\u0131ndan 17 ya\u015f\u0131nad\u0259k erm\u0259ni u\u015faqlar\u0131 c\u0259lb olunur. D\u0259rn\u0259y\u0259 \u0130r\u0259vandan 60-a yax\u0131n k\u00f6n\u00fcll\u00fc g\u0259lib. Komandirl\u0259rin\u0259 d\u00fcn\u0259n sual veribl\u0259r ki, d\u0259rn\u0259yin f\u0259aliyy\u0259ti nec\u0259 olacaq? Cavab\u0131nda is\u0259 m\u00fcharib\u0259y\u0259 haz\u0131rla\u015fd\u0131qlar\u0131n\u0131 deyib. B\u00fct\u00fcn Erm\u0259nistana d\u0259rn\u0259kl\u0259 ba\u011fl\u0131 elanlar verilir, x\u0259rcl\u0259ri diaspor qar\u015f\u0131lay\u0131r. Burada \u0259n vacib m\u0259s\u0259l\u0259 odur ki, d\u0259rn\u0259yin f\u0259aliyy\u0259tind\u0259 \u0259lb\u0259yaxa d\u00f6y\u00fc\u015f f\u0259ndl\u0259ri il\u0259 yana\u015f\u0131, Az\u0259rbaycan dili d\u0259 \u00f6yr\u0259dilir\u201d.<\/p>\n\n\n\n<p>\u0130smay\u0131l Tanr\u0131verdi rus s\u00fclm\u0259raml\u0131lar\u0131n\u0131n regiondak\u0131 davran\u0131\u015flar\u0131na da diqq\u0259t \u00e7\u0259kib: &#171;Rusiya s\u00fclhm\u0259raml\u0131lar\u0131n\u0131n davran\u0131\u015flar\u0131 T\u00fcrkiy\u0259ni q\u0131c\u0131qland\u0131r\u0131r. Hulusi Akar da buna \u00e7ox ciddi reaksiya verib. Erm\u0259nil\u0259r rus s\u00fclhm\u0259raml\u0131lar\u0131n\u0131 \u0259l\u0259 alma\u011fa \u00e7al\u0131\u015f\u0131rlar. M\u0259s\u0259l\u0259n, rus \u0259sg\u0259rl\u0259ri ma\u011fazadan n\u0259s\u0259 alanda onlardan \u00f6d\u0259ni\u015f t\u0259l\u0259b etmirl\u0259r. Yanvarda ruslar\u0131n erm\u0259nil\u0259ri t\u0259brik etm\u0259si d\u0259 bizd\u0259n \u00e7ox t\u00fcrkl\u0259ri q\u0131c\u0131qland\u0131rd\u0131.<\/p>\n\n\n\n<p><br>Erm\u0259ni katalikosu rus s\u00fclhm\u0259raml\u0131lar\u0131na r\u0259hb\u0259rlik ed\u0259n R\u00fcst\u0259m Muradovu Alban kils\u0259sin\u0259 apararaq, oran\u0131 erm\u0259ni kils\u0259si kimi t\u0259qdim etdi.<\/p>\n\n\n\n<p><br>Guya ordumuzun m\u00fcharib\u0259d\u0259 Xank\u0259ndin\u0259 h\u00fccum etdiyini dey\u0259r\u0259k, \u00f6zl\u0259ri \u015f\u0259h\u0259rin \u0259traf\u0131n\u0131 minalay\u0131blar. \u0130ndi h\u0259min minalar\u0131 rus \u0259sg\u0259rl\u0259rin\u0259 t\u0259mizl\u0259tm\u0259y\u0259 \u00e7al\u0131\u015f\u0131rlar. Ruslardan da bunun \u00fc\u00e7\u00fcn x\u00fcsusi minat\u0259mizl\u0259y\u0259n qruplar g\u0259tirilib. \u0130lk g\u00fcn 60 n\u0259f\u0259r deyils\u0259 d\u0259, saylar\u0131 getdikc\u0259 \u00e7oxal\u0131r\u201d.&nbsp;<\/p>\n\n\n\n<figure class=\"wp-block-embed is-type-video is-provider-youtube wp-block-embed-youtube wp-embed-aspect-16-9 wp-has-aspect-ratio\"><div class=\"wp-block-embed__wrapper\">\n<iframe loading=\"lazy\" title=\"Erm\u0259nil\u0259r inan\u0131rd\u0131 ki, art\u0131q onlar qalib g\u0259lm\u0259k \u00fczr\u0259dir - Erm\u0259ni\u015f\u00fcnas alim\" width=\"715\" height=\"402\" src=\"https:\/\/www.youtube.com\/embed\/nbNsCGMqC3Y?feature=oembed\" frameborder=\"0\" allow=\"accelerometer; autoplay; clipboard-write; encrypted-media; gyroscope; picture-in-picture\" allowfullscreen><\/iframe>\n<\/div><\/figure>\n","protected":false},"excerpt":{"rendered":"<p>Erm\u0259nistanda v\u0259ziyy\u0259t yax\u015f\u0131 deyil, qar\u015f\u0131durma getdikc\u0259 g\u00fccl\u0259nir. Pa\u015finyan istefa verm\u0259k ist\u0259mir, parlament se\u00e7kil\u0259rinin yenid\u0259n ke\u00e7irilm\u0259sini t\u0259l\u0259b edir. Amma ona qar\u015f\u0131 q\u00fcvv\u0259l\u0259r \u00e7ox aqressivdir. Qorxurlar<\/p>\n","protected":false},"author":2,"featured_media":26999,"comment_status":"closed","ping_status":"closed","sticky":false,"template":"","format":"standard","meta":{"footnotes":""},"categories":[4],"tags":[],"class_list":["post-26996","post","type-post","status-publish","format-standard","has-post-thumbnail","hentry","category-qarabag"],"aioseo_notices":[],"_links":{"self":[{"href":"https:\/\/fedai.az\/index.php?rest_route=\/wp\/v2\/posts\/26996","targetHints":{"allow":["GET"]}}],"collection":[{"href":"https:\/\/fedai.az\/index.php?rest_route=\/wp\/v2\/posts"}],"about":[{"href":"https:\/\/fedai.az\/index.php?rest_route=\/wp\/v2\/types\/post"}],"author":[{"embeddable":true,"href":"https:\/\/fedai.az\/index.php?rest_route=\/wp\/v2\/users\/2"}],"replies":[{"embeddable":true,"href":"https:\/\/fedai.az\/index.php?rest_route=%2Fwp%2Fv2%2Fcomments&post=26996"}],"version-history":[{"count":2,"href":"https:\/\/fedai.az\/index.php?rest_route=\/wp\/v2\/posts\/26996\/revisions"}],"predecessor-version":[{"id":27000,"href":"https:\/\/fedai.az\/index.php?rest_route=\/wp\/v2\/posts\/26996\/revisions\/27000"}],"wp:featuredmedia":[{"embeddable":true,"href":"https:\/\/fedai.az\/index.php?rest_route=\/wp\/v2\/media\/26999"}],"wp:attachment":[{"href":"https:\/\/fedai.az\/index.php?rest_route=%2Fwp%2Fv2%2Fmedia&parent=26996"}],"wp:term":[{"taxonomy":"category","embeddable":true,"href":"https:\/\/fedai.az\/index.php?rest_route=%2Fwp%2Fv2%2Fcategories&post=26996"},{"taxonomy":"post_tag","embeddable":true,"href":"https:\/\/fedai.az\/index.php?rest_route=%2Fwp%2Fv2%2Ftags&post=26996"}],"curies":[{"name":"wp","href":"https:\/\/api.w.org\/{rel}","templated":true}]}}